{"id":12930,"date":"2023-08-29T10:20:15","date_gmt":"2023-08-29T10:20:15","guid":{"rendered":"https:\/\/kraios.app\/news\/ekonomi\/2023\/08\/29\/borsa-istanbulda-gong-kuzugrup-gayrimenkul-yatirim-ortakligi-icin-caldi\/"},"modified":"2023-08-29T10:20:15","modified_gmt":"2023-08-29T10:20:15","slug":"borsa-istanbulda-gong-kuzugrup-gayrimenkul-yatirim-ortakligi-icin-caldi","status":"publish","type":"post","link":"https:\/\/kraios.app\/news\/ekonomi\/2023\/08\/29\/borsa-istanbulda-gong-kuzugrup-gayrimenkul-yatirim-ortakligi-icin-caldi\/","title":{"rendered":"Borsa \u0130stanbul&#8217;da gong Kuzugrup Gayrimenkul Yat\u0131r\u0131m Ortakl\u0131\u011f\u0131 i\u00e7in \u00e7ald\u0131"},"content":{"rendered":"<p> <br \/>\n<\/p>\n<div>\n<p>Kuzugrup GYO&#8217;nun gong t\u00f6reni, Borsa \u0130stanbul A\u015e Genel M\u00fcd\u00fcr\u00fc Korkmaz Ergun, Kuzugrup GYO Y\u00f6netim Kurulu Ba\u015fkan\u0131 \u00d6zen Kuzu, Tera Yat\u0131r\u0131m Menkul De\u011ferler A\u015e Y\u00f6netim Kurulu Ba\u015fkan\u0131 Emre Tezmen ve Borsa \u0130stanbul y\u00f6neticilerinin kat\u0131l\u0131m\u0131yla Borsa \u0130stanbul&#8217;da ger\u00e7ekle\u015ftirildi.<\/p>\n<p>Korkmaz Ergun, t\u00f6rende yapt\u0131\u011f\u0131 konu\u015fmada, Y\u0131ld\u0131z Pazar&#8217;da i\u015flem g\u00f6rmeye ba\u015flayan Kuzugrup GYO&#8217;nun toplam 1 milyar TL&#8217;nin \u00fczerinde halka arz b\u00fcy\u00fckl\u00fc\u011f\u00fcne ve 2 milyonu a\u015fan yat\u0131r\u0131mc\u0131ya ula\u015fan ba\u015far\u0131l\u0131 bir halka arz ger\u00e7ekle\u015ftirdi\u011fini s\u00f6yledi.<\/p>\n<p>Kuzugrup GYO&#8217;nun halka arzdan elde etti\u011fi gelirle yeni yat\u0131r\u0131mlar\u0131n\u0131 ger\u00e7ekle\u015ftirerek da\u011f\u0131t\u0131m alan\u0131n\u0131 daha da geni\u015fletece\u011fini aktaran Ergun, &#8220;Halka arz\u0131n ba\u015far\u0131yla sonu\u00e7lanmas\u0131 i\u00e7in emek harcayan herkese, t\u00fcm \u015firket \u00e7al\u0131\u015fanlar\u0131na, arac\u0131 kuruma te\u015fekk\u00fcr ediyorum. Kuzugrup GYO&#8217;ya &#8216;Borsam\u0131z ailesine ho\u015f geldiniz&#8217; diyor, sermaye piyasalar\u0131m\u0131za hay\u0131rl\u0131 olmas\u0131n\u0131 diliyorum.&#8221; diye konu\u015ftu.<\/p>\n<p>Ergun, GYO&#8217;lar\u0131n, yat\u0131r\u0131mc\u0131lar\u0131na gayrimenkul alan\u0131nda, likit bir piyasada yat\u0131r\u0131m yapma ve portf\u00f6ylerini \u00e7e\u015fitlendirme imkan\u0131 sundu\u011funu belirterek, \u015funlar\u0131 kaydetti:<\/p>\n<p>&#8220;Kuzu Grup ald\u0131\u011f\u0131 stratejik bir kararla gayrimenkul yat\u0131r\u0131m ortakl\u0131\u011f\u0131na d\u00f6n\u00fc\u015ferek, halka arz\u0131n\u0131 ger\u00e7ekle\u015ftirmi\u015f ve borsam\u0131zda i\u015flem g\u00f6rmeye ba\u015flam\u0131\u015ft\u0131r. Bu stratejik karardan dolay\u0131, kurumsalla\u015fma yolundaki bu \u00f6nemli ad\u0131mdan \u015firketin de\u011ferli y\u00f6neticilerini tebrik ediyorum. Kuzu Grup, turizm ve otelcilik yat\u0131r\u0131mlar\u0131yla \u00fclkemize d\u00f6viz kazand\u0131ran \u00f6nemli bir alanda faaliyet y\u00fcr\u00fctmektedir. Kuzu Grup&#8217;un sekt\u00f6r\u00fcndeki 80 y\u0131ll\u0131k bu tecr\u00fcbesinin \u00fczerine, Kuzugrup Gayrimenkul Yat\u0131r\u0131m Ortakl\u0131\u011f\u0131 ile bir tu\u011fla daha koymu\u015ftur. Bug\u00fcn borsada i\u015flem g\u00f6rmeye ba\u015flayarak, ba\u015far\u0131lar\u0131n\u0131 yeni ortaklar\u0131yla payla\u015facak, halka arzdan elde etti\u011fi g\u00fc\u00e7le b\u00fcy\u00fcmeye devam edecektir.&#8221;<\/p>\n<p>&#8211; &#8220;Hem kurumsalla\u015fmada hem de yeni projelerde \u00e7ok daha g\u00fc\u00e7l\u00fc bi\u00e7imde ilerleyece\u011fiz&#8221;<\/p>\n<p>\u00d6zen Kuzu da bug\u00fcn\u00fcn, 80 y\u0131ll\u0131k ge\u00e7mi\u015fe sahip Kuzu Grup i\u00e7in \u00e7ok \u00f6nemli bir g\u00fcn oldu\u011funu belirterek, &#8220;Kuzu Grup \u015firketlerinden biri ilk kez sermaye piyasalar\u0131na ad\u0131m atarak grubumuz ad\u0131na \u00f6nemli bir kilometre ta\u015f\u0131n\u0131 daha ger\u00e7ekle\u015ftiriyor. \u015eirketimiz i\u00e7in bir d\u00f6n\u00fcm noktas\u0131 olarak de\u011ferlendirdi\u011fimiz ve s\u00fcrd\u00fcr\u00fclebilir ba\u015far\u0131n\u0131n teminat\u0131 olarak g\u00f6rd\u00fc\u011f\u00fcm\u00fcz bug\u00fcn, ayn\u0131 zamanda halka arz\u0131m\u0131z\u0131 ba\u015far\u0131yla sonu\u00e7land\u0131rd\u0131\u011f\u0131m\u0131z ve yat\u0131r\u0131mc\u0131lardan b\u00fcy\u00fck ilgi g\u00f6rd\u00fc\u011f\u00fcm\u00fcz i\u00e7in olduk\u00e7a gururluyuz.&#8221; dedi.<\/p>\n<p>Halka arzlar\u0131na 5,6 kat gibi rekor bir talep geldi\u011fini vurgulayan Kuzu, \u015fu de\u011ferlendirmede bulundu:<\/p>\n<p>&#8220;Kat\u0131l\u0131mc\u0131 say\u0131s\u0131 2 milyon 114 bin 922 oldu. B\u00f6ylece Kuzugrup GYO, son d\u00f6nemde ger\u00e7ekle\u015ftirilen halka arzlar aras\u0131nda yat\u0131r\u0131mc\u0131lardan en fazla talep alan halka arzlar aras\u0131na girdi. T\u00fcm yat\u0131r\u0131mc\u0131lar\u0131m\u0131z\u0131n ilgisine ve g\u00fcvenine te\u015fekk\u00fcr ederiz. Bundan sonraki s\u00fcre\u00e7te halka arzla birlikte hem kurumsalla\u015fmada hem de yeni projelerde \u00e7ok daha g\u00fc\u00e7l\u00fc bi\u00e7imde ilerleyece\u011fimizi vurgulamak isterim.<\/p>\n<p>Kuzugrup GYO&#8217;nun portf\u00f6y\u00fcnde \u0130stanbul Atak\u00f6y&#8217;de yer alan JW Marriot Marmara Sea \u0130stanbul bulunuyor. 2022 y\u0131l\u0131nda faaliyetine ba\u015flayan bu otelimiz ile d\u00fcnyan\u0131n en g\u00fc\u00e7l\u00fc otel zincirlerinden birinin T\u00fcrkiye&#8217;de bir yat\u0131r\u0131m\u0131n\u0131 daha hayata ge\u00e7irmesine vesile olmu\u015f ve \u0130stanbul&#8217;a de\u011fer katan bir eseri hayata ge\u00e7irmenin de gururunu ya\u015fam\u0131\u015ft\u0131k. \u015eimdi de bu esere payda\u015flar\u0131m\u0131z\u0131 da ortak ediyoruz. Halka arz\u0131m\u0131zdan elde edece\u011fimiz kayna\u011f\u0131 hem bu otelimizin yat\u0131r\u0131m\u0131nda hem de bu alanda yeni yat\u0131r\u0131mlarda kullanaca\u011f\u0131z. Gelecekte de benzer konseptte farkl\u0131 projeler geli\u015ftirerek \u00fclkemize yat\u0131r\u0131m yapmaya devam edece\u011fiz. Cumhuriyetimizin 100&#8217;\u00fcnc\u00fc y\u0131l\u0131nda; T\u00fcrkiye Y\u00fczy\u0131l\u0131&#8217;nda \u00fclkemize de\u011fer katmak ve yat\u0131r\u0131mc\u0131lar\u0131m\u0131za kazand\u0131rmak i\u00e7in var g\u00fcc\u00fcm\u00fczle daha \u00e7ok \u00e7al\u0131\u015faca\u011f\u0131z.&#8221;<\/p>\n<p>&#8211; En fazla talep alan halka arzlar aras\u0131na girdi<\/p>\n<p>Tera Yat\u0131r\u0131m konsorsiyum liderli\u011finde 21-22-23 A\u011fustos tarihlerinde 20,76 TL fiyat \u00fczerinden talep toplanan halka arz\u0131n b\u00fcy\u00fckl\u00fc\u011f\u00fc 1 milyar 38 milyon TL oldu. Halka arz sonu\u00e7lar\u0131na g\u00f6re, sermaye art\u0131r\u0131m\u0131 ve ortak sat\u0131\u015f\u0131 yoluyla halka arz edilen 50 milyon TL nominal de\u011ferli paylar\u0131n 5,6 kat\u0131na denk gelen 280 milyon 244 bin 19 TL nominal de\u011ferli talep geldi.<\/p>\n<p>Yurt i\u00e7i bireysel yat\u0131r\u0131mc\u0131lara nihai tahsisat tutar\u0131n\u0131n yakla\u015f\u0131k 5,7 kat\u0131, yurt i\u00e7i kurumsal yat\u0131r\u0131mc\u0131lara nihai tahsisat tutar\u0131n\u0131n yakla\u015f\u0131k 9,1 kat\u0131 ve yurt d\u0131\u015f\u0131 kurumsal yat\u0131r\u0131mc\u0131lara nihai tahsisat tutar\u0131n\u0131n yakla\u015f\u0131k 2,6 kat\u0131 talep al\u0131nd\u0131. Bu kapsamda yurt i\u00e7i bireysel yat\u0131r\u0131mc\u0131lardan 2 milyon 114 bin 770, yurt i\u00e7i kurumsal yat\u0131r\u0131mc\u0131lardan 139, yurt d\u0131\u015f\u0131 kurumsal yat\u0131r\u0131mc\u0131lardan 13 ba\u015fvuru yap\u0131ld\u0131. B\u00f6ylece toplam 2 milyon 114 bin 922 adet ba\u015fvuru ile Kuzugrup GYO, son d\u00f6nemde ger\u00e7ekle\u015ftirilen halka arzlar aras\u0131nda yat\u0131r\u0131mc\u0131lardan en fazla talep alan halka arzlar aras\u0131na girdi. Paylar\u0131n y\u00fczde 55&#8217;i yurt i\u00e7i bireysel yat\u0131r\u0131mc\u0131lara, y\u00fczde 20&#8217;si yurt i\u00e7i kurumsal yat\u0131r\u0131mc\u0131lara, y\u00fczde 25&#8217;i ise yurt d\u0131\u015f\u0131 kurumsal yat\u0131r\u0131mc\u0131lara da\u011f\u0131t\u0131ld\u0131. \u015eirketin halka a\u00e7\u0131kl\u0131k oran\u0131 ise y\u00fczde 25 oldu.<\/p>\n<p>Kuzu Grup&#8217;un halka a\u00e7\u0131lan ilk \u015firketi olan Kuzugrup GYO, &#8220;KZGYO&#8221; koduyla Borsa \u0130stanbul Y\u0131ld\u0131z Pazar&#8217;da i\u015flem g\u00f6rmeye ba\u015flad\u0131.<\/p>\n<p>                            <span class=\"detay-foto-editor\">&#13;<br \/>\n                                <a href=\"https:\/\/www.aa.com.tr\/tr\/p\/abonelik-talep-formu\/1001\" target=\"_blank\" style=\"font-size:12px; color:#444; text-decoration:none;\" rel=\"noopener\">&#13;<br \/>\n                                    Anadolu Ajans\u0131 web sitesinde, AA Haber Ak\u0131\u015f Sistemi (HAS) \u00fczerinden abonelere sunulan haberler, \u00f6zetlenerek yay\u0131mlanmaktad\u0131r. <b style=\"color:#1897F7\">Abonelik i\u00e7in l\u00fctfen ileti\u015fime ge\u00e7iniz.<\/b>&#13;<br \/>\n                                <\/a>&#13;<br \/>\n                            <\/span>\n                        <\/div>\n<p><script>\n\t  window.fbAsyncInit = function() {\n\t\tFB.init({\n\t\t  appId: '1855843514662870',\n\t\t  status : true, \/\/ check login status\n\t\t  cookie : true, \/\/ enable cookies to allow the server to access the session\n\t\t  xfbml  : true  \/\/ parse XFBML\n\t\t});\n\t  };<\/p>\n<p>\t  (function() {\n\t\tvar e = document.createElement('script');\n\t\te.src=\"https:\/\/connect.facebook.net\/tr_TR\/all.js\";\n\t\te.async = true;\n\t\tdocument.getElementById('fb-root').appendChild(e);\n\t  }());\n    <\/script><br \/>\n<br \/><br \/>\n<br \/><a href=\"https:\/\/www.aa.com.tr\/tr\/ekonomi\/borsa-istanbulda-gong-kuzugrup-gayrimenkul-yatirim-ortakligi-icin-caldi\/2978316\">Source link <\/a><\/p>\n","protected":false},"excerpt":{"rendered":"<p>Kuzugrup GYO&#8217;nun gong t\u00f6reni, Borsa \u0130stanbul A\u015e Genel M\u00fcd\u00fcr\u00fc Korkmaz Ergun, Kuzugrup GYO Y\u00f6netim Kurulu Ba\u015fkan\u0131 \u00d6zen Kuzu, Tera Yat\u0131r\u0131m Menkul De\u011ferler A\u015e Y\u00f6netim Kurulu Ba\u015fkan\u0131 Emre Tezmen ve Borsa \u0130stanbul y\u00f6neticilerinin kat\u0131l\u0131m\u0131yla Borsa \u0130stanbul&#8217;da ger\u00e7ekle\u015ftirildi. Korkmaz Ergun, t\u00f6rende yapt\u0131\u011f\u0131 konu\u015fmada, Y\u0131ld\u0131z Pazar&#8217;da i\u015flem g\u00f6rmeye ba\u015flayan Kuzugrup GYO&#8217;nun toplam 1 milyar TL&#8217;nin \u00fczerinde halka arz [&hellip;]<\/p>\n","protected":false},"author":1,"featured_media":12931,"comment_status":"","ping_status":"","sticky":false,"template":"","format":"standard","meta":[],"categories":[44],"tags":[],"_links":{"self":[{"href":"https:\/\/kraios.app\/news\/wp-json\/wp\/v2\/posts\/12930"}],"collection":[{"href":"https:\/\/kraios.app\/news\/wp-json\/wp\/v2\/posts"}],"about":[{"href":"https:\/\/kraios.app\/news\/wp-json\/wp\/v2\/types\/post"}],"author":[{"embeddable":true,"href":"https:\/\/kraios.app\/news\/wp-json\/wp\/v2\/users\/1"}],"replies":[{"embeddable":true,"href":"https:\/\/kraios.app\/news\/wp-json\/wp\/v2\/comments?post=12930"}],"version-history":[{"count":0,"href":"https:\/\/kraios.app\/news\/wp-json\/wp\/v2\/posts\/12930\/revisions"}],"wp:featuredmedia":[{"embeddable":true,"href":"https:\/\/kraios.app\/news\/wp-json\/wp\/v2\/media\/12931"}],"wp:attachment":[{"href":"https:\/\/kraios.app\/news\/wp-json\/wp\/v2\/media?parent=12930"}],"wp:term":[{"taxonomy":"category","embeddable":true,"href":"https:\/\/kraios.app\/news\/wp-json\/wp\/v2\/categories?post=12930"},{"taxonomy":"post_tag","embeddable":true,"href":"https:\/\/kraios.app\/news\/wp-json\/wp\/v2\/tags?post=12930"}],"curies":[{"name":"wp","href":"https:\/\/api.w.org\/{rel}","templated":true}]}}