{"id":12928,"date":"2023-08-29T09:20:05","date_gmt":"2023-08-29T09:20:05","guid":{"rendered":"https:\/\/kraios.app\/news\/spor\/2023\/08\/29\/kilisli-ozel-judocular-turkiyeyi-trisome-gameste-temsil-edecek\/"},"modified":"2023-08-29T09:20:05","modified_gmt":"2023-08-29T09:20:05","slug":"kilisli-ozel-judocular-turkiyeyi-trisome-gameste-temsil-edecek","status":"publish","type":"post","link":"https:\/\/kraios.app\/news\/spor\/2023\/08\/29\/kilisli-ozel-judocular-turkiyeyi-trisome-gameste-temsil-edecek\/","title":{"rendered":"Kilisli &#8220;\u00f6zel&#8221; judocular, T\u00fcrkiye&#8217;yi Trisome Games&#8217;te temsil edecek"},"content":{"rendered":"<p><\/p>\n<div>\n<p>Demirba\u015f 4 ay, Y\u0131ld\u0131r\u0131m ise 4 y\u0131l \u00f6nce antren\u00f6r \u00d6ner \u00d6kke\u015f Buldum \u00f6nc\u00fcl\u00fc\u011f\u00fcnde Gen\u00e7lik ve Spor \u0130l M\u00fcd\u00fcrl\u00fc\u011f\u00fc b\u00fcnyesindeki judo kurslar\u0131na ba\u015flad\u0131.<\/p>\n<p>Antrenmanlar\u0131n\u0131 s\u00fcrd\u00fcren milli sporcular, 2024 y\u0131l\u0131nda Antalya&#8217;da yap\u0131lacak Trisome Games&#8217;te T\u00fcrkiye&#8217;yi ve Kilis&#8217;i temsil edecek.<\/p>\n<p>Gen\u00e7lik ve Spor \u0130l M\u00fcd\u00fcr\u00fc Metin Kaplan, AA muhabirine, iki sporcuyu tebrik etti.<\/p>\n<p><img decoding=\"async\" alt=\"\" src=\"https:\/\/www.aa.com.tr\/uploads\/userFiles\/9c85db40-ef31-40fe-a989-05c7e506d5d0\/08_2023%2F29082023%2Fkilis1_.jpg\"\/><\/p>\n<p>Her iki sporcunun da T\u00fcrkiye&#8217;yi ba\u015far\u0131yla temsil edece\u011fine inand\u0131\u011f\u0131n\u0131 belirten Kaplan, \u015f\u00f6yle konu\u015ftu:<\/p>\n<p>&#8220;Ankara&#8217;da yap\u0131lan \u00d6zel Sporcular Judo T\u00fcrkiye \u015eampiyonas\u0131&#8217;nda 90 kiloda Muhammed Demirba\u015f T\u00fcrkiye \u015fampiyonu oldu. 48 kiloda Sibel Y\u0131ld\u0131r\u0131m ise T\u00fcrkiye ikincisi oldu. Her iki sporcumuz da T\u00fcrkiye \u00d6zel Sporcular Federasyonu Milli Tak\u0131m\u0131&#8217;na davet edildi. Trisome Games, 2024 y\u0131l\u0131n\u0131n Mart ay\u0131nda Antalya&#8217;da yap\u0131lacak. Kilis&#8217;in spor tarihinde bu tarz bir organizasyona ilk kez sporcu vermenin gururunu, onurunu ya\u015f\u0131yoruz. Burada eme\u011fi ge\u00e7en antren\u00f6rlerimize, t\u00fcm \u00e7al\u0131\u015fanlar\u0131m\u0131za, federasyonumuza \u00e7ok te\u015fekk\u00fcr ediyorum.&#8221;<\/p>\n<p>Aksilik veya sakatl\u0131k ya\u015fanmamas\u0131 durumunda iki sporcunun da ba\u015far\u0131l\u0131 olaca\u011f\u0131na inand\u0131\u011f\u0131n\u0131 belirten Kaplan, kente madalya getirmenin arzusunda olduklar\u0131n\u0131 kaydetti.<\/p>\n<p>Kilis&#8217;te ba\u015far\u0131ya a\u00e7 bir gen\u00e7li\u011fin oldu\u011funu aktaran Kaplan, elde edilen ba\u015far\u0131lardan sonra spora y\u00f6nelenlerin say\u0131s\u0131n\u0131n artt\u0131\u011f\u0131n\u0131 vurgulad\u0131.<\/p>\n<p>Bir\u00e7ok spor dal\u0131nda milli tak\u0131mlara sporcu yeti\u015ftirdiklerine dikkati \u00e7eken Kaplan, farkl\u0131 bran\u015flarda T\u00fcrkiye \u015fampiyonalar\u0131nda derece elde eden ve T\u00fcrkiye rekorlar\u0131n\u0131 elinde tutan sporcular\u0131n\u0131n oldu\u011funu ifade etti.<\/p>\n<p>Kaplan, milli tak\u0131ma sporcu yeti\u015ftirmenin kolay olmad\u0131\u011f\u0131na dikkati \u00e7ekerek, &#8220;Milli tak\u0131ma sporcu yeti\u015ftirmek, sporcu vermek \u00e7ok b\u00fcy\u00fck bir azim ve gayret, \u00e7ok b\u00fcy\u00fck bir disiplin istiyor. Bu sporcular\u0131n say\u0131s\u0131n\u0131 artt\u0131rmak i\u00e7in \u00f6zellikle antren\u00f6r arkada\u015flar\u0131ma \u00e7ok b\u00fcy\u00fck i\u015f d\u00fc\u015f\u00fcyor.&#8221; de\u011ferlendirmesinde bulundu.<\/p>\n<p>                            <span class=\"detay-foto-editor\">&#13;<br \/>\n                                <a href=\"https:\/\/www.aa.com.tr\/tr\/p\/abonelik-talep-formu\/1001\" target=\"_blank\" style=\"font-size:12px; color:#444; text-decoration:none;\" rel=\"noopener\">&#13;<br \/>\n                                    Anadolu Ajans\u0131 web sitesinde, AA Haber Ak\u0131\u015f Sistemi (HAS) \u00fczerinden abonelere sunulan haberler, \u00f6zetlenerek yay\u0131mlanmaktad\u0131r. <b style=\"color:#1897F7\">Abonelik i\u00e7in l\u00fctfen ileti\u015fime ge\u00e7iniz.<\/b>&#13;<br \/>\n                                <\/a>&#13;<br \/>\n                            <\/span>\n                        <\/div>\n<p><script>\n\t  window.fbAsyncInit = function() {\n\t\tFB.init({\n\t\t  appId: '1855843514662870',\n\t\t  status : true, \/\/ check login status\n\t\t  cookie : true, \/\/ enable cookies to allow the server to access the session\n\t\t  xfbml  : true  \/\/ parse XFBML\n\t\t});\n\t  };<\/p>\n<p>\t  (function() {\n\t\tvar e = document.createElement('script');\n\t\te.src=\"https:\/\/connect.facebook.net\/tr_TR\/all.js\";\n\t\te.async = true;\n\t\tdocument.getElementById('fb-root').appendChild(e);\n\t  }());\n    <\/script><\/p>\n","protected":false},"excerpt":{"rendered":"<p>Demirba\u015f 4 ay, Y\u0131ld\u0131r\u0131m ise 4 y\u0131l \u00f6nce antren\u00f6r \u00d6ner \u00d6kke\u015f Buldum \u00f6nc\u00fcl\u00fc\u011f\u00fcnde Gen\u00e7lik ve Spor \u0130l M\u00fcd\u00fcrl\u00fc\u011f\u00fc b\u00fcnyesindeki judo kurslar\u0131na ba\u015flad\u0131. Antrenmanlar\u0131n\u0131 s\u00fcrd\u00fcren milli sporcular, 2024 y\u0131l\u0131nda Antalya&#8217;da yap\u0131lacak Trisome Games&#8217;te T\u00fcrkiye&#8217;yi ve Kilis&#8217;i temsil edecek. Gen\u00e7lik ve Spor \u0130l M\u00fcd\u00fcr\u00fc Metin Kaplan, AA muhabirine, iki sporcuyu tebrik etti. Her iki sporcunun da T\u00fcrkiye&#8217;yi [&hellip;]<\/p>\n","protected":false},"author":1,"featured_media":12929,"comment_status":"","ping_status":"","sticky":false,"template":"","format":"standard","meta":[],"categories":[48],"tags":[],"_links":{"self":[{"href":"https:\/\/kraios.app\/news\/wp-json\/wp\/v2\/posts\/12928"}],"collection":[{"href":"https:\/\/kraios.app\/news\/wp-json\/wp\/v2\/posts"}],"about":[{"href":"https:\/\/kraios.app\/news\/wp-json\/wp\/v2\/types\/post"}],"author":[{"embeddable":true,"href":"https:\/\/kraios.app\/news\/wp-json\/wp\/v2\/users\/1"}],"replies":[{"embeddable":true,"href":"https:\/\/kraios.app\/news\/wp-json\/wp\/v2\/comments?post=12928"}],"version-history":[{"count":0,"href":"https:\/\/kraios.app\/news\/wp-json\/wp\/v2\/posts\/12928\/revisions"}],"wp:featuredmedia":[{"embeddable":true,"href":"https:\/\/kraios.app\/news\/wp-json\/wp\/v2\/media\/12929"}],"wp:attachment":[{"href":"https:\/\/kraios.app\/news\/wp-json\/wp\/v2\/media?parent=12928"}],"wp:term":[{"taxonomy":"category","embeddable":true,"href":"https:\/\/kraios.app\/news\/wp-json\/wp\/v2\/categories?post=12928"},{"taxonomy":"post_tag","embeddable":true,"href":"https:\/\/kraios.app\/news\/wp-json\/wp\/v2\/tags?post=12928"}],"curies":[{"name":"wp","href":"https:\/\/api.w.org\/{rel}","templated":true}]}}