{"id":12920,"date":"2023-08-29T08:20:05","date_gmt":"2023-08-29T08:20:05","guid":{"rendered":"https:\/\/kraios.app\/news\/yasam\/2023\/08\/29\/sinopta-balikcilar-aglarini-karadenize-birakmak-icin-gun-sayiyor\/"},"modified":"2023-08-29T08:20:05","modified_gmt":"2023-08-29T08:20:05","slug":"sinopta-balikcilar-aglarini-karadenize-birakmak-icin-gun-sayiyor","status":"publish","type":"post","link":"https:\/\/kraios.app\/news\/yasam\/2023\/08\/29\/sinopta-balikcilar-aglarini-karadenize-birakmak-icin-gun-sayiyor\/","title":{"rendered":"Sinop&#8217;ta bal\u0131k\u00e7\u0131lar a\u011flar\u0131n\u0131 Karadeniz&#8217;e b\u0131rakmak i\u00e7in g\u00fcn say\u0131yor"},"content":{"rendered":"<p><\/p>\n<div>\n<p>15 Nisan&#8217;da ba\u015flayan yasa\u011f\u0131n ard\u0131ndan teknelerini k\u0131y\u0131ya \u00e7eken ve yeni sezona haz\u0131rlanan bal\u0131k\u00e7\u0131lar, yeniden denize a\u00e7\u0131lmalar\u0131na say\u0131l\u0131 g\u00fcnler kala a\u011f onar\u0131m\u0131 ve tekne bak\u0131m\u0131 gibi i\u015flemlerini tamamlad\u0131.<\/p>\n<p>Av yasa\u011f\u0131 d\u00f6nemini haz\u0131rl\u0131klarla ge\u00e7iren bal\u0131k\u00e7\u0131lar, onard\u0131klar\u0131 a\u011flar\u0131 teknelere y\u00fcklemeye ba\u015flad\u0131. <\/p>\n<p>1 Eyl\u00fcl&#8217;de &#8220;Vira bismillah&#8221; diyerek denize a\u00e7\u0131lacak bal\u0131k\u00e7\u0131lar, a\u011flar\u0131n\u0131 Karadeniz&#8217;e b\u0131rakarak nasiplerini bekleyecek. <\/p>\n<p>Sinop Merkez Su \u00dcr\u00fcnleri Kooperatif Birli\u011fi Ba\u015fkan\u0131 Nam\u0131k \u00dcnl\u00fc, AA muhabirine, av sezonuna k\u0131sa bir s\u00fcre kala heyecanl\u0131 bir tela\u015f i\u00e7inde olduklar\u0131n\u0131 s\u00f6yledi.<\/p>\n<p>Yeni sezonun bereketli olmas\u0131n\u0131 dileyen \u00dcnl\u00fc, &#8220;Palamut bu sene denizde \u00e7ok zay\u0131f g\u00f6z\u00fck\u00fcyor. Onun yerini in\u015fallah hamsi, istavrit, l\u00fcfer, \u00e7inekop gibi bal\u0131klar al\u0131rsa eme\u011fimizin kar\u015f\u0131l\u0131\u011f\u0131n\u0131 alaca\u011f\u0131m\u0131z\u0131 tahmin ediyoruz. A\u011f y\u00fckleme gibi birka\u00e7 g\u00fcnl\u00fck tela\u015femiz var. Bunlar da bittikten sonra &#8216;Vira bismillah&#8217; diyerek denize a\u00e7\u0131laca\u011f\u0131z.&#8221; diye konu\u015ftu. <\/p>\n<h3>Deniz suyu s\u0131cakl\u0131\u011f\u0131 bal\u0131k\u00e7\u0131lar\u0131 endi\u015felendiriyor<\/h3>\n<p>\u00dcnl\u00fc, eyl\u00fcl ay\u0131n\u0131n yakla\u015fmas\u0131na ra\u011fmen Karadeniz&#8217;de deniz suyu s\u0131cakl\u0131\u011f\u0131n\u0131n y\u00fcksek oldu\u011funa i\u015faret etti.<\/p>\n<p>Deniz suyunun s\u0131cak olmas\u0131n\u0131n bal\u0131k av\u0131n\u0131 olumsuz etkiledi\u011fini dile getiren \u00dcnl\u00fc, \u015f\u00f6yle devam etti: <\/p>\n<p>&#8220;Deniz suyu s\u0131caklar\u0131n\u0131n 15 ila 17 derecelere gerilemesi denizdeki bal\u0131\u011f\u0131 bolla\u015ft\u0131r\u0131r. \u015eu an var olan bal\u0131klar\u0131m\u0131z\u0131n 40-50 mil a\u00e7\u0131klarda olduklar\u0131n\u0131 tahmin ediyoruz. \u00c7\u00fcnk\u00fc bal\u0131klar\u0131n k\u0131y\u0131lara inmesi i\u00e7in deniz suyu s\u0131cakl\u0131\u011f\u0131n\u0131n mevcut halinden yar\u0131 yar\u0131ya inmesi gerekiyor. Bu avc\u0131l\u0131kta b\u00fcy\u00fck bir fakt\u00f6r tabii. Bal\u0131klar k\u0131y\u0131lara indi\u011finde sezon daha uzun ve verimli ge\u00e7ebiliyor. Bakal\u0131m 1 Eyl\u00fcl sonras\u0131 bize ne g\u00f6sterecek. Herkes gibi bizler de bir umutla, heyecanla bekliyoruz.&#8221;<\/p>\n<h3>Palamut az, g\u00f6zler hamside<\/h3>\n<p>Bal\u0131k\u00e7\u0131 Burhan Sa\u011flam da palamudun bu sezon hen\u00fcz \u00e7aparilere tak\u0131lmad\u0131\u011f\u0131n\u0131 s\u00f6yledi. <\/p>\n<p>\u00c7apariyle palamut avc\u0131l\u0131\u011f\u0131 olmamas\u0131n\u0131n bal\u0131\u011f\u0131n bu sezon az olaca\u011f\u0131na dair bir i\u015faret oldu\u011funu ifade eden Sa\u011flam, \u015f\u00f6yle konu\u015ftu:<\/p>\n<p>&#8220;Bu seneki palamut zay\u0131f g\u00f6r\u00fcn\u00fcyor. Ge\u00e7en y\u0131la bakarsak sezon \u00f6ncesi k\u00fc\u00e7\u00fck bal\u0131k\u00e7\u0131lar\u0131m\u0131z \u00e7apari ile tutuyorlard\u0131. Bu sene zay\u0131f ve tek tek g\u00f6r\u00fcn\u00fcyor. Ama havalar so\u011fudu\u011fu zaman ilerleyen zamanlarda hamsiden beklentimiz var. \u0130stavritten, \u00e7inekoptan beklentimiz var. A\u011flar\u0131m\u0131z\u0131n mantarlar\u0131n\u0131, kur\u015funlar\u0131n\u0131 tak\u0131yoruz. Personel haz\u0131rl\u0131klar\u0131m\u0131z var.&#8221; <\/p>\n<p>                            <span class=\"detay-foto-editor\">&#13;<br \/>\n                                <a href=\"https:\/\/www.aa.com.tr\/tr\/p\/abonelik-talep-formu\/1001\" target=\"_blank\" style=\"font-size:12px; color:#444; text-decoration:none;\" rel=\"noopener\">&#13;<br \/>\n                                    Anadolu Ajans\u0131 web sitesinde, AA Haber Ak\u0131\u015f Sistemi (HAS) \u00fczerinden abonelere sunulan haberler, \u00f6zetlenerek yay\u0131mlanmaktad\u0131r. <b style=\"color:#1897F7\">Abonelik i\u00e7in l\u00fctfen ileti\u015fime ge\u00e7iniz.<\/b>&#13;<br \/>\n                                <\/a>&#13;<br \/>\n                            <\/span>\n                        <\/div>\n<p><script>\n\t  window.fbAsyncInit = function() {\n\t\tFB.init({\n\t\t  appId: '1855843514662870',\n\t\t  status : true, \/\/ check login status\n\t\t  cookie : true, \/\/ enable cookies to allow the server to access the session\n\t\t  xfbml  : true  \/\/ parse XFBML\n\t\t});\n\t  };<\/p>\n<p>\t  (function() {\n\t\tvar e = document.createElement('script');\n\t\te.src=\"https:\/\/connect.facebook.net\/tr_TR\/all.js\";\n\t\te.async = true;\n\t\tdocument.getElementById('fb-root').appendChild(e);\n\t  }());\n    <\/script><\/p>\n","protected":false},"excerpt":{"rendered":"<p>15 Nisan&#8217;da ba\u015flayan yasa\u011f\u0131n ard\u0131ndan teknelerini k\u0131y\u0131ya \u00e7eken ve yeni sezona haz\u0131rlanan bal\u0131k\u00e7\u0131lar, yeniden denize a\u00e7\u0131lmalar\u0131na say\u0131l\u0131 g\u00fcnler kala a\u011f onar\u0131m\u0131 ve tekne bak\u0131m\u0131 gibi i\u015flemlerini tamamlad\u0131. Av yasa\u011f\u0131 d\u00f6nemini haz\u0131rl\u0131klarla ge\u00e7iren bal\u0131k\u00e7\u0131lar, onard\u0131klar\u0131 a\u011flar\u0131 teknelere y\u00fcklemeye ba\u015flad\u0131. 1 Eyl\u00fcl&#8217;de &#8220;Vira bismillah&#8221; diyerek denize a\u00e7\u0131lacak bal\u0131k\u00e7\u0131lar, a\u011flar\u0131n\u0131 Karadeniz&#8217;e b\u0131rakarak nasiplerini bekleyecek. Sinop Merkez Su \u00dcr\u00fcnleri [&hellip;]<\/p>\n","protected":false},"author":1,"featured_media":12921,"comment_status":"","ping_status":"","sticky":false,"template":"","format":"standard","meta":[],"categories":[50],"tags":[],"_links":{"self":[{"href":"https:\/\/kraios.app\/news\/wp-json\/wp\/v2\/posts\/12920"}],"collection":[{"href":"https:\/\/kraios.app\/news\/wp-json\/wp\/v2\/posts"}],"about":[{"href":"https:\/\/kraios.app\/news\/wp-json\/wp\/v2\/types\/post"}],"author":[{"embeddable":true,"href":"https:\/\/kraios.app\/news\/wp-json\/wp\/v2\/users\/1"}],"replies":[{"embeddable":true,"href":"https:\/\/kraios.app\/news\/wp-json\/wp\/v2\/comments?post=12920"}],"version-history":[{"count":0,"href":"https:\/\/kraios.app\/news\/wp-json\/wp\/v2\/posts\/12920\/revisions"}],"wp:featuredmedia":[{"embeddable":true,"href":"https:\/\/kraios.app\/news\/wp-json\/wp\/v2\/media\/12921"}],"wp:attachment":[{"href":"https:\/\/kraios.app\/news\/wp-json\/wp\/v2\/media?parent=12920"}],"wp:term":[{"taxonomy":"category","embeddable":true,"href":"https:\/\/kraios.app\/news\/wp-json\/wp\/v2\/categories?post=12920"},{"taxonomy":"post_tag","embeddable":true,"href":"https:\/\/kraios.app\/news\/wp-json\/wp\/v2\/tags?post=12920"}],"curies":[{"name":"wp","href":"https:\/\/api.w.org\/{rel}","templated":true}]}}