{"id":12902,"date":"2023-08-29T05:31:22","date_gmt":"2023-08-29T05:31:22","guid":{"rendered":"https:\/\/kraios.app\/news\/spor\/2023\/08\/29\/milli-voleybolcu-arslan-eksi-avrupa-voleybol-sampiyonasindaki-hedeflerini-anlatti\/"},"modified":"2023-08-29T05:31:22","modified_gmt":"2023-08-29T05:31:22","slug":"milli-voleybolcu-arslan-eksi-avrupa-voleybol-sampiyonasindaki-hedeflerini-anlatti","status":"publish","type":"post","link":"https:\/\/kraios.app\/news\/spor\/2023\/08\/29\/milli-voleybolcu-arslan-eksi-avrupa-voleybol-sampiyonasindaki-hedeflerini-anlatti\/","title":{"rendered":"Milli voleybolcu Arslan Ek\u015fi, Avrupa Voleybol \u015eampiyonas\u0131&#039;ndaki hedeflerini anlatt\u0131"},"content":{"rendered":"<p>A Milli Erkek Voleybol Tak\u0131m Kaptan\u0131 Arslan Ek\u015fi, 2023 CEV Erkekler Avrupa Voleybol \u015eampiyonas\u0131&#8217;nda ilk ma\u00e7\u0131nda Fransa ile kar\u015f\u0131la\u015facaklar\u0131n\u0131 belirleterek, &#8220;Tak\u0131m olarak ilk hedefimiz tarihe ge\u00e7mek. \u00c7eyrek final oynamak istiyoruz.&#8221; dedi.<\/p>\n","protected":false},"excerpt":{"rendered":"<p>A Milli Erkek Voleybol Tak\u0131m Kaptan\u0131 Arslan Ek\u015fi, 2023 CEV Erkekler Avrupa Voleybol \u015eampiyonas\u0131&#8217;nda ilk ma\u00e7\u0131nda Fransa ile kar\u015f\u0131la\u015facaklar\u0131n\u0131 belirleterek, &#8220;Tak\u0131m olarak ilk hedefimiz tarihe ge\u00e7mek. \u00c7eyrek final oynamak istiyoruz.&#8221; dedi.<\/p>\n","protected":false},"author":1,"featured_media":12903,"comment_status":"","ping_status":"","sticky":false,"template":"","format":"standard","meta":[],"categories":[48],"tags":[],"_links":{"self":[{"href":"https:\/\/kraios.app\/news\/wp-json\/wp\/v2\/posts\/12902"}],"collection":[{"href":"https:\/\/kraios.app\/news\/wp-json\/wp\/v2\/posts"}],"about":[{"href":"https:\/\/kraios.app\/news\/wp-json\/wp\/v2\/types\/post"}],"author":[{"embeddable":true,"href":"https:\/\/kraios.app\/news\/wp-json\/wp\/v2\/users\/1"}],"replies":[{"embeddable":true,"href":"https:\/\/kraios.app\/news\/wp-json\/wp\/v2\/comments?post=12902"}],"version-history":[{"count":0,"href":"https:\/\/kraios.app\/news\/wp-json\/wp\/v2\/posts\/12902\/revisions"}],"wp:featuredmedia":[{"embeddable":true,"href":"https:\/\/kraios.app\/news\/wp-json\/wp\/v2\/media\/12903"}],"wp:attachment":[{"href":"https:\/\/kraios.app\/news\/wp-json\/wp\/v2\/media?parent=12902"}],"wp:term":[{"taxonomy":"category","embeddable":true,"href":"https:\/\/kraios.app\/news\/wp-json\/wp\/v2\/categories?post=12902"},{"taxonomy":"post_tag","embeddable":true,"href":"https:\/\/kraios.app\/news\/wp-json\/wp\/v2\/tags?post=12902"}],"curies":[{"name":"wp","href":"https:\/\/api.w.org\/{rel}","templated":true}]}}