{"id":12898,"date":"2023-08-29T04:20:04","date_gmt":"2023-08-29T04:20:04","guid":{"rendered":"https:\/\/kraios.app\/news\/yasam\/2023\/08\/29\/sanliurfali-ogrencilerin-atik-kumastan-yaptigi-gobeklitepe-tablosu-sergilenmeye-baslandi\/"},"modified":"2023-08-29T04:20:04","modified_gmt":"2023-08-29T04:20:04","slug":"sanliurfali-ogrencilerin-atik-kumastan-yaptigi-gobeklitepe-tablosu-sergilenmeye-baslandi","status":"publish","type":"post","link":"https:\/\/kraios.app\/news\/yasam\/2023\/08\/29\/sanliurfali-ogrencilerin-atik-kumastan-yaptigi-gobeklitepe-tablosu-sergilenmeye-baslandi\/","title":{"rendered":"\u015eanl\u0131urfal\u0131 \u00f6\u011frencilerin at\u0131k kuma\u015ftan yapt\u0131\u011f\u0131 G\u00f6beklitepe tablosu sergilenmeye ba\u015fland\u0131"},"content":{"rendered":"<p>Tekstil \u0130hracat\u00e7\u0131lar\u0131 ve \u00c7al\u0131\u015fanlar\u0131 Derne\u011fince (T\u0130HCAD) d\u00fczenlenen &#8220;tarihin s\u0131f\u0131r noktas\u0131nda tekstilde s\u0131f\u0131r at\u0131k projesi&#8221; kapsam\u0131nda \u00f6\u011frencilerin kot kuma\u015f at\u0131klar\u0131ndan yapt\u0131\u011f\u0131 tablo, \u015eanl\u0131urfa&#8217;da sergilenmeye ba\u015fland\u0131.<\/p>\n","protected":false},"excerpt":{"rendered":"<p>Tekstil \u0130hracat\u00e7\u0131lar\u0131 ve \u00c7al\u0131\u015fanlar\u0131 Derne\u011fince (T\u0130HCAD) d\u00fczenlenen &#8220;tarihin s\u0131f\u0131r noktas\u0131nda tekstilde s\u0131f\u0131r at\u0131k projesi&#8221; kapsam\u0131nda \u00f6\u011frencilerin kot kuma\u015f at\u0131klar\u0131ndan yapt\u0131\u011f\u0131 tablo, \u015eanl\u0131urfa&#8217;da sergilenmeye ba\u015fland\u0131.<\/p>\n","protected":false},"author":1,"featured_media":12899,"comment_status":"","ping_status":"","sticky":false,"template":"","format":"standard","meta":[],"categories":[50],"tags":[],"_links":{"self":[{"href":"https:\/\/kraios.app\/news\/wp-json\/wp\/v2\/posts\/12898"}],"collection":[{"href":"https:\/\/kraios.app\/news\/wp-json\/wp\/v2\/posts"}],"about":[{"href":"https:\/\/kraios.app\/news\/wp-json\/wp\/v2\/types\/post"}],"author":[{"embeddable":true,"href":"https:\/\/kraios.app\/news\/wp-json\/wp\/v2\/users\/1"}],"replies":[{"embeddable":true,"href":"https:\/\/kraios.app\/news\/wp-json\/wp\/v2\/comments?post=12898"}],"version-history":[{"count":0,"href":"https:\/\/kraios.app\/news\/wp-json\/wp\/v2\/posts\/12898\/revisions"}],"wp:featuredmedia":[{"embeddable":true,"href":"https:\/\/kraios.app\/news\/wp-json\/wp\/v2\/media\/12899"}],"wp:attachment":[{"href":"https:\/\/kraios.app\/news\/wp-json\/wp\/v2\/media?parent=12898"}],"wp:term":[{"taxonomy":"category","embeddable":true,"href":"https:\/\/kraios.app\/news\/wp-json\/wp\/v2\/categories?post=12898"},{"taxonomy":"post_tag","embeddable":true,"href":"https:\/\/kraios.app\/news\/wp-json\/wp\/v2\/tags?post=12898"}],"curies":[{"name":"wp","href":"https:\/\/api.w.org\/{rel}","templated":true}]}}