{"id":12880,"date":"2023-08-29T00:20:09","date_gmt":"2023-08-29T00:20:09","guid":{"rendered":"https:\/\/kraios.app\/news\/yasam\/2023\/08\/29\/depremzede-kardesler-kendilerini-enkazdan-cikaran-itfaiye-personeliyle-bulustu\/"},"modified":"2023-08-29T00:20:09","modified_gmt":"2023-08-29T00:20:09","slug":"depremzede-kardesler-kendilerini-enkazdan-cikaran-itfaiye-personeliyle-bulustu","status":"publish","type":"post","link":"https:\/\/kraios.app\/news\/yasam\/2023\/08\/29\/depremzede-kardesler-kendilerini-enkazdan-cikaran-itfaiye-personeliyle-bulustu\/","title":{"rendered":"Depremzede karde\u015fler, kendilerini enkazdan \u00e7\u0131karan itfaiye personeliyle bulu\u015ftu"},"content":{"rendered":"<p>Kahramanmara\u015f merkezli depremler s\u0131ras\u0131nda G\u00f6ksun il\u00e7esinde enkazdan \u00e7\u0131kar\u0131lan iki karde\u015f, babalar\u0131yla K\u0131r\u0131kkale Belediyesi \u0130tfaiye M\u00fcd\u00fcrl\u00fc\u011f\u00fcn\u00fc ziyaret etti.<\/p>\n","protected":false},"excerpt":{"rendered":"<p>Kahramanmara\u015f merkezli depremler s\u0131ras\u0131nda G\u00f6ksun il\u00e7esinde enkazdan \u00e7\u0131kar\u0131lan iki karde\u015f, babalar\u0131yla K\u0131r\u0131kkale Belediyesi \u0130tfaiye M\u00fcd\u00fcrl\u00fc\u011f\u00fcn\u00fc ziyaret etti.<\/p>\n","protected":false},"author":1,"featured_media":12881,"comment_status":"","ping_status":"","sticky":false,"template":"","format":"standard","meta":[],"categories":[50],"tags":[],"_links":{"self":[{"href":"https:\/\/kraios.app\/news\/wp-json\/wp\/v2\/posts\/12880"}],"collection":[{"href":"https:\/\/kraios.app\/news\/wp-json\/wp\/v2\/posts"}],"about":[{"href":"https:\/\/kraios.app\/news\/wp-json\/wp\/v2\/types\/post"}],"author":[{"embeddable":true,"href":"https:\/\/kraios.app\/news\/wp-json\/wp\/v2\/users\/1"}],"replies":[{"embeddable":true,"href":"https:\/\/kraios.app\/news\/wp-json\/wp\/v2\/comments?post=12880"}],"version-history":[{"count":0,"href":"https:\/\/kraios.app\/news\/wp-json\/wp\/v2\/posts\/12880\/revisions"}],"wp:featuredmedia":[{"embeddable":true,"href":"https:\/\/kraios.app\/news\/wp-json\/wp\/v2\/media\/12881"}],"wp:attachment":[{"href":"https:\/\/kraios.app\/news\/wp-json\/wp\/v2\/media?parent=12880"}],"wp:term":[{"taxonomy":"category","embeddable":true,"href":"https:\/\/kraios.app\/news\/wp-json\/wp\/v2\/categories?post=12880"},{"taxonomy":"post_tag","embeddable":true,"href":"https:\/\/kraios.app\/news\/wp-json\/wp\/v2\/tags?post=12880"}],"curies":[{"name":"wp","href":"https:\/\/api.w.org\/{rel}","templated":true}]}}