{"id":12872,"date":"2023-08-28T20:20:04","date_gmt":"2023-08-28T20:20:04","guid":{"rendered":"https:\/\/kraios.app\/news\/spor\/2023\/08\/28\/ispanyada-gorevden-alinan-futbol-federasyonu-baskani-rubialesle-ilgili-tartismalar-suruyor\/"},"modified":"2023-08-28T20:20:04","modified_gmt":"2023-08-28T20:20:04","slug":"ispanyada-gorevden-alinan-futbol-federasyonu-baskani-rubialesle-ilgili-tartismalar-suruyor","status":"publish","type":"post","link":"https:\/\/kraios.app\/news\/spor\/2023\/08\/28\/ispanyada-gorevden-alinan-futbol-federasyonu-baskani-rubialesle-ilgili-tartismalar-suruyor\/","title":{"rendered":"\u0130spanya&#8217;da g\u00f6revden al\u0131nan Futbol Federasyonu Ba\u015fkan\u0131 Rubiales&#8217;le ilgili tart\u0131\u015fmalar s\u00fcr\u00fcyor"},"content":{"rendered":"<p><\/p>\n<div>\n<p>D\u00fcnya \u015fampiyonu olan \u0130spanya Kad\u0131n Milli Futbol Tak\u0131m\u0131 oyuncular\u0131ndan Jennifer Hermoso&#8217;yu duda\u011f\u0131ndan \u00f6pt\u00fc\u011f\u00fc i\u00e7in istifas\u0131 istenen ve FIFA taraf\u0131ndan a\u00e7\u0131lan soru\u015fturma kapsam\u0131nda ge\u00e7ici olarak g\u00f6revinden uzakla\u015ft\u0131r\u0131lan eski \u0130spanya Futbol Federasyonu (RFEF) Ba\u015fkan\u0131 Luis Rubiales, \u0130spanya g\u00fcndeminin ilk s\u0131ras\u0131nda yer al\u0131yor.<\/p>\n<p>Rubiales&#8217;in tebrik s\u0131ras\u0131nda bir kad\u0131n sporcuyu duda\u011f\u0131ndan \u00f6pmesiyle ba\u015flayan tart\u0131\u015fmalar, \u00fclkede kad\u0131n-erkek e\u015fitsizli\u011fi, sporda kad\u0131na y\u00f6nelik cinsel taciz ve benzeri konular\u0131 g\u00fcndeme getirdi. <\/p>\n<p>\u0130spanya&#8217;da hafta sonundan itibaren gerek bir\u00e7ok spor m\u00fcsabakas\u0131nda gerekse konserlerde Hermoso&#8217;ya destek veren pankartlar a\u00e7\u0131ld\u0131.<\/p>\n<p>Ulusal Mahkeme Savc\u0131l\u0131\u011f\u0131 da Hermoso&#8217;ya kar\u015f\u0131 olas\u0131 bir &#8220;cinsel taciz&#8221; su\u00e7lamas\u0131yla Rubiales hakk\u0131nda bug\u00fcn soru\u015fturma a\u00e7arken, \u0130spanyol futbolcuyu taraf olup su\u00e7 duyurusunda bulunmaya \u00e7a\u011f\u0131rd\u0131.<\/p>\n<p>Sporda \u015eeffafl\u0131k ve Demokrasi Derne\u011fi ise Hermoso&#8217;ya cinsel taciz uygulad\u0131\u011f\u0131 iddias\u0131yla Rubiales hakk\u0131nda 30 y\u0131l kamu g\u00f6revinden men ve 16 bin 500 avro para cezas\u0131 talebiyle dava a\u00e7\u0131lmas\u0131 i\u00e7in mahkemeye ba\u015fvurdu.<\/p>\n<h3>Spor Tahkim Mahkemesine ba\u015fvurdular<\/h3>\n<p>K\u00fclt\u00fcr ve Spor Bakanl\u0131\u011f\u0131na ba\u011fl\u0131 Spor Y\u00fcksek Konseyinin (CSD) Ba\u015fkan\u0131 Victor Francos da d\u00fczenledi\u011fi bas\u0131n toplant\u0131s\u0131nda, Spor Tahkim Mahkemesine yapt\u0131klar\u0131 ba\u015fvurudan hen\u00fcz cevap alamad\u0131klar\u0131 ama Rubiales&#8217;in ihtiyati olarak g\u00f6revden al\u0131nmas\u0131 i\u00e7in gerekli ko\u015fullar\u0131n oldu\u011funu savundu.<\/p>\n<p>CSD Ba\u015fkan\u0131, Rubiales olay\u0131ndan dolay\u0131 \u0130spanya&#8217;n\u0131n 2030 D\u00fcnya Kupas\u0131&#8217;n\u0131 organize etmek i\u00e7in sundu\u011fu adayl\u0131\u011f\u0131 zarar g\u00f6rd\u00fc\u011f\u00fcn\u00fc, 1 Ocak 2024&#8217;ten itibaren \u0130spanyol federasyonlar\u0131n\u0131n t\u00fcm y\u00f6netim kadrosunun en az y\u00fczde 40&#8217;\u0131n\u0131n kad\u0131n olaca\u011f\u0131n\u0131 ve RFEF&#8217;in yap\u0131s\u0131n\u0131n de\u011fi\u015fmek zorunda oldu\u011funu s\u00f6yledi.<\/p>\n<p>CSD taraf\u0131ndan &#8220;yetkinin k\u00f6t\u00fcye kullan\u0131lmas\u0131 ve sportif adaba ayk\u0131r\u0131 giri\u015fim&#8221; ile su\u00e7lanan Rubiales&#8217;in Spor Tahkim Mahkemesi taraf\u0131ndan su\u00e7lu bulunmas\u0131 halinde RFEF ba\u015fkanl\u0131\u011f\u0131ndan tamamen al\u0131nma, 2 ile 15 y\u0131l aras\u0131nda kamu g\u00f6revinden men ve 3 bin ile 30 bin avro aras\u0131nda para cezas\u0131 alma olas\u0131l\u0131klar\u0131 bulunuyor.<\/p>\n<h3>Rubiales&#8217;in annesi a\u00e7l\u0131k grevine ba\u015flad\u0131<\/h3>\n<p>Bu arada Rubiales&#8217;in annesi Angeles Bejar, ya\u015fad\u0131\u011f\u0131 Granada kentinin Motril il\u00e7esinde kendisini kiliseye kapatarak, &#8220;adaletin yerini bulup o\u011flunun su\u00e7suzlu\u011fu belli olana kadar&#8221; a\u00e7l\u0131k grevi yapaca\u011f\u0131n\u0131 a\u00e7\u0131klad\u0131.<\/p>\n<p>Bejar, o\u011fluna kar\u015f\u0131 &#8220;insanl\u0131k d\u0131\u015f\u0131 bir cad\u0131 av\u0131 ba\u015flat\u0131ld\u0131\u011f\u0131n\u0131&#8221; ileri s\u00fcrd\u00fc. Kilise \u00f6n\u00fcnde toplanan Rubiales&#8217;in yak\u0131nlar\u0131 ile ve baz\u0131 vatanda\u015flar da destek i\u00e7in g\u00f6steri yapt\u0131.<\/p>\n<p>G\u00f6stericiler, Hermoso&#8217;nun \u015fimdiye kadar \u00fc\u00e7 kez ifade de\u011fi\u015ftirdi\u011fini belirtip, milli futbolcuya kutlama s\u0131ras\u0131ndaki olayla ilgili &#8220;do\u011fruyu s\u00f6yleme&#8221; \u00e7a\u011fr\u0131s\u0131 yapt\u0131.<\/p>\n<h3>Hermoso&#8217;ya destek<\/h3>\n<p>Ba\u015fkent Madrid&#8217;de toplanan feminist bir grup ise Hermoso&#8217;ya destek verdi.<\/p>\n<p>Rubiales&#8217;in \u00f6rnek bir ceza almas\u0131 istenen Madrid&#8217;deki g\u00f6steriye Ba\u015fbakan Yard\u0131mc\u0131s\u0131 ve Sumar Partisinin lideri Yolanda Diaz ile Sosyalist \u0130\u015f\u00e7i Partili E\u011fitim Bakan\u0131 Pilar Alegria da kat\u0131ld\u0131.<\/p>\n<h3>Milli tak\u0131m teknik direkt\u00f6rleri de ele\u015ftiriyor<\/h3>\n<p>\u00d6te yandan Rubiales&#8217;in 25 A\u011fustos Cuma g\u00fcn\u00fc RFEF Genel Kurulu ola\u011fan\u00fcst\u00fc toplant\u0131s\u0131nda yapt\u0131\u011f\u0131 ve istifa etmeyece\u011fini a\u00e7\u0131klad\u0131\u011f\u0131 konu\u015fmas\u0131n\u0131 alk\u0131\u015flayan \u0130spanya Erkek Milli Futbol Tak\u0131m\u0131 teknik direkt\u00f6r\u00fc Luis de la Fuente ve Kad\u0131n Milli Tak\u0131m Teknik Direkt\u00f6r\u00fc Jorge Vilda da ele\u015ftirildi.<\/p>\n<p>FIFA&#8217;n\u0131n karar\u0131ndan ve \u0130spanya&#8217;daki bask\u0131lardan sonra De la Fuente ve Vilda ayr\u0131 ayr\u0131 yapt\u0131klar\u0131 yaz\u0131l\u0131 a\u00e7\u0131klamalarda, Rubiales&#8217;in kutlamalar s\u0131ras\u0131ndaki hareketlerinin &#8220;uygunsuz oldu\u011funu&#8221; ifade etseler de kendilerine y\u00f6nelik tepkileri \u00f6nleyemediler.<\/p>\n<p>FIFA Kad\u0131nlar D\u00fcnya Kupas\u0131&#8217;n\u0131n 20 A\u011fustos&#8217;taki finalinde \u0130ngiltere&#8217;yi 1-0 yenerek tarihinde ilk defa d\u00fcnya \u015fampiyonu olan \u0130spanya Kad\u0131n Milli Futbol Tak\u0131m\u0131&#8217;n\u0131n Sidney&#8217;deki ma\u00e7 sonras\u0131ndaki madalya t\u00f6reni ve kutlamalar s\u0131ras\u0131nda RFEF Ba\u015fkan\u0131 Rubiales&#8217;in baz\u0131 hareketleri tepki alm\u0131\u015ft\u0131.<\/p>\n<p>\u0130spanya&#8217;n\u0131n ma\u00e7\u0131 kazanmas\u0131n\u0131n ard\u0131ndan sevin\u00e7 g\u00f6sterisi s\u0131ras\u0131nda \u015feref trib\u00fcn\u00fcnden uygunsuz hareketler yapan Rubiales, daha sonra madalya t\u00f6reninde \u0130spanyol futbolcu Jennifer Hermoso&#8217;yu duda\u011f\u0131ndan \u00f6pm\u00fc\u015ft\u00fc.<\/p>\n<p>Konuyla ilgili soru\u015fturma a\u00e7an FIFA Disiplin Kurulu, 26 A\u011fustos&#8217;ta Rubiales&#8217;i ge\u00e7ici olarak g\u00f6revden ald\u0131\u011f\u0131n\u0131 duyurmu\u015ftu.<\/p>\n<p>                            <span class=\"detay-foto-editor\">&#13;<br \/>\n                                <a href=\"https:\/\/www.aa.com.tr\/tr\/p\/abonelik-talep-formu\/1001\" target=\"_blank\" style=\"font-size:12px; color:#444; text-decoration:none;\" rel=\"noopener\">&#13;<br \/>\n                                    Anadolu Ajans\u0131 web sitesinde, AA Haber Ak\u0131\u015f Sistemi (HAS) \u00fczerinden abonelere sunulan haberler, \u00f6zetlenerek yay\u0131mlanmaktad\u0131r. <b style=\"color:#1897F7\">Abonelik i\u00e7in l\u00fctfen ileti\u015fime ge\u00e7iniz.<\/b>&#13;<br \/>\n                                <\/a>&#13;<br \/>\n                            <\/span>\n                        <\/div>\n<p><script>\n\t  window.fbAsyncInit = function() {\n\t\tFB.init({\n\t\t  appId: '1855843514662870',\n\t\t  status : true, \/\/ check login status\n\t\t  cookie : true, \/\/ enable cookies to allow the server to access the session\n\t\t  xfbml  : true  \/\/ parse XFBML\n\t\t});\n\t  };<\/p>\n<p>\t  (function() {\n\t\tvar e = document.createElement('script');\n\t\te.src=\"https:\/\/connect.facebook.net\/tr_TR\/all.js\";\n\t\te.async = true;\n\t\tdocument.getElementById('fb-root').appendChild(e);\n\t  }());\n    <\/script><\/p>\n","protected":false},"excerpt":{"rendered":"<p>D\u00fcnya \u015fampiyonu olan \u0130spanya Kad\u0131n Milli Futbol Tak\u0131m\u0131 oyuncular\u0131ndan Jennifer Hermoso&#8217;yu duda\u011f\u0131ndan \u00f6pt\u00fc\u011f\u00fc i\u00e7in istifas\u0131 istenen ve FIFA taraf\u0131ndan a\u00e7\u0131lan soru\u015fturma kapsam\u0131nda ge\u00e7ici olarak g\u00f6revinden uzakla\u015ft\u0131r\u0131lan eski \u0130spanya Futbol Federasyonu (RFEF) Ba\u015fkan\u0131 Luis Rubiales, \u0130spanya g\u00fcndeminin ilk s\u0131ras\u0131nda yer al\u0131yor. Rubiales&#8217;in tebrik s\u0131ras\u0131nda bir kad\u0131n sporcuyu duda\u011f\u0131ndan \u00f6pmesiyle ba\u015flayan tart\u0131\u015fmalar, \u00fclkede kad\u0131n-erkek e\u015fitsizli\u011fi, sporda kad\u0131na [&hellip;]<\/p>\n","protected":false},"author":1,"featured_media":12873,"comment_status":"","ping_status":"","sticky":false,"template":"","format":"standard","meta":[],"categories":[48],"tags":[],"_links":{"self":[{"href":"https:\/\/kraios.app\/news\/wp-json\/wp\/v2\/posts\/12872"}],"collection":[{"href":"https:\/\/kraios.app\/news\/wp-json\/wp\/v2\/posts"}],"about":[{"href":"https:\/\/kraios.app\/news\/wp-json\/wp\/v2\/types\/post"}],"author":[{"embeddable":true,"href":"https:\/\/kraios.app\/news\/wp-json\/wp\/v2\/users\/1"}],"replies":[{"embeddable":true,"href":"https:\/\/kraios.app\/news\/wp-json\/wp\/v2\/comments?post=12872"}],"version-history":[{"count":0,"href":"https:\/\/kraios.app\/news\/wp-json\/wp\/v2\/posts\/12872\/revisions"}],"wp:featuredmedia":[{"embeddable":true,"href":"https:\/\/kraios.app\/news\/wp-json\/wp\/v2\/media\/12873"}],"wp:attachment":[{"href":"https:\/\/kraios.app\/news\/wp-json\/wp\/v2\/media?parent=12872"}],"wp:term":[{"taxonomy":"category","embeddable":true,"href":"https:\/\/kraios.app\/news\/wp-json\/wp\/v2\/categories?post=12872"},{"taxonomy":"post_tag","embeddable":true,"href":"https:\/\/kraios.app\/news\/wp-json\/wp\/v2\/tags?post=12872"}],"curies":[{"name":"wp","href":"https:\/\/api.w.org\/{rel}","templated":true}]}}