{"id":12857,"date":"2023-08-28T17:20:05","date_gmt":"2023-08-28T17:20:05","guid":{"rendered":"https:\/\/kraios.app\/news\/spor\/2023\/08\/28\/elimizden-gelenin-en-iyisini-yapip-galibiyetle-donmeyi-umuyoruz\/"},"modified":"2023-08-28T17:20:05","modified_gmt":"2023-08-28T17:20:05","slug":"elimizden-gelenin-en-iyisini-yapip-galibiyetle-donmeyi-umuyoruz","status":"publish","type":"post","link":"https:\/\/kraios.app\/news\/spor\/2023\/08\/28\/elimizden-gelenin-en-iyisini-yapip-galibiyetle-donmeyi-umuyoruz\/","title":{"rendered":"Elimizden gelenin en iyisini yap\u0131p galibiyetle d\u00f6nmeyi umuyoruz"},"content":{"rendered":"<p><\/p>\n<div>\n<p>Kar\u015f\u0131la\u015fma \u00f6ncesinde ma\u00e7\u0131n oynanaca\u011f\u0131 RAMS Park&#8217;ta d\u00fczenlenen bas\u0131n toplant\u0131s\u0131na teknik direkt\u00f6r Moe&#8217;nin yan\u0131 s\u0131ra bir d\u00f6nem Galatasaray formas\u0131 giyen Martin Linnes kat\u0131ld\u0131.<\/p>\n<p>Sahalar\u0131nda iyi oynamalar\u0131na ra\u011fmen 3-2 yenildiklerini belirten Moe, &#8220;Umar\u0131m ilk ma\u00e7ta g\u00f6sterdi\u011fimiz performans\u0131 bir defa daha g\u00f6sterme \u015fans\u0131 buluruz. \u0130ki tak\u0131m\u0131n da ofansif, kazanmak i\u00e7in oynayaca\u011f\u0131 bir ma\u00e7 bekliyorum. Yar\u0131nki ma\u00e7ta deneyimleyece\u011fimiz atmosferi ve taraftar\u0131 Martin Linnes bize tarif etti. Elimizden gelenin en iyisini yap\u0131p buradan galibiyetle d\u00f6nmeyi umuyoruz.&#8221; diye konu\u015ftu.<\/p>\n<p>UEFA \u015eampiyonlar Ligi&#8217;nde gruplara kalmalar\u0131 durumunda b\u00fcy\u00fck bir ba\u015far\u0131 yakalayacaklar\u0131n\u0131 aktaran Moe, &#8220;Sakiniz. Kazanman\u0131n zor oldu\u011funu biliyoruz ama bir plan\u0131m\u0131z var. Galatasaray&#8217;a kar\u015f\u0131 en iyisini yaparak bu zorlu\u011fun \u00fcstesinden gelmeyi umuyoruz.&#8221; ifadelerini kulland\u0131.<\/p>\n<p>Norve\u00e7li teknik adam, g\u00fc\u00e7l\u00fc tak\u0131mlara kar\u015f\u0131 iyi savunma yapt\u0131klar\u0131n\u0131 vurgulayarak, &#8220;Zor gol yiyen bir tak\u0131m olmaya \u00e7al\u0131\u015f\u0131yoruz. Yar\u0131n da \u00f6yle olmas\u0131n\u0131 umuyorum. Umar\u0131m yar\u0131n Icardi g\u00fcn\u00fcnde olmaz. Sadece umudum bu.&#8221; \u015feklinde g\u00f6r\u00fc\u015f belirtti.<\/p>\n<p>Erling Moe, &#8220;Icardi&#8217;ye \u00f6zel bir \u00f6nlem almay\u0131 d\u00fc\u015f\u00fcn\u00fcyor musunuz?&#8221; \u015feklindeki soruya, &#8220;Hay\u0131r.&#8221; yan\u0131t\u0131n\u0131 verdi.<\/p>\n<h3>Linnes: Benim i\u00e7in \u00e7ok \u00f6zel bir g\u00fcn olacak<\/h3>\n<p>Galatasaray&#8217;da yakla\u015f\u0131k 5,5 sezon top ko\u015fturan Martin Linnes, kendisi i\u00e7in \u00f6zel bir ma\u00e7 oldu\u011funu s\u00f6yledi.<\/p>\n<p>\u0130stanbul&#8217;daki atmosferi ya\u015fad\u0131\u011f\u0131 i\u00e7in \u015fansl\u0131 oldu\u011funu aktaran Linnes, &#8220;B\u00f6yle bir atmosferde oynaman\u0131n ne oldu\u011funu biliyorum. Herkeste b\u00f6yle bir \u015fans yok. Tak\u0131m arkada\u015flar\u0131m\u0131n b\u00f6yle bir deneyimi yok. Ben burada oynama deneyimine sahibim.&#8221; diye konu\u015ftu.<\/p>\n<p>Sakatl\u0131\u011f\u0131 nedeniyle forma giyemedi\u011fi ilk ma\u00e7ta tak\u0131mlar\u0131n\u0131n iyi bir performans sergiledi\u011fini anlatan Norve\u00e7li futbolcu, &#8220;Yar\u0131n iyi bir tak\u0131m oldu\u011fumuzu g\u00f6stermeye \u00e7al\u0131\u015faca\u011f\u0131z. \u0130lk ma\u00e7ta oldu\u011fu gibi co\u015fkuyla oynarsak buradan iyi bir skorla d\u00f6nece\u011fimizi d\u00fc\u015f\u00fcn\u00fcyorum.&#8221; ifadelerini kulland\u0131.<\/p>\n<p>Martin Linnes, Galatasaray ile e\u015fle\u015ftiklerinde \u015fa\u015f\u0131rd\u0131\u011f\u0131n\u0131 dile getirerek, &#8220;Benim i\u00e7in \u00e7ok \u00f6zel bir g\u00fcn olacak. Hem kul\u00fcp hem tak\u0131m arkada\u015flar\u0131m hem de benim i\u00e7in b\u00fcy\u00fck bir f\u0131rsat. \u00c7ok \u00f6nemli bir ma\u00e7 olacak. Eski evimde, tak\u0131m arkada\u015flar\u0131mla, kul\u00fcp \u00e7al\u0131\u015fanlar\u0131yla tekrar kar\u015f\u0131la\u015faca\u011f\u0131m. Galatasaray&#8217;a kar\u015f\u0131 oynayaca\u011f\u0131m\u0131z\u0131n haberini ald\u0131\u011f\u0131mda inanamam\u0131\u015ft\u0131m, \u00e7ok \u015fa\u015f\u0131rm\u0131\u015ft\u0131m. Umar\u0131m baca\u011f\u0131mdaki sakatl\u0131k iyile\u015fir. Ben de yar\u0131n sahada olup bu \u00f6zel an\u0131 ya\u015far\u0131m. Oynayamazsam da bir taraftar olarak onlar\u0131n yan\u0131nda olaca\u011f\u0131m.&#8221; de\u011ferlendirmesinde bulundu.<\/p>\n<h3>Haz\u0131rl\u0131klar tamam<\/h3>\n<p>Molde, yar\u0131n saat 22.00&#8217;de ba\u015flayacak kar\u015f\u0131la\u015fman\u0131n haz\u0131rl\u0131klar\u0131n\u0131 tamamlad\u0131.<\/p>\n<p>RAMS Park&#8217;ta yap\u0131lan antrenman\u0131n ilk 15 dakikas\u0131 bas\u0131na a\u00e7\u0131k tutuldu.<\/p>\n<p>Teknik direkt\u00f6r Moe y\u00f6netimindeki antrenman \u0131s\u0131nma hareketleriyle ba\u015flad\u0131. \u0130ki grup halindeki top kapma \u00e7al\u0131\u015fmas\u0131yla devam eden idman\u0131n bas\u0131na kapal\u0131 b\u00f6l\u00fcm\u00fcnde Galatasaray ma\u00e7\u0131n\u0131n taktik uygulamalar\u0131 \u00fczerinde duruldu\u011fu bildirildi.<\/p>\n<p>Sakatl\u0131\u011f\u0131 nedeniyle ilk ma\u00e7ta forma giyemeyen Martin Linnes, tak\u0131mdan ayr\u0131 \u00e7al\u0131\u015ft\u0131.<\/p>\n<p>                            <span class=\"detay-foto-editor\">&#13;<br \/>\n                                <a href=\"https:\/\/www.aa.com.tr\/tr\/p\/abonelik-talep-formu\/1001\" target=\"_blank\" style=\"font-size:12px; color:#444; text-decoration:none;\" rel=\"noopener\">&#13;<br \/>\n                                    Anadolu Ajans\u0131 web sitesinde, AA Haber Ak\u0131\u015f Sistemi (HAS) \u00fczerinden abonelere sunulan haberler, \u00f6zetlenerek yay\u0131mlanmaktad\u0131r. <b style=\"color:#1897F7\">Abonelik i\u00e7in l\u00fctfen ileti\u015fime ge\u00e7iniz.<\/b>&#13;<br \/>\n                                <\/a>&#13;<br \/>\n                            <\/span>\n                        <\/div>\n<p><script>\n\t  window.fbAsyncInit = function() {\n\t\tFB.init({\n\t\t  appId: '1855843514662870',\n\t\t  status : true, \/\/ check login status\n\t\t  cookie : true, \/\/ enable cookies to allow the server to access the session\n\t\t  xfbml  : true  \/\/ parse XFBML\n\t\t});\n\t  };<\/p>\n<p>\t  (function() {\n\t\tvar e = document.createElement('script');\n\t\te.src=\"https:\/\/connect.facebook.net\/tr_TR\/all.js\";\n\t\te.async = true;\n\t\tdocument.getElementById('fb-root').appendChild(e);\n\t  }());\n    <\/script><\/p>\n","protected":false},"excerpt":{"rendered":"<p>Kar\u015f\u0131la\u015fma \u00f6ncesinde ma\u00e7\u0131n oynanaca\u011f\u0131 RAMS Park&#8217;ta d\u00fczenlenen bas\u0131n toplant\u0131s\u0131na teknik direkt\u00f6r Moe&#8217;nin yan\u0131 s\u0131ra bir d\u00f6nem Galatasaray formas\u0131 giyen Martin Linnes kat\u0131ld\u0131. Sahalar\u0131nda iyi oynamalar\u0131na ra\u011fmen 3-2 yenildiklerini belirten Moe, &#8220;Umar\u0131m ilk ma\u00e7ta g\u00f6sterdi\u011fimiz performans\u0131 bir defa daha g\u00f6sterme \u015fans\u0131 buluruz. \u0130ki tak\u0131m\u0131n da ofansif, kazanmak i\u00e7in oynayaca\u011f\u0131 bir ma\u00e7 bekliyorum. Yar\u0131nki ma\u00e7ta deneyimleyece\u011fimiz atmosferi [&hellip;]<\/p>\n","protected":false},"author":1,"featured_media":12858,"comment_status":"","ping_status":"","sticky":false,"template":"","format":"standard","meta":[],"categories":[48],"tags":[],"_links":{"self":[{"href":"https:\/\/kraios.app\/news\/wp-json\/wp\/v2\/posts\/12857"}],"collection":[{"href":"https:\/\/kraios.app\/news\/wp-json\/wp\/v2\/posts"}],"about":[{"href":"https:\/\/kraios.app\/news\/wp-json\/wp\/v2\/types\/post"}],"author":[{"embeddable":true,"href":"https:\/\/kraios.app\/news\/wp-json\/wp\/v2\/users\/1"}],"replies":[{"embeddable":true,"href":"https:\/\/kraios.app\/news\/wp-json\/wp\/v2\/comments?post=12857"}],"version-history":[{"count":0,"href":"https:\/\/kraios.app\/news\/wp-json\/wp\/v2\/posts\/12857\/revisions"}],"wp:featuredmedia":[{"embeddable":true,"href":"https:\/\/kraios.app\/news\/wp-json\/wp\/v2\/media\/12858"}],"wp:attachment":[{"href":"https:\/\/kraios.app\/news\/wp-json\/wp\/v2\/media?parent=12857"}],"wp:term":[{"taxonomy":"category","embeddable":true,"href":"https:\/\/kraios.app\/news\/wp-json\/wp\/v2\/categories?post=12857"},{"taxonomy":"post_tag","embeddable":true,"href":"https:\/\/kraios.app\/news\/wp-json\/wp\/v2\/tags?post=12857"}],"curies":[{"name":"wp","href":"https:\/\/api.w.org\/{rel}","templated":true}]}}