{"id":12853,"date":"2023-08-28T16:20:10","date_gmt":"2023-08-28T16:20:10","guid":{"rendered":"https:\/\/kraios.app\/news\/yasam\/2023\/08\/28\/ispanyol-gazetesi-turk-mutfaginin-geleneksel-ve-saglikli-yemegi-cilbiri-tanitti\/"},"modified":"2023-08-28T16:20:10","modified_gmt":"2023-08-28T16:20:10","slug":"ispanyol-gazetesi-turk-mutfaginin-geleneksel-ve-saglikli-yemegi-cilbiri-tanitti","status":"publish","type":"post","link":"https:\/\/kraios.app\/news\/yasam\/2023\/08\/28\/ispanyol-gazetesi-turk-mutfaginin-geleneksel-ve-saglikli-yemegi-cilbiri-tanitti\/","title":{"rendered":"\u0130spanyol gazetesi T\u00fcrk mutfa\u011f\u0131n\u0131n &quot;geleneksel ve sa\u011fl\u0131kl\u0131 yeme\u011fi&quot; \u00e7\u0131lb\u0131r\u0131 tan\u0131tt\u0131"},"content":{"rendered":"<p>Osmanl\u0131 mutfa\u011f\u0131ndan g\u00fcn\u00fcm\u00fcze kadar gelen, T\u00fcrk mutfa\u011f\u0131n\u0131n pratik yemeklerinden \u00e7\u0131lb\u0131r, bir \u0130spanyol gazetesinde tan\u0131t\u0131ld\u0131.<\/p>\n","protected":false},"excerpt":{"rendered":"<p>Osmanl\u0131 mutfa\u011f\u0131ndan g\u00fcn\u00fcm\u00fcze kadar gelen, T\u00fcrk mutfa\u011f\u0131n\u0131n pratik yemeklerinden \u00e7\u0131lb\u0131r, bir \u0130spanyol gazetesinde tan\u0131t\u0131ld\u0131.<\/p>\n","protected":false},"author":1,"featured_media":12854,"comment_status":"","ping_status":"","sticky":false,"template":"","format":"standard","meta":[],"categories":[50],"tags":[],"_links":{"self":[{"href":"https:\/\/kraios.app\/news\/wp-json\/wp\/v2\/posts\/12853"}],"collection":[{"href":"https:\/\/kraios.app\/news\/wp-json\/wp\/v2\/posts"}],"about":[{"href":"https:\/\/kraios.app\/news\/wp-json\/wp\/v2\/types\/post"}],"author":[{"embeddable":true,"href":"https:\/\/kraios.app\/news\/wp-json\/wp\/v2\/users\/1"}],"replies":[{"embeddable":true,"href":"https:\/\/kraios.app\/news\/wp-json\/wp\/v2\/comments?post=12853"}],"version-history":[{"count":0,"href":"https:\/\/kraios.app\/news\/wp-json\/wp\/v2\/posts\/12853\/revisions"}],"wp:featuredmedia":[{"embeddable":true,"href":"https:\/\/kraios.app\/news\/wp-json\/wp\/v2\/media\/12854"}],"wp:attachment":[{"href":"https:\/\/kraios.app\/news\/wp-json\/wp\/v2\/media?parent=12853"}],"wp:term":[{"taxonomy":"category","embeddable":true,"href":"https:\/\/kraios.app\/news\/wp-json\/wp\/v2\/categories?post=12853"},{"taxonomy":"post_tag","embeddable":true,"href":"https:\/\/kraios.app\/news\/wp-json\/wp\/v2\/tags?post=12853"}],"curies":[{"name":"wp","href":"https:\/\/api.w.org\/{rel}","templated":true}]}}