{"id":12837,"date":"2023-08-28T15:20:04","date_gmt":"2023-08-28T15:20:04","guid":{"rendered":"https:\/\/kraios.app\/news\/ekonomi\/2023\/08\/28\/imf-turkiyeden-mali-destek-talebi-gelmedigini-acikladi\/"},"modified":"2023-08-28T15:20:04","modified_gmt":"2023-08-28T15:20:04","slug":"imf-turkiyeden-mali-destek-talebi-gelmedigini-acikladi","status":"publish","type":"post","link":"https:\/\/kraios.app\/news\/ekonomi\/2023\/08\/28\/imf-turkiyeden-mali-destek-talebi-gelmedigini-acikladi\/","title":{"rendered":"IMF, T\u00fcrkiye&#039;den mali destek talebi gelmedi\u011fini a\u00e7\u0131klad\u0131"},"content":{"rendered":"<p> <br \/>\n<br \/>Uluslararas\u0131 Para Fonu (IMF), teknik ekibinin 4. madde kons\u00fcltasyonuna haz\u0131rl\u0131k kapsam\u0131nda eyl\u00fcl ay\u0131 sonunda T\u00fcrkiye&#8217;ye rutin bir ziyarette bulunaca\u011f\u0131n\u0131 belirterek, T\u00fcrkiye&#8217;den mali destek talebi gelmedi\u011fini bildirdi.<br \/>\n<br \/><br \/>\n<br \/><a href=\"https:\/\/www.aa.com.tr\/tr\/ekonomi\/imf-turkiyeden-mali-destek-talebi-gelmedigini-acikladi\/2977898\">Source link <\/a><\/p>\n","protected":false},"excerpt":{"rendered":"<p>Uluslararas\u0131 Para Fonu (IMF), teknik ekibinin 4. madde kons\u00fcltasyonuna haz\u0131rl\u0131k kapsam\u0131nda eyl\u00fcl ay\u0131 sonunda T\u00fcrkiye&#8217;ye rutin bir ziyarette bulunaca\u011f\u0131n\u0131 belirterek, T\u00fcrkiye&#8217;den mali destek talebi gelmedi\u011fini bildirdi. Source link<\/p>\n","protected":false},"author":1,"featured_media":12838,"comment_status":"","ping_status":"","sticky":false,"template":"","format":"standard","meta":[],"categories":[44],"tags":[],"_links":{"self":[{"href":"https:\/\/kraios.app\/news\/wp-json\/wp\/v2\/posts\/12837"}],"collection":[{"href":"https:\/\/kraios.app\/news\/wp-json\/wp\/v2\/posts"}],"about":[{"href":"https:\/\/kraios.app\/news\/wp-json\/wp\/v2\/types\/post"}],"author":[{"embeddable":true,"href":"https:\/\/kraios.app\/news\/wp-json\/wp\/v2\/users\/1"}],"replies":[{"embeddable":true,"href":"https:\/\/kraios.app\/news\/wp-json\/wp\/v2\/comments?post=12837"}],"version-history":[{"count":0,"href":"https:\/\/kraios.app\/news\/wp-json\/wp\/v2\/posts\/12837\/revisions"}],"wp:featuredmedia":[{"embeddable":true,"href":"https:\/\/kraios.app\/news\/wp-json\/wp\/v2\/media\/12838"}],"wp:attachment":[{"href":"https:\/\/kraios.app\/news\/wp-json\/wp\/v2\/media?parent=12837"}],"wp:term":[{"taxonomy":"category","embeddable":true,"href":"https:\/\/kraios.app\/news\/wp-json\/wp\/v2\/categories?post=12837"},{"taxonomy":"post_tag","embeddable":true,"href":"https:\/\/kraios.app\/news\/wp-json\/wp\/v2\/tags?post=12837"}],"curies":[{"name":"wp","href":"https:\/\/api.w.org\/{rel}","templated":true}]}}