{"id":12835,"date":"2023-08-28T14:49:16","date_gmt":"2023-08-28T14:49:16","guid":{"rendered":"https:\/\/kraios.app\/news\/spor\/2023\/08\/28\/sivasspor-gambiyali-sol-kanat-oyuncusu-modou-barrowu-transfer-etti\/"},"modified":"2023-08-28T14:49:16","modified_gmt":"2023-08-28T14:49:16","slug":"sivasspor-gambiyali-sol-kanat-oyuncusu-modou-barrowu-transfer-etti","status":"publish","type":"post","link":"https:\/\/kraios.app\/news\/spor\/2023\/08\/28\/sivasspor-gambiyali-sol-kanat-oyuncusu-modou-barrowu-transfer-etti\/","title":{"rendered":"Sivasspor, Gambiyal\u0131 sol kanat oyuncusu Modou Barrow&#039;u transfer etti"},"content":{"rendered":"<p>Trendyol S\u00fcper Lig ekiplerinden EMS Yap\u0131 Sivasspor, Gambiyal\u0131 sol kanat oyuncusu Modou Barrow&#8217;u renklerine ba\u011flad\u0131.<\/p>\n","protected":false},"excerpt":{"rendered":"<p>Trendyol S\u00fcper Lig ekiplerinden EMS Yap\u0131 Sivasspor, Gambiyal\u0131 sol kanat oyuncusu Modou Barrow&#8217;u renklerine ba\u011flad\u0131.<\/p>\n","protected":false},"author":1,"featured_media":12836,"comment_status":"","ping_status":"","sticky":false,"template":"","format":"standard","meta":[],"categories":[48],"tags":[],"_links":{"self":[{"href":"https:\/\/kraios.app\/news\/wp-json\/wp\/v2\/posts\/12835"}],"collection":[{"href":"https:\/\/kraios.app\/news\/wp-json\/wp\/v2\/posts"}],"about":[{"href":"https:\/\/kraios.app\/news\/wp-json\/wp\/v2\/types\/post"}],"author":[{"embeddable":true,"href":"https:\/\/kraios.app\/news\/wp-json\/wp\/v2\/users\/1"}],"replies":[{"embeddable":true,"href":"https:\/\/kraios.app\/news\/wp-json\/wp\/v2\/comments?post=12835"}],"version-history":[{"count":0,"href":"https:\/\/kraios.app\/news\/wp-json\/wp\/v2\/posts\/12835\/revisions"}],"wp:featuredmedia":[{"embeddable":true,"href":"https:\/\/kraios.app\/news\/wp-json\/wp\/v2\/media\/12836"}],"wp:attachment":[{"href":"https:\/\/kraios.app\/news\/wp-json\/wp\/v2\/media?parent=12835"}],"wp:term":[{"taxonomy":"category","embeddable":true,"href":"https:\/\/kraios.app\/news\/wp-json\/wp\/v2\/categories?post=12835"},{"taxonomy":"post_tag","embeddable":true,"href":"https:\/\/kraios.app\/news\/wp-json\/wp\/v2\/tags?post=12835"}],"curies":[{"name":"wp","href":"https:\/\/api.w.org\/{rel}","templated":true}]}}