{"id":12816,"date":"2023-08-28T07:22:09","date_gmt":"2023-08-28T07:22:09","guid":{"rendered":"https:\/\/kraios.app\/news\/yasam\/2023\/08\/28\/sakaryada-sicaktan-bunalanlar-dogancay-selalesinde-serinliyor\/"},"modified":"2023-08-28T07:22:09","modified_gmt":"2023-08-28T07:22:09","slug":"sakaryada-sicaktan-bunalanlar-dogancay-selalesinde-serinliyor","status":"publish","type":"post","link":"https:\/\/kraios.app\/news\/yasam\/2023\/08\/28\/sakaryada-sicaktan-bunalanlar-dogancay-selalesinde-serinliyor\/","title":{"rendered":"Sakarya&#039;da s\u0131caktan bunalanlar Do\u011fan\u00e7ay \u015eelalesi&#039;nde serinliyor"},"content":{"rendered":"<p>Sakarya&#8217;da s\u0131cak havada serinlemek isteyenler, Geyve il\u00e7esinde yer alan Do\u011fan\u00e7ay \u015eelalesi&#8217;nde vakit ge\u00e7iriyor.<\/p>\n","protected":false},"excerpt":{"rendered":"<p>Sakarya&#8217;da s\u0131cak havada serinlemek isteyenler, Geyve il\u00e7esinde yer alan Do\u011fan\u00e7ay \u015eelalesi&#8217;nde vakit ge\u00e7iriyor.<\/p>\n","protected":false},"author":1,"featured_media":12817,"comment_status":"","ping_status":"","sticky":false,"template":"","format":"standard","meta":[],"categories":[50],"tags":[],"_links":{"self":[{"href":"https:\/\/kraios.app\/news\/wp-json\/wp\/v2\/posts\/12816"}],"collection":[{"href":"https:\/\/kraios.app\/news\/wp-json\/wp\/v2\/posts"}],"about":[{"href":"https:\/\/kraios.app\/news\/wp-json\/wp\/v2\/types\/post"}],"author":[{"embeddable":true,"href":"https:\/\/kraios.app\/news\/wp-json\/wp\/v2\/users\/1"}],"replies":[{"embeddable":true,"href":"https:\/\/kraios.app\/news\/wp-json\/wp\/v2\/comments?post=12816"}],"version-history":[{"count":0,"href":"https:\/\/kraios.app\/news\/wp-json\/wp\/v2\/posts\/12816\/revisions"}],"wp:featuredmedia":[{"embeddable":true,"href":"https:\/\/kraios.app\/news\/wp-json\/wp\/v2\/media\/12817"}],"wp:attachment":[{"href":"https:\/\/kraios.app\/news\/wp-json\/wp\/v2\/media?parent=12816"}],"wp:term":[{"taxonomy":"category","embeddable":true,"href":"https:\/\/kraios.app\/news\/wp-json\/wp\/v2\/categories?post=12816"},{"taxonomy":"post_tag","embeddable":true,"href":"https:\/\/kraios.app\/news\/wp-json\/wp\/v2\/tags?post=12816"}],"curies":[{"name":"wp","href":"https:\/\/api.w.org\/{rel}","templated":true}]}}