{"id":12804,"date":"2023-08-28T02:19:46","date_gmt":"2023-08-28T02:19:46","guid":{"rendered":"https:\/\/kraios.app\/news\/yasam\/2023\/08\/28\/edirnede-balikcilar-av-sezonu-oncesi-tezgahlarini-hazirliyor\/"},"modified":"2023-08-28T02:19:46","modified_gmt":"2023-08-28T02:19:46","slug":"edirnede-balikcilar-av-sezonu-oncesi-tezgahlarini-hazirliyor","status":"publish","type":"post","link":"https:\/\/kraios.app\/news\/yasam\/2023\/08\/28\/edirnede-balikcilar-av-sezonu-oncesi-tezgahlarini-hazirliyor\/","title":{"rendered":"Edirne&#039;de bal\u0131k\u00e7\u0131lar av sezonu \u00f6ncesi tezgahlar\u0131n\u0131 haz\u0131rl\u0131yor"},"content":{"rendered":"<p>Edirne&#8217;de bal\u0131k\u00e7\u0131lar, 1 Eyl\u00fcl&#8217;de ba\u015flayacak av sezonu \u00f6ncesinde son haz\u0131rl\u0131klar\u0131n\u0131 yap\u0131yor.<\/p>\n","protected":false},"excerpt":{"rendered":"<p>Edirne&#8217;de bal\u0131k\u00e7\u0131lar, 1 Eyl\u00fcl&#8217;de ba\u015flayacak av sezonu \u00f6ncesinde son haz\u0131rl\u0131klar\u0131n\u0131 yap\u0131yor.<\/p>\n","protected":false},"author":1,"featured_media":12805,"comment_status":"","ping_status":"","sticky":false,"template":"","format":"standard","meta":[],"categories":[50],"tags":[],"_links":{"self":[{"href":"https:\/\/kraios.app\/news\/wp-json\/wp\/v2\/posts\/12804"}],"collection":[{"href":"https:\/\/kraios.app\/news\/wp-json\/wp\/v2\/posts"}],"about":[{"href":"https:\/\/kraios.app\/news\/wp-json\/wp\/v2\/types\/post"}],"author":[{"embeddable":true,"href":"https:\/\/kraios.app\/news\/wp-json\/wp\/v2\/users\/1"}],"replies":[{"embeddable":true,"href":"https:\/\/kraios.app\/news\/wp-json\/wp\/v2\/comments?post=12804"}],"version-history":[{"count":0,"href":"https:\/\/kraios.app\/news\/wp-json\/wp\/v2\/posts\/12804\/revisions"}],"wp:featuredmedia":[{"embeddable":true,"href":"https:\/\/kraios.app\/news\/wp-json\/wp\/v2\/media\/12805"}],"wp:attachment":[{"href":"https:\/\/kraios.app\/news\/wp-json\/wp\/v2\/media?parent=12804"}],"wp:term":[{"taxonomy":"category","embeddable":true,"href":"https:\/\/kraios.app\/news\/wp-json\/wp\/v2\/categories?post=12804"},{"taxonomy":"post_tag","embeddable":true,"href":"https:\/\/kraios.app\/news\/wp-json\/wp\/v2\/tags?post=12804"}],"curies":[{"name":"wp","href":"https:\/\/api.w.org\/{rel}","templated":true}]}}