{"id":12791,"date":"2023-08-27T23:26:15","date_gmt":"2023-08-27T23:26:15","guid":{"rendered":"https:\/\/kraios.app\/news\/ekonomi\/2023\/08\/27\/hazine-ve-maliye-bakanligi-imfden-destek-istendigi-iddialarinin-dogru-olmadigini-bildirdi\/"},"modified":"2023-08-27T23:26:15","modified_gmt":"2023-08-27T23:26:15","slug":"hazine-ve-maliye-bakanligi-imfden-destek-istendigi-iddialarinin-dogru-olmadigini-bildirdi","status":"publish","type":"post","link":"https:\/\/kraios.app\/news\/ekonomi\/2023\/08\/27\/hazine-ve-maliye-bakanligi-imfden-destek-istendigi-iddialarinin-dogru-olmadigini-bildirdi\/","title":{"rendered":"Hazine ve Maliye Bakanl\u0131\u011f\u0131, IMF&#039;den destek istendi\u011fi iddialar\u0131n\u0131n do\u011fru olmad\u0131\u011f\u0131n\u0131 bildirdi"},"content":{"rendered":"<p> <br \/>\n<br \/>Hazine ve Maliye Bakanl\u0131\u011f\u0131, IMF&#8217;den destek istendi\u011fi ve bu nedenle bir heyetin T\u00fcrkiye&#8217;ye gelece\u011fi iddialar\u0131n\u0131n do\u011fru olmad\u0131\u011f\u0131n\u0131 bildirdi.<br \/>\n<br \/><br \/>\n<br \/><a href=\"https:\/\/www.aa.com.tr\/tr\/ekonomi\/hazine-ve-maliye-bakanligi-imfden-destek-istendigi-iddialarinin-dogru-olmadigini-bildirdi\/2976998\">Source link <\/a><\/p>\n","protected":false},"excerpt":{"rendered":"<p>Hazine ve Maliye Bakanl\u0131\u011f\u0131, IMF&#8217;den destek istendi\u011fi ve bu nedenle bir heyetin T\u00fcrkiye&#8217;ye gelece\u011fi iddialar\u0131n\u0131n do\u011fru olmad\u0131\u011f\u0131n\u0131 bildirdi. Source link<\/p>\n","protected":false},"author":1,"featured_media":12744,"comment_status":"","ping_status":"","sticky":false,"template":"","format":"standard","meta":[],"categories":[44],"tags":[],"_links":{"self":[{"href":"https:\/\/kraios.app\/news\/wp-json\/wp\/v2\/posts\/12791"}],"collection":[{"href":"https:\/\/kraios.app\/news\/wp-json\/wp\/v2\/posts"}],"about":[{"href":"https:\/\/kraios.app\/news\/wp-json\/wp\/v2\/types\/post"}],"author":[{"embeddable":true,"href":"https:\/\/kraios.app\/news\/wp-json\/wp\/v2\/users\/1"}],"replies":[{"embeddable":true,"href":"https:\/\/kraios.app\/news\/wp-json\/wp\/v2\/comments?post=12791"}],"version-history":[{"count":0,"href":"https:\/\/kraios.app\/news\/wp-json\/wp\/v2\/posts\/12791\/revisions"}],"wp:featuredmedia":[{"embeddable":true,"href":"https:\/\/kraios.app\/news\/wp-json\/wp\/v2\/media\/12744"}],"wp:attachment":[{"href":"https:\/\/kraios.app\/news\/wp-json\/wp\/v2\/media?parent=12791"}],"wp:term":[{"taxonomy":"category","embeddable":true,"href":"https:\/\/kraios.app\/news\/wp-json\/wp\/v2\/categories?post=12791"},{"taxonomy":"post_tag","embeddable":true,"href":"https:\/\/kraios.app\/news\/wp-json\/wp\/v2\/tags?post=12791"}],"curies":[{"name":"wp","href":"https:\/\/api.w.org\/{rel}","templated":true}]}}