{"id":12785,"date":"2023-08-27T21:20:04","date_gmt":"2023-08-27T21:20:04","guid":{"rendered":"https:\/\/kraios.app\/news\/yasam\/2023\/08\/27\/denizlide-850nci-sudan-koyun-gecirme-yarismasi-yapildi\/"},"modified":"2023-08-27T21:20:04","modified_gmt":"2023-08-27T21:20:04","slug":"denizlide-850nci-sudan-koyun-gecirme-yarismasi-yapildi","status":"publish","type":"post","link":"https:\/\/kraios.app\/news\/yasam\/2023\/08\/27\/denizlide-850nci-sudan-koyun-gecirme-yarismasi-yapildi\/","title":{"rendered":"Denizli&#8217;de 850&#8217;nci &#8220;Sudan Koyun Ge\u00e7irme Yar\u0131\u015fmas\u0131&#8221; yap\u0131ld\u0131"},"content":{"rendered":"<p><\/p>\n<div>\n<p>Bu y\u0131l 38 \u00e7oban\u0131n kat\u0131l\u0131m\u0131yla ger\u00e7ekle\u015fen etkinlikler B\u00fcy\u00fck Menderes Nehri&#8217;nin ge\u00e7ti\u011fi A\u015fa\u011f\u0131seyit Mahallesi&#8217;nin K\u00f6pr\u00fcba\u015f\u0131 mevkisinde yap\u0131ld\u0131.<\/p>\n<p>\u00c7evre il\u00e7elerden gelen \u00e7obanlar, &#8220;elci&#8221; ad\u0131 verilen ba\u015f koyunlarla kat\u0131ld\u0131klar\u0131 yar\u0131\u015fmada, s\u00fcr\u00fclerini nehirden ge\u00e7irmek i\u00e7in birbirleriyle k\u0131yas\u0131ya m\u00fccadele etti.<\/p>\n<p>\u00c7obanlar, yar\u0131\u015fma alan\u0131nda suya \u00f6nce atlayarak s\u00fcr\u00fcn\u00fcn \u00f6n\u00fcndeki &#8220;elci&#8221; koyunlara \u00f6nderlik etmeye \u00e7al\u0131\u015ft\u0131.<\/p>\n<p><img decoding=\"async\" alt=\"\" src=\"https:\/\/www.aa.com.tr\/uploads\/userFiles\/88e4063b-7018-4331-b06e-f0cb513ac64c\/2023%2F08%2Fcal27-1.jpg\"\/><\/p>\n<p>Koyununun nehre girmesi ve kar\u015f\u0131 k\u0131y\u0131ya ula\u015fmas\u0131 i\u00e7in m\u00fccadele eden \u00e7obanlar, hayvanlar\u0131n\u0131 suya sokmaya gayret g\u00f6sterdi.<\/p>\n<p>Baz\u0131 \u00e7obanlar ise suya atlayarak arkalar\u0131ndan gelen koyunlar\u0131n\u0131 kucaklayarak \u00f6pt\u00fc.<\/p>\n<p>Yar\u0131\u015fmay\u0131, AK Parti Denizli milletvekilleri Cahit \u00d6zkan ve Nilg\u00fcn \u00d6k, Saadet Partisi Denizli Milletvekili Sema Silkin \u00dcn, B\u00fcy\u00fck\u015fehir Belediye Ba\u015fkan\u0131 Osman Zolan ile di\u011fer protokol \u00fcyeleri izledi.<\/p>\n<p><img decoding=\"async\" alt=\"\" src=\"https:\/\/admin.aa.com.tr\/uploads\/userFiles\/88e4063b-7018-4331-b06e-f0cb513ac64c\/2023%2F08%2Fcal27-3.jpg\"\/><\/p>\n<p>Yar\u0131\u015fmada birincili\u011fi Feviz Akda\u011f elde ederken, Batuhan \u00c7elik ikinci, Hasan Sal\u0131k \u00fc\u00e7\u00fcnc\u00fcl\u00fc\u011f\u00fc kazand\u0131.<\/p>\n<p>Dereceye girenlere \u00e7e\u015fitli \u00f6d\u00fcller verildi.<\/p>\n<p>\u00c7al Belediye Ba\u015fkan\u0131 Fethi Akcan, AA muhabirine, 8 as\u0131rd\u0131r s\u00fcrd\u00fcr\u00fclen gelene\u011fi bug\u00fcn yapt\u0131klar\u0131 i\u00e7in \u00e7ok mutlu olduklar\u0131n\u0131, ge\u00e7en y\u0131l \u015fap hastal\u0131\u011f\u0131 nedeniyle yap\u0131lamayan yar\u0131\u015fmaya bu y\u0131l ilginin fazla oldu\u011funu s\u00f6yledi.<\/p>\n<p><img decoding=\"async\" alt=\"\" src=\"https:\/\/admin.aa.com.tr\/uploads\/userFiles\/88e4063b-7018-4331-b06e-f0cb513ac64c\/2023%2F08%2Fcal27-5.jpg\"\/><\/p>\n<h3>Sudan koyun ge\u00e7irme yar\u0131\u015fmas\u0131<\/h3>\n<p>Hayvan sevgisini konu alan yar\u0131\u015fman\u0131n esin kayna\u011f\u0131n\u0131 bir Y\u00f6r\u00fck efsanesinin olu\u015fturdu\u011fu biliniyor.<\/p>\n<p><img decoding=\"async\" alt=\"\" src=\"https:\/\/admin.aa.com.tr\/uploads\/userFiles\/88e4063b-7018-4331-b06e-f0cb513ac64c\/2023%2F08%2Fcal27-6.jpg\"\/><\/p>\n<p>Efsaneye g\u00f6re, Karakoyunlu a\u015firetinden bir \u00e7oban, \u00c7al y\u00f6resine yerle\u015ferek O\u011fuz beylerinden biri i\u00e7in \u00e7al\u0131\u015fmaya ba\u015flar. \u00c7oban ile beyin k\u0131z\u0131, birbirlerine a\u015f\u0131k olur. Y\u00f6rede \u00e7ok sevilen \u00e7oban, beyden k\u0131z\u0131n\u0131 ister. Ancak k\u0131z\u0131n\u0131 vermek istemeyen bey, \u00e7obana ger\u00e7ekle\u015ftirmesinin imkans\u0131z oldu\u011funu d\u00fc\u015f\u00fcnd\u00fc\u011f\u00fc bir g\u00f6rev verir. Bey, \u00e7obana k\u0131z\u0131yla evlenebilmesi i\u00e7in &#8216;Koyunlara 3 g\u00fcn boyunca tuz yedireceksin ve B\u00fcy\u00fck Menderes Nehri&#8217;nden su i\u00e7irmeden kar\u015f\u0131ya ge\u00e7ireceksin&#8217; der. Bu \u015fart\u0131 kabul eden \u00e7oban, denildi\u011fi gibi koyunlar\u0131 su i\u00e7irmeden kar\u015f\u0131ya ge\u00e7irir.<\/p>\n<p><img decoding=\"async\" alt=\"\" src=\"https:\/\/admin.aa.com.tr\/uploads\/userFiles\/88e4063b-7018-4331-b06e-f0cb513ac64c\/2023%2F08%2Fcal27-7.jpg\"\/><\/p>\n<p>\u00c7oban\u0131n istenileni ba\u015farmas\u0131na kar\u015f\u0131n bey, yine de k\u0131z\u0131n\u0131 kendisine vermez. K\u0131z\u0131n\u0131n a\u015fk\u0131ndan hastalan\u0131p \u00f6lmesi \u00fczerine bey taraf\u0131ndan kovulan \u00e7oban, \u00f6mr\u00fcn\u00fc kaval \u00e7alarak da\u011flarda ge\u00e7irir.<\/p>\n<p>Y\u00f6re halk\u0131, bu a\u015fktan etkilenerek her y\u0131l sudan koyun ge\u00e7irme yar\u0131\u015fmas\u0131 d\u00fczenliyor.\u200b\u200b\u200b\u200b\u200b\u200b\u200b<\/p>\n<p>                            <span class=\"detay-foto-editor\">&#13;<br \/>\n                                <a href=\"https:\/\/www.aa.com.tr\/tr\/p\/abonelik-talep-formu\/1001\" target=\"_blank\" style=\"font-size:12px; color:#444; text-decoration:none;\" rel=\"noopener\">&#13;<br \/>\n                                    Anadolu Ajans\u0131 web sitesinde, AA Haber Ak\u0131\u015f Sistemi (HAS) \u00fczerinden abonelere sunulan haberler, \u00f6zetlenerek yay\u0131mlanmaktad\u0131r. <b style=\"color:#1897F7\">Abonelik i\u00e7in l\u00fctfen ileti\u015fime ge\u00e7iniz.<\/b>&#13;<br \/>\n                                <\/a>&#13;<br \/>\n                            <\/span>\n                        <\/div>\n<p><script>\n\t  window.fbAsyncInit = function() {\n\t\tFB.init({\n\t\t  appId: '1855843514662870',\n\t\t  status : true, \/\/ check login status\n\t\t  cookie : true, \/\/ enable cookies to allow the server to access the session\n\t\t  xfbml  : true  \/\/ parse XFBML\n\t\t});\n\t  };<\/p>\n<p>\t  (function() {\n\t\tvar e = document.createElement('script');\n\t\te.src=\"https:\/\/connect.facebook.net\/tr_TR\/all.js\";\n\t\te.async = true;\n\t\tdocument.getElementById('fb-root').appendChild(e);\n\t  }());\n    <\/script><\/p>\n","protected":false},"excerpt":{"rendered":"<p>Bu y\u0131l 38 \u00e7oban\u0131n kat\u0131l\u0131m\u0131yla ger\u00e7ekle\u015fen etkinlikler B\u00fcy\u00fck Menderes Nehri&#8217;nin ge\u00e7ti\u011fi A\u015fa\u011f\u0131seyit Mahallesi&#8217;nin K\u00f6pr\u00fcba\u015f\u0131 mevkisinde yap\u0131ld\u0131. \u00c7evre il\u00e7elerden gelen \u00e7obanlar, &#8220;elci&#8221; ad\u0131 verilen ba\u015f koyunlarla kat\u0131ld\u0131klar\u0131 yar\u0131\u015fmada, s\u00fcr\u00fclerini nehirden ge\u00e7irmek i\u00e7in birbirleriyle k\u0131yas\u0131ya m\u00fccadele etti. \u00c7obanlar, yar\u0131\u015fma alan\u0131nda suya \u00f6nce atlayarak s\u00fcr\u00fcn\u00fcn \u00f6n\u00fcndeki &#8220;elci&#8221; koyunlara \u00f6nderlik etmeye \u00e7al\u0131\u015ft\u0131. Koyununun nehre girmesi ve kar\u015f\u0131 k\u0131y\u0131ya ula\u015fmas\u0131 [&hellip;]<\/p>\n","protected":false},"author":1,"featured_media":12786,"comment_status":"","ping_status":"","sticky":false,"template":"","format":"standard","meta":[],"categories":[50],"tags":[],"_links":{"self":[{"href":"https:\/\/kraios.app\/news\/wp-json\/wp\/v2\/posts\/12785"}],"collection":[{"href":"https:\/\/kraios.app\/news\/wp-json\/wp\/v2\/posts"}],"about":[{"href":"https:\/\/kraios.app\/news\/wp-json\/wp\/v2\/types\/post"}],"author":[{"embeddable":true,"href":"https:\/\/kraios.app\/news\/wp-json\/wp\/v2\/users\/1"}],"replies":[{"embeddable":true,"href":"https:\/\/kraios.app\/news\/wp-json\/wp\/v2\/comments?post=12785"}],"version-history":[{"count":0,"href":"https:\/\/kraios.app\/news\/wp-json\/wp\/v2\/posts\/12785\/revisions"}],"wp:featuredmedia":[{"embeddable":true,"href":"https:\/\/kraios.app\/news\/wp-json\/wp\/v2\/media\/12786"}],"wp:attachment":[{"href":"https:\/\/kraios.app\/news\/wp-json\/wp\/v2\/media?parent=12785"}],"wp:term":[{"taxonomy":"category","embeddable":true,"href":"https:\/\/kraios.app\/news\/wp-json\/wp\/v2\/categories?post=12785"},{"taxonomy":"post_tag","embeddable":true,"href":"https:\/\/kraios.app\/news\/wp-json\/wp\/v2\/tags?post=12785"}],"curies":[{"name":"wp","href":"https:\/\/api.w.org\/{rel}","templated":true}]}}