{"id":12777,"date":"2023-08-27T19:20:04","date_gmt":"2023-08-27T19:20:04","guid":{"rendered":"https:\/\/kraios.app\/news\/ekonomi\/2023\/08\/27\/ticaret-bakanligi-gizli-fiyat-artislarinin-tespiti-amaciyla-ulke-genelinde-denetimler-gerceklestirecek\/"},"modified":"2023-08-27T19:20:04","modified_gmt":"2023-08-27T19:20:04","slug":"ticaret-bakanligi-gizli-fiyat-artislarinin-tespiti-amaciyla-ulke-genelinde-denetimler-gerceklestirecek","status":"publish","type":"post","link":"https:\/\/kraios.app\/news\/ekonomi\/2023\/08\/27\/ticaret-bakanligi-gizli-fiyat-artislarinin-tespiti-amaciyla-ulke-genelinde-denetimler-gerceklestirecek\/","title":{"rendered":"Ticaret Bakanl\u0131\u011f\u0131, gizli fiyat art\u0131\u015flar\u0131n\u0131n tespiti amac\u0131yla \u00fclke genelinde denetimler ger\u00e7ekle\u015ftirecek"},"content":{"rendered":"<p> <br \/>\n<\/p>\n<div>\n<p>Ticaret Bakanl\u0131\u011f\u0131, d\u00fczenlemeye ayk\u0131r\u0131 nitelikte gramaj\/hacim de\u011fi\u015fiklikleriyle sat\u0131\u015fa sunulan ve s\u00f6z konusu \u00f6l\u00e7\u00fc birimi de\u011fi\u015fikli\u011fine kar\u015f\u0131n, sat\u0131\u015f fiyat\u0131nda bu y\u00f6nde de\u011fi\u015fiklik yap\u0131lmayan \u00fcr\u00fcnlerin tespiti amac\u0131yla 81 ilde ticaret m\u00fcd\u00fcrl\u00fcklerine talimat verirken denetimlere odakland\u0131.<\/p>\n<p>Bakanl\u0131ktan yap\u0131lan a\u00e7\u0131klamada, son zamanlarda gerek ula\u015fan ba\u015fvurular gerekse sosyal medya mecras\u0131nda yer alan payla\u015f\u0131mlardan, sat\u0131\u015fa sunulan \u00fcr\u00fcnlerin gramaj, adet ve a\u011f\u0131rl\u0131k gibi \u00f6l\u00e7\u00fc birimlerinin azalt\u0131ld\u0131\u011f\u0131n\u0131n, buna kar\u015f\u0131n ambalaj ve sat\u0131\u015f fiyatlar\u0131n\u0131n de\u011fi\u015ftirilmemesi nedeniyle t\u00fcketicilerin \u00fcr\u00fcnlerdeki bu de\u011fi\u015fikli\u011fi fark edemedi\u011finin, b\u00f6ylelikle \u00fcr\u00fcnlerin birim fiyatlar\u0131nda gizli art\u0131\u015f yap\u0131ld\u0131\u011f\u0131n\u0131n g\u00f6zlemlendi\u011fi belirtildi.<\/p>\n<p>A\u00e7\u0131klamada, s\u00f6z konusu durumun, ilgili d\u00fczenlemelerde konuya ili\u015fkin olarak &#8220;T\u00fcketicilere sunulan bir malda birim fiyat\u0131n\u0131 farkl\u0131la\u015ft\u0131racak \u015fekilde, adet, uzunluk, a\u011f\u0131rl\u0131k, alan, hacim \u00f6l\u00e7\u00fcleri ve benzeri unsurlar\u0131ndan birinde de\u011fi\u015fiklik yap\u0131lmas\u0131na ra\u011fmen, de\u011fi\u015fiklik yap\u0131lmad\u0131\u011f\u0131 izlenimi uyand\u0131ran yan\u0131lt\u0131c\u0131 ambalajlama uygulamalar\u0131&#8221; h\u00fckm\u00fc kapsam\u0131nda oldu\u011fu ifade edildi.<\/p>\n<p>Haks\u0131z ticari uygulaman\u0131n \u00f6n\u00fcne ge\u00e7ilmesi ve t\u00fcketici ma\u011fduriyetlerinin \u00f6nlenmesi amac\u0131yla \u00fclke genelinde inceleme ve denetimler ger\u00e7ekle\u015ftirilece\u011fi belirtilen a\u00e7\u0131klamada, d\u00fczenlemeye ayk\u0131r\u0131 nitelikte gramaj\/hacim de\u011fi\u015fiklikleriyle sat\u0131\u015fa sunulan ve s\u00f6z konusu \u00f6l\u00e7\u00fc birimi de\u011fi\u015fikli\u011fine kar\u015f\u0131n, sat\u0131\u015f fiyat\u0131nda bu y\u00f6nde de\u011fi\u015fiklik yap\u0131lmayan \u00fcr\u00fcnlerin tespit edilip tutana\u011fa ba\u011flanmas\u0131 ve ispata y\u00f6nelik bilgi ve belgelerin eklenerek Reklam Kurulunca de\u011ferlendirilmek \u00fczere g\u00f6nderilmesi konusunda 81 ildeki ticaret m\u00fcd\u00fcrl\u00fcklerine talimat verildi\u011fi bildirildi.<\/p>\n<h3>\u0130dari para cezalar\u0131 uygulanacak<\/h3>\n<p>A\u00e7\u0131klamada, bu kapsamda, T\u00fcketicinin Korunmas\u0131 ve Piyasa G\u00f6zetimi Genel M\u00fcd\u00fcrl\u00fc\u011f\u00fcne intikal eden konuya ili\u015fkin tespit tutanaklar\u0131n incelenmesinin ard\u0131ndan, \u00fcretici-sat\u0131c\u0131 firmalar\u0131n savunmalar\u0131n\u0131n al\u0131naca\u011f\u0131 ve mevzuat\u0131n amir h\u00fckm\u00fcne ayk\u0131r\u0131 mahiyetteki haks\u0131z ticari uygulamalara idari para cezalar\u0131 uygulanaca\u011f\u0131 vurguland\u0131.<\/p>\n<p>Ma\u011fduriyetlerin \u00f6n\u00fcne ge\u00e7mek i\u00e7in t\u00fcketicilere de \u00e7a\u011fr\u0131 yap\u0131lan a\u00e7\u0131klamada, \u015fu ifadelere yer verildi:<\/p>\n<p>&#8220;Sat\u0131n alacaklar\u0131 \u00fcr\u00fcnlerin ambalajlar\u0131n\u0131n ve etiketlerinin dikkatle incelenmesi konusunda t\u00fcketicilerin de fark\u0131ndal\u0131\u011fa sahip olmas\u0131n\u0131n \u00f6nemli oldu\u011fu de\u011ferlendirilmekte olup, herhangi bir yan\u0131lt\u0131c\u0131 ambalaj uygulamas\u0131yla kar\u015f\u0131la\u015f\u0131lmas\u0131 halinde, Reklam Kuruluna veya ticaret il m\u00fcd\u00fcrl\u00fcklerine ba\u015fvurulmas\u0131 gerekmektedir. T\u00fcketicilerimizi aldat\u0131c\u0131 ve yan\u0131lt\u0131c\u0131 olan s\u00f6z konusu uygulamalar Ticaret Bakanl\u0131\u011f\u0131m\u0131z taraf\u0131ndan yak\u0131ndan takip edilmektedir. Gerek illerden gelen \u015fikayet ba\u015fvurular\u0131 ve denetim tutanaklar\u0131 gerekse bas\u0131na ve sosyal medya mecralar\u0131na yans\u0131yan benzer faaliyetler titizlikle takip edilmekte olup, Bakanl\u0131\u011f\u0131m\u0131za ula\u015fan bu y\u00f6ndeki uygulamalar hakk\u0131nda inceleme ve de\u011ferlendirmeler devam edecektir.&#8221;<\/p>\n<p>                            <span class=\"detay-foto-editor\">&#13;<br \/>\n                                <a href=\"https:\/\/www.aa.com.tr\/tr\/p\/abonelik-talep-formu\/1001\" target=\"_blank\" style=\"font-size:12px; color:#444; text-decoration:none;\" rel=\"noopener\">&#13;<br \/>\n                                    Anadolu Ajans\u0131 web sitesinde, AA Haber Ak\u0131\u015f Sistemi (HAS) \u00fczerinden abonelere sunulan haberler, \u00f6zetlenerek yay\u0131mlanmaktad\u0131r. <b style=\"color:#1897F7\">Abonelik i\u00e7in l\u00fctfen ileti\u015fime ge\u00e7iniz.<\/b>&#13;<br \/>\n                                <\/a>&#13;<br \/>\n                            <\/span>\n                        <\/div>\n<p><script>\n\t  window.fbAsyncInit = function() {\n\t\tFB.init({\n\t\t  appId: '1855843514662870',\n\t\t  status : true, \/\/ check login status\n\t\t  cookie : true, \/\/ enable cookies to allow the server to access the session\n\t\t  xfbml  : true  \/\/ parse XFBML\n\t\t});\n\t  };<\/p>\n<p>\t  (function() {\n\t\tvar e = document.createElement('script');\n\t\te.src=\"https:\/\/connect.facebook.net\/tr_TR\/all.js\";\n\t\te.async = true;\n\t\tdocument.getElementById('fb-root').appendChild(e);\n\t  }());\n    <\/script><br \/>\n<br \/><br \/>\n<br \/><a href=\"https:\/\/www.aa.com.tr\/tr\/ekonomi\/ticaret-bakanligi-gizli-fiyat-artislarinin-tespiti-amaciyla-ulke-genelinde-denetimler-gerceklestirecek\/2977011\">Source link <\/a><\/p>\n","protected":false},"excerpt":{"rendered":"<p>Ticaret Bakanl\u0131\u011f\u0131, d\u00fczenlemeye ayk\u0131r\u0131 nitelikte gramaj\/hacim de\u011fi\u015fiklikleriyle sat\u0131\u015fa sunulan ve s\u00f6z konusu \u00f6l\u00e7\u00fc birimi de\u011fi\u015fikli\u011fine kar\u015f\u0131n, sat\u0131\u015f fiyat\u0131nda bu y\u00f6nde de\u011fi\u015fiklik yap\u0131lmayan \u00fcr\u00fcnlerin tespiti amac\u0131yla 81 ilde ticaret m\u00fcd\u00fcrl\u00fcklerine talimat verirken denetimlere odakland\u0131. Bakanl\u0131ktan yap\u0131lan a\u00e7\u0131klamada, son zamanlarda gerek ula\u015fan ba\u015fvurular gerekse sosyal medya mecras\u0131nda yer alan payla\u015f\u0131mlardan, sat\u0131\u015fa sunulan \u00fcr\u00fcnlerin gramaj, adet ve a\u011f\u0131rl\u0131k [&hellip;]<\/p>\n","protected":false},"author":1,"featured_media":12778,"comment_status":"","ping_status":"","sticky":false,"template":"","format":"standard","meta":[],"categories":[44],"tags":[],"_links":{"self":[{"href":"https:\/\/kraios.app\/news\/wp-json\/wp\/v2\/posts\/12777"}],"collection":[{"href":"https:\/\/kraios.app\/news\/wp-json\/wp\/v2\/posts"}],"about":[{"href":"https:\/\/kraios.app\/news\/wp-json\/wp\/v2\/types\/post"}],"author":[{"embeddable":true,"href":"https:\/\/kraios.app\/news\/wp-json\/wp\/v2\/users\/1"}],"replies":[{"embeddable":true,"href":"https:\/\/kraios.app\/news\/wp-json\/wp\/v2\/comments?post=12777"}],"version-history":[{"count":0,"href":"https:\/\/kraios.app\/news\/wp-json\/wp\/v2\/posts\/12777\/revisions"}],"wp:featuredmedia":[{"embeddable":true,"href":"https:\/\/kraios.app\/news\/wp-json\/wp\/v2\/media\/12778"}],"wp:attachment":[{"href":"https:\/\/kraios.app\/news\/wp-json\/wp\/v2\/media?parent=12777"}],"wp:term":[{"taxonomy":"category","embeddable":true,"href":"https:\/\/kraios.app\/news\/wp-json\/wp\/v2\/categories?post=12777"},{"taxonomy":"post_tag","embeddable":true,"href":"https:\/\/kraios.app\/news\/wp-json\/wp\/v2\/tags?post=12777"}],"curies":[{"name":"wp","href":"https:\/\/api.w.org\/{rel}","templated":true}]}}