{"id":12775,"date":"2023-08-27T19:04:37","date_gmt":"2023-08-27T19:04:37","guid":{"rendered":"https:\/\/kraios.app\/news\/spor\/2023\/08\/27\/pes-pese-9-yarisini-kazanan-verstappen-f1-rekorunu-egale-etti\/"},"modified":"2023-08-27T19:04:37","modified_gmt":"2023-08-27T19:04:37","slug":"pes-pese-9-yarisini-kazanan-verstappen-f1-rekorunu-egale-etti","status":"publish","type":"post","link":"https:\/\/kraios.app\/news\/spor\/2023\/08\/27\/pes-pese-9-yarisini-kazanan-verstappen-f1-rekorunu-egale-etti\/","title":{"rendered":"Pe\u015f pe\u015fe 9. yar\u0131\u015f\u0131n\u0131 kazanan Verstappen F1 rekorunu egale etti"},"content":{"rendered":"<p><\/p>\n<div>\n<p>\u00a0Formula 1 D\u00fcnya \u015eampiyonas\u0131&#8217;n\u0131n 14. aya\u011f\u0131 Hollanda Grand Prix&#8217;sini Red Bull tak\u0131m\u0131 pilotu Max Verstappen kazand\u0131. <\/p>\n<p>Sezonun 14. m\u00fccadelesi, Kuzey Denizi k\u0131y\u0131s\u0131ndaki Zandvoort kasabas\u0131yla ayn\u0131 ad\u0131 ta\u015f\u0131yan 4,2 kilometrelik pistte, 72 tur \u00fczerinden yap\u0131ld\u0131.<\/p>\n<p>Pole pozisyonundaki Hollandal\u0131 Verstappen&#8217;in rahat \u015fekilde lider g\u00f6t\u00fcrd\u00fc\u011f\u00fc yar\u0131\u015f, 62. turda ba\u015flayan sa\u011fanak nedeniyle 65. turda durduruldu.<\/p>\n<p>Yakla\u015f\u0131k 45 dakikal\u0131k aran\u0131n ard\u0131ndan g\u00fcvenlik arac\u0131 e\u015fli\u011finde ba\u015flayan yar\u0131\u015f\u0131, Fernando Alonso&#8217;nun (Aston Martin tak\u0131m\u0131) 3.7 saniye \u00f6n\u00fcnde bitiren Verstappen, bu sezon 11&#8217;inci, kariyerinin 46. yar\u0131\u015f birincili\u011fine ula\u015ft\u0131.<\/p>\n<p>Verstappen&#8217;in tak\u0131m arkada\u015f\u0131 Sergio Perez, m\u00fccadeleyi 3. s\u0131rada bitirdi ancak pit yolunda h\u0131z limitini a\u015ft\u0131\u011f\u0131 i\u00e7in ald\u0131\u011f\u0131 5 saniye cezas\u0131 nedeniyle podyuma Pierre Gasly (Alpine) \u00e7\u0131kt\u0131.<\/p>\n<h3>Verstappen, Vettel&#8217;i yakalad\u0131<\/h3>\n<p>25 ya\u015f\u0131ndaki Verstappen, arka arkaya 9. yar\u0131\u015f\u0131n\u0131 kazanarak Sebastian Vettel&#8217;e ait Formula 1 rekorunu egale etti. Alman s\u00fcr\u00fcc\u00fc Vettel, kariyerindeki 4. ve son F1 \u015fampiyonlu\u011funa ula\u015ft\u0131\u011f\u0131 2013 sezonunda rekoru ele ge\u00e7irmi\u015fti.<\/p>\n<p>Ayn\u0131 sezonda \u00fcst \u00fcste 13. yar\u0131\u015f\u0131n\u0131 kazanarak kendisine ait Formula 1 rekorunu geli\u015ftiren Red Bull tak\u0131m\u0131n\u0131n galibiyet serisi de 14 yar\u0131\u015fa y\u00fckseldi.<\/p>\n<p>Puan\u0131n\u0131 339&#8217;a \u00e7\u0131karan pilotlar klasman\u0131 lideri Verstappen ile en yak\u0131n takip\u00e7isi Perez aras\u0131ndaki fark 138 puana y\u00fckseldi. Red Bull s\u00fcr\u00fcc\u00fclerini, 168 puanla Alonso izledi.<\/p>\n<p>\u015eampiyonan\u0131n 15. yar\u0131\u015f\u0131 \u0130talya Grand Prix&#8217;si 3 Eyl\u00fcl&#8217;de d\u00fczenlenecek.<\/p>\n<p>Sezonun 6. aya\u011f\u0131 Emilia-Romagna Grand Prix&#8217;si, olumsuz hava ko\u015fullar\u0131 nedeniyle iptal edilmi\u015fti.<\/p>\n<p>Hollanda Grand Prix&#8217;sinin ard\u0131ndan pilotlar ve tak\u0131mlar klasman\u0131n\u0131n ilk 5 s\u0131ras\u0131 \u015f\u00f6yle olu\u015ftu:<\/p>\n<h3>Pilotlar<\/h3>\n<p>1. Max Verstappen (Hollanda): 339 puan<\/p>\n<p>2. Sergio Perez (Meksika): 201<\/p>\n<p>3. Fernando Alonso (\u0130spanya): 168<\/p>\n<p>4. Lewis Hamilton (B\u00fcy\u00fck Britanya): 156<\/p>\n<p>5. Carlos Sainz (\u0130spanya): 102<\/p>\n<p>&#8211; Tak\u0131mlar<\/p>\n<p>1. Red Bull: 540<\/p>\n<p>2. Mercedes: 255<\/p>\n<p>3. Aston Martin: 215<\/p>\n<p>4. Ferrari: 201<\/p>\n<p>5. McLaren: 111<\/p>\n<p>                            <span class=\"detay-foto-editor\">&#13;<br \/>\n                                <a href=\"https:\/\/www.aa.com.tr\/tr\/p\/abonelik-talep-formu\/1001\" target=\"_blank\" style=\"font-size:12px; color:#444; text-decoration:none;\" rel=\"noopener\">&#13;<br \/>\n                                    Anadolu Ajans\u0131 web sitesinde, AA Haber Ak\u0131\u015f Sistemi (HAS) \u00fczerinden abonelere sunulan haberler, \u00f6zetlenerek yay\u0131mlanmaktad\u0131r. <b style=\"color:#1897F7\">Abonelik i\u00e7in l\u00fctfen ileti\u015fime ge\u00e7iniz.<\/b>&#13;<br \/>\n                                <\/a>&#13;<br \/>\n                            <\/span>\n                        <\/div>\n<p><script>\n\t  window.fbAsyncInit = function() {\n\t\tFB.init({\n\t\t  appId: '1855843514662870',\n\t\t  status : true, \/\/ check login status\n\t\t  cookie : true, \/\/ enable cookies to allow the server to access the session\n\t\t  xfbml  : true  \/\/ parse XFBML\n\t\t});\n\t  };<\/p>\n<p>\t  (function() {\n\t\tvar e = document.createElement('script');\n\t\te.src=\"https:\/\/connect.facebook.net\/tr_TR\/all.js\";\n\t\te.async = true;\n\t\tdocument.getElementById('fb-root').appendChild(e);\n\t  }());\n    <\/script><\/p>\n","protected":false},"excerpt":{"rendered":"<p>\u00a0Formula 1 D\u00fcnya \u015eampiyonas\u0131&#8217;n\u0131n 14. aya\u011f\u0131 Hollanda Grand Prix&#8217;sini Red Bull tak\u0131m\u0131 pilotu Max Verstappen kazand\u0131. Sezonun 14. m\u00fccadelesi, Kuzey Denizi k\u0131y\u0131s\u0131ndaki Zandvoort kasabas\u0131yla ayn\u0131 ad\u0131 ta\u015f\u0131yan 4,2 kilometrelik pistte, 72 tur \u00fczerinden yap\u0131ld\u0131. Pole pozisyonundaki Hollandal\u0131 Verstappen&#8217;in rahat \u015fekilde lider g\u00f6t\u00fcrd\u00fc\u011f\u00fc yar\u0131\u015f, 62. turda ba\u015flayan sa\u011fanak nedeniyle 65. turda durduruldu. Yakla\u015f\u0131k 45 dakikal\u0131k aran\u0131n [&hellip;]<\/p>\n","protected":false},"author":1,"featured_media":12776,"comment_status":"","ping_status":"","sticky":false,"template":"","format":"standard","meta":[],"categories":[48],"tags":[],"_links":{"self":[{"href":"https:\/\/kraios.app\/news\/wp-json\/wp\/v2\/posts\/12775"}],"collection":[{"href":"https:\/\/kraios.app\/news\/wp-json\/wp\/v2\/posts"}],"about":[{"href":"https:\/\/kraios.app\/news\/wp-json\/wp\/v2\/types\/post"}],"author":[{"embeddable":true,"href":"https:\/\/kraios.app\/news\/wp-json\/wp\/v2\/users\/1"}],"replies":[{"embeddable":true,"href":"https:\/\/kraios.app\/news\/wp-json\/wp\/v2\/comments?post=12775"}],"version-history":[{"count":0,"href":"https:\/\/kraios.app\/news\/wp-json\/wp\/v2\/posts\/12775\/revisions"}],"wp:featuredmedia":[{"embeddable":true,"href":"https:\/\/kraios.app\/news\/wp-json\/wp\/v2\/media\/12776"}],"wp:attachment":[{"href":"https:\/\/kraios.app\/news\/wp-json\/wp\/v2\/media?parent=12775"}],"wp:term":[{"taxonomy":"category","embeddable":true,"href":"https:\/\/kraios.app\/news\/wp-json\/wp\/v2\/categories?post=12775"},{"taxonomy":"post_tag","embeddable":true,"href":"https:\/\/kraios.app\/news\/wp-json\/wp\/v2\/tags?post=12775"}],"curies":[{"name":"wp","href":"https:\/\/api.w.org\/{rel}","templated":true}]}}