{"id":12759,"date":"2023-08-27T13:20:09","date_gmt":"2023-08-27T13:20:09","guid":{"rendered":"https:\/\/kraios.app\/news\/yasam\/2023\/08\/27\/rizede-14-geleneksel-red-bull-formulaz-tahta-araba-senligi-duzenlendi\/"},"modified":"2023-08-27T13:20:09","modified_gmt":"2023-08-27T13:20:09","slug":"rizede-14-geleneksel-red-bull-formulaz-tahta-araba-senligi-duzenlendi","status":"publish","type":"post","link":"https:\/\/kraios.app\/news\/yasam\/2023\/08\/27\/rizede-14-geleneksel-red-bull-formulaz-tahta-araba-senligi-duzenlendi\/","title":{"rendered":"Rize&#8217;de &#8220;14. Geleneksel Red Bull Formulaz Tahta Araba \u015eenli\u011fi&#8221; d\u00fczenlendi"},"content":{"rendered":"<p><\/p>\n<div>\n<p>\u0130l\u00e7eye ba\u011fl\u0131 Tunca beldesinde Formulaz Derne\u011fi ile Red Bull taraf\u0131ndan Formula 1 yar\u0131\u015flar\u0131na at\u0131fta bulunularak, &#8220;Formula giderse Formulaz gelir&#8221; slogan\u0131yla d\u00fczenlenen \u015fenlik, kad\u0131nlar ve erkekler olmak \u00fczere iki kategoride yap\u0131ld\u0131.<\/p>\n<p><img decoding=\"async\" alt=\"\" src=\"https:\/\/www.aa.com.tr\/uploads\/userFiles\/96f91bbd-282f-4a24-a12c-1b1092cfeb3b\/009_2023%2F05_2023%2F15_Agustos%2F16%2F20230827_2_60031118_92232459.jpg\"\/><\/p>\n<p>Kad\u0131nlarda 15, erkeklerde ise 45 ki\u015finin yar\u0131\u015ft\u0131\u011f\u0131 organizasyonda, ilk olarak tahta arabalar\u0131n yar\u0131\u015fa uygun olup olmad\u0131klar\u0131 g\u00f6revlilerce kontrol edildi. Yar\u0131\u015flar, 5&#8217;er ki\u015fiden olu\u015fan gruplar halinde 1600 metrelik parkurda ger\u00e7ekle\u015ftirildi.<\/p>\n<p><img decoding=\"async\" alt=\"\" src=\"https:\/\/www.aa.com.tr\/uploads\/userFiles\/96f91bbd-282f-4a24-a12c-1b1092cfeb3b\/009_2023%2F05_2023%2F15_Agustos%2F16%2F20230827_2_60031118_92232461.jpg\"\/><\/p>\n<p>Etkinlikte kaza ya\u015fanmamas\u0131 i\u00e7in g\u00fcvenlik \u00f6nlemleri de al\u0131nd\u0131. Pistin tehlikeli b\u00f6l\u00fcmlerinin kenarlar\u0131na saman balyalar\u0131 konuldu. Lastik ayakkab\u0131 ve k\u0131l \u00e7orap giyen yar\u0131\u015fmac\u0131lar, olas\u0131 kazalara kar\u015f\u0131 kask, kolluk ve dizlik takt\u0131. Arabalarda metal aksam kullan\u0131lmas\u0131na izin verilmedi.<\/p>\n<p><img decoding=\"async\" alt=\"\" src=\"https:\/\/www.aa.com.tr\/uploads\/userFiles\/96f91bbd-282f-4a24-a12c-1b1092cfeb3b\/009_2023%2F05_2023%2F15_Agustos%2F16%2F20230827_2_60031118_92232462.jpg\"\/><\/p>\n<p>Yar\u0131\u015flar\u0131n yap\u0131ld\u0131\u011f\u0131 parkurun kenar\u0131ndaki &#8220;Dikkat tahta araba \u00e7\u0131kabilir&#8221;, &#8220;U\u00e7uruma d\u00fc\u015fmek yasakt\u0131r&#8221;, &#8220;Sollama yapmak yasakt\u0131r&#8221;, &#8220;En keskin viraj 53 metre geride&#8221; yaz\u0131l\u0131 tabelalar dikkati \u00e7ekti.<\/p>\n<p><img decoding=\"async\" alt=\"\" src=\"https:\/\/www.aa.com.tr\/uploads\/userFiles\/96f91bbd-282f-4a24-a12c-1b1092cfeb3b\/009_2023%2F05_2023%2F15_Agustos%2F16%2F20230827_2_60031118_92232463.jpg\"\/><\/p>\n<p>Olas\u0131 kazalardaki yaralanmalara m\u00fcdahale edecek sa\u011fl\u0131k ve jandarma ekipleri de parkur \u00e7evresinde \u00f6nlem ald\u0131.<\/p>\n<p>Yar\u0131\u015flar\u0131n start\u0131, k\u0131rba\u00e7 \u015feklindeki kal\u0131n ipin yere vuruldu\u011funda patlama sesi \u00e7\u0131karmas\u0131yla bilinen geleneksel y\u00f6ntem Xa\u015fattule ile verildi.<\/p>\n<p><img decoding=\"async\" alt=\"\" src=\"https:\/\/www.aa.com.tr\/uploads\/userFiles\/96f91bbd-282f-4a24-a12c-1b1092cfeb3b\/009_2023%2F05_2023%2F15_Agustos%2F16%2F20230827_2_60031118_92232464.jpg\"\/><\/p>\n<p>S\u00fcr\u00fcc\u00fclerin zaman zaman tehlikeli anlar ya\u015fad\u0131\u011f\u0131 yar\u0131\u015flarda, baz\u0131 tahta arabalar\u0131n tekerle\u011fi k\u0131r\u0131ld\u0131, baz\u0131lar\u0131 ise devrildi.<\/p>\n<p>Tekerle\u011fi k\u0131r\u0131lan tahta arabalar\u0131 kullananlar yar\u0131\u015f\u0131 b\u0131rakmak zorunda kald\u0131. Arabas\u0131 k\u0131r\u0131lan kimi yar\u0131\u015fmac\u0131lar ise ara\u00e7lar\u0131 ellerine al\u0131p ko\u015farak yar\u0131\u015f\u0131 tamamlamaya \u00e7al\u0131\u015ft\u0131.<\/p>\n<p><img decoding=\"async\" alt=\"\" src=\"https:\/\/www.aa.com.tr\/uploads\/userFiles\/96f91bbd-282f-4a24-a12c-1b1092cfeb3b\/009_2023%2F05_2023%2F15_Agustos%2F16%2F20230827_2_60031118_92232465.jpg\"\/><\/p>\n<p>Dereceye giren yar\u0131\u015fmac\u0131lara \u00e7e\u015fitli \u00f6d\u00fcller verildi.<\/p>\n<p>Yar\u0131\u015fta kaza ge\u00e7iren Mehmet Emin Dilsiz, arabas\u0131n\u0131n bak\u0131m\u0131n\u0131 iyi yapamad\u0131\u011f\u0131 i\u00e7in ah\u015fap aksam\u0131n\u0131n k\u0131r\u0131ld\u0131\u011f\u0131n\u0131, bundan dolay\u0131 yar\u0131\u015f\u0131 tamamlayamad\u0131\u011f\u0131n\u0131 s\u00f6yledi.<\/p>\n<p><img decoding=\"async\" alt=\"\" src=\"https:\/\/www.aa.com.tr\/uploads\/userFiles\/96f91bbd-282f-4a24-a12c-1b1092cfeb3b\/009_2023%2F05_2023%2F15_Agustos%2F16%2F20230827_2_60031118_92232466.jpg\"\/><\/p>\n<h3>&#8220;Tahta araba k\u00fclt\u00fcr\u00fcn\u00fc Tunca&#8217;dan t\u00fcm d\u00fcnyaya yay\u0131yoruz&#8221;<\/h3>\n<p>Formulaz Derne\u011fi Ba\u015fkan\u0131 Murat G\u00fcl, AA muhabirine, geleneksel hale gelen etkinli\u011fe her ge\u00e7en g\u00fcn ilginin artt\u0131\u011f\u0131n\u0131 s\u00f6yledi.<\/p>\n<p><img decoding=\"async\" alt=\"\" src=\"https:\/\/www.aa.com.tr\/uploads\/userFiles\/96f91bbd-282f-4a24-a12c-1b1092cfeb3b\/009_2023%2F05_2023%2F15_Agustos%2F16%2F20230827_2_60031118_92232467.jpg\"\/><\/p>\n<p>\u015eenli\u011fin, uluslararas\u0131 boyuta ta\u015f\u0131nd\u0131\u011f\u0131n\u0131 belirten G\u00fcl, &#8220;Tahta araba k\u00fclt\u00fcr\u00fcn\u00fc Tunca&#8217;dan t\u00fcm d\u00fcnyaya yay\u0131yoruz. Bu yar\u0131\u015flar\u0131 d\u00fczenlerken k\u00fclt\u00fcr\u00fcm\u00fczden hi\u00e7 vazge\u00e7miyoruz. Ara\u00e7lar\u0131 tamamen uygun, k\u0131l \u00e7orab\u0131, kara lasti\u011fi olmayanlar\u0131 yar\u0131\u015fa sokmuyoruz.&#8221; dedi.<\/p>\n<p><img decoding=\"async\" alt=\"\" src=\"https:\/\/www.aa.com.tr\/uploads\/userFiles\/96f91bbd-282f-4a24-a12c-1b1092cfeb3b\/009_2023%2F05_2023%2F15_Agustos%2F16%2F20230827_2_60031118_92232468.jpg\"\/><\/p>\n<p>G\u00fcl, tahta araba yar\u0131\u015flar\u0131n\u0131n kabu\u011funa s\u0131\u011fmaz hale geldi\u011fini kaydederek, &#8220;Yar\u0131\u015fman\u0131n y\u0131lda bir g\u00fcn de\u011fil, 12 ay yap\u0131lmas\u0131 i\u00e7in Formulaz pisti d\u00fc\u015f\u00fcn\u00fcyoruz. Tunca&#8217;ya gelen misafirlerimiz trafi\u011fe kapal\u0131 alanda tahta arabalarla her g\u00fcn bulu\u015facaklar.&#8221; diye konu\u015ftu.<\/p>\n<p>                            <span class=\"detay-foto-editor\">&#13;<br \/>\n                                <a href=\"https:\/\/www.aa.com.tr\/tr\/p\/abonelik-talep-formu\/1001\" target=\"_blank\" style=\"font-size:12px; color:#444; text-decoration:none;\" rel=\"noopener\">&#13;<br \/>\n                                    Anadolu Ajans\u0131 web sitesinde, AA Haber Ak\u0131\u015f Sistemi (HAS) \u00fczerinden abonelere sunulan haberler, \u00f6zetlenerek yay\u0131mlanmaktad\u0131r. <b style=\"color:#1897F7\">Abonelik i\u00e7in l\u00fctfen ileti\u015fime ge\u00e7iniz.<\/b>&#13;<br \/>\n                                <\/a>&#13;<br \/>\n                            <\/span>\n                        <\/div>\n<p><script>\n\t  window.fbAsyncInit = function() {\n\t\tFB.init({\n\t\t  appId: '1855843514662870',\n\t\t  status : true, \/\/ check login status\n\t\t  cookie : true, \/\/ enable cookies to allow the server to access the session\n\t\t  xfbml  : true  \/\/ parse XFBML\n\t\t});\n\t  };<\/p>\n<p>\t  (function() {\n\t\tvar e = document.createElement('script');\n\t\te.src=\"https:\/\/connect.facebook.net\/tr_TR\/all.js\";\n\t\te.async = true;\n\t\tdocument.getElementById('fb-root').appendChild(e);\n\t  }());\n    <\/script><\/p>\n","protected":false},"excerpt":{"rendered":"<p>\u0130l\u00e7eye ba\u011fl\u0131 Tunca beldesinde Formulaz Derne\u011fi ile Red Bull taraf\u0131ndan Formula 1 yar\u0131\u015flar\u0131na at\u0131fta bulunularak, &#8220;Formula giderse Formulaz gelir&#8221; slogan\u0131yla d\u00fczenlenen \u015fenlik, kad\u0131nlar ve erkekler olmak \u00fczere iki kategoride yap\u0131ld\u0131. Kad\u0131nlarda 15, erkeklerde ise 45 ki\u015finin yar\u0131\u015ft\u0131\u011f\u0131 organizasyonda, ilk olarak tahta arabalar\u0131n yar\u0131\u015fa uygun olup olmad\u0131klar\u0131 g\u00f6revlilerce kontrol edildi. Yar\u0131\u015flar, 5&#8217;er ki\u015fiden olu\u015fan gruplar halinde [&hellip;]<\/p>\n","protected":false},"author":1,"featured_media":12760,"comment_status":"","ping_status":"","sticky":false,"template":"","format":"standard","meta":[],"categories":[50],"tags":[],"_links":{"self":[{"href":"https:\/\/kraios.app\/news\/wp-json\/wp\/v2\/posts\/12759"}],"collection":[{"href":"https:\/\/kraios.app\/news\/wp-json\/wp\/v2\/posts"}],"about":[{"href":"https:\/\/kraios.app\/news\/wp-json\/wp\/v2\/types\/post"}],"author":[{"embeddable":true,"href":"https:\/\/kraios.app\/news\/wp-json\/wp\/v2\/users\/1"}],"replies":[{"embeddable":true,"href":"https:\/\/kraios.app\/news\/wp-json\/wp\/v2\/comments?post=12759"}],"version-history":[{"count":0,"href":"https:\/\/kraios.app\/news\/wp-json\/wp\/v2\/posts\/12759\/revisions"}],"wp:featuredmedia":[{"embeddable":true,"href":"https:\/\/kraios.app\/news\/wp-json\/wp\/v2\/media\/12760"}],"wp:attachment":[{"href":"https:\/\/kraios.app\/news\/wp-json\/wp\/v2\/media?parent=12759"}],"wp:term":[{"taxonomy":"category","embeddable":true,"href":"https:\/\/kraios.app\/news\/wp-json\/wp\/v2\/categories?post=12759"},{"taxonomy":"post_tag","embeddable":true,"href":"https:\/\/kraios.app\/news\/wp-json\/wp\/v2\/tags?post=12759"}],"curies":[{"name":"wp","href":"https:\/\/api.w.org\/{rel}","templated":true}]}}