{"id":12749,"date":"2023-08-27T10:20:05","date_gmt":"2023-08-27T10:20:05","guid":{"rendered":"https:\/\/kraios.app\/news\/spor\/2023\/08\/27\/2023-cev-erkekler-avrupa-voleybol-sampiyonasi-yarin-baslayacak\/"},"modified":"2023-08-27T10:20:05","modified_gmt":"2023-08-27T10:20:05","slug":"2023-cev-erkekler-avrupa-voleybol-sampiyonasi-yarin-baslayacak","status":"publish","type":"post","link":"https:\/\/kraios.app\/news\/spor\/2023\/08\/27\/2023-cev-erkekler-avrupa-voleybol-sampiyonasi-yarin-baslayacak\/","title":{"rendered":"2023 CEV Erkekler Avrupa Voleybol \u015eampiyonas\u0131 yar\u0131n ba\u015flayacak"},"content":{"rendered":"<p><\/p>\n<div>\n<p>\u0130talya, Bulgaristan, Kuzey Makedonya ve \u0130srail&#8217;in ev sahipli\u011findeki 2023 CEV Erkekler Avrupa Voleybol \u015eampiyonas\u0131, yar\u0131n yap\u0131lacak tek ma\u00e7la ba\u015flayacak.<\/p>\n<p>A Milli Erkek Voleybol Tak\u0131m\u0131&#8217;n\u0131n da m\u00fccadele edece\u011fi turnuvan\u0131n a\u00e7\u0131l\u0131\u015f ma\u00e7\u0131, A Grubu&#8217;nda ev sahiplerinden \u0130talya ile Bel\u00e7ika aras\u0131nda TS\u0130 22.00&#8217;de oynanacak.<\/p>\n<p>\u0130srail&#8217;in ev sahipli\u011fi yapt\u0131\u011f\u0131 D Grubu&#8217;nda yer alan ay-y\u0131ld\u0131zl\u0131lar, ilk ma\u00e7\u0131nda 30 A\u011fustos \u00c7ar\u015famba g\u00fcn\u00fc saat 17.00&#8217;de Fransa ile kar\u015f\u0131la\u015facak.<\/p>\n<h3>4 grupta 24 tak\u0131m m\u00fccadele edecek<\/h3>\n<p>Turnuvada 24 tak\u0131m, 4 grupta m\u00fccadele edecek.<\/p>\n<p>Grup m\u00fcsabakalar\u0131 sonunda ilk 4 s\u0131rada yer alan 16 ekip, son 16 turuna y\u00fckselecek.<\/p>\n<p>Tak\u0131mlar\u0131n \u00e7apraz e\u015fle\u015fme usul\u00fcyle kar\u015f\u0131la\u015faca\u011f\u0131 son 16 turunda rakiplerine \u00fcst\u00fcnl\u00fck kuran ekipler, adlar\u0131n\u0131 \u00e7eyrek finale yazd\u0131racak. Organizasyonda son 16 turu ile \u00e7eyrek final ma\u00e7lar\u0131, \u0130talya ve Bulgaristan&#8217;da oynanacak. Yar\u0131 final ve final m\u00fccadelelerine ise \u0130talya ev sahipli\u011fi yapacak.<\/p>\n<p>\u015eampiyonada grup ma\u00e7lar\u0131 28 A\u011fustos-6 Eyl\u00fcl, son 16 turu kar\u015f\u0131la\u015fmalar\u0131 8-10 Eyl\u00fcl, \u00e7eyrek finaller 11-12 Eyl\u00fcl, yar\u0131 finaller ise 14 Eyl\u00fcl&#8217;de yap\u0131lacak. Turnuvada \u00fc\u00e7\u00fcnc\u00fcl\u00fck ve final ma\u00e7\u0131 16 Eyl\u00fcl&#8217;de oynanacak.<\/p>\n<h3>Gruplar<\/h3>\n<p>Turnuvada gruplar \u015fu \u015fekilde:<\/p>\n<p>A Grubu: Bel\u00e7ika, Estonya, Almanya, \u0130talya, S\u0131rbistan, \u0130svi\u00e7re<\/p>\n<p>B Grubu: Bulgaristan, H\u0131rvatistan, Finlandiya, Slovenya, \u0130spanya, Ukrayna<\/p>\n<p>C Grubu: \u00c7ekya, Danimarka, Karada\u011f, Hollanda, Kuzey Makedonya, Polonya<\/p>\n<p>D Grubu: Fransa, Yunanistan, \u0130srail, Portekiz, Romanya, T\u00fcrkiye<\/p>\n<p>                            <span class=\"detay-foto-editor\">&#13;<br \/>\n                                <a href=\"https:\/\/www.aa.com.tr\/tr\/p\/abonelik-talep-formu\/1001\" target=\"_blank\" style=\"font-size:12px; color:#444; text-decoration:none;\" rel=\"noopener\">&#13;<br \/>\n                                    Anadolu Ajans\u0131 web sitesinde, AA Haber Ak\u0131\u015f Sistemi (HAS) \u00fczerinden abonelere sunulan haberler, \u00f6zetlenerek yay\u0131mlanmaktad\u0131r. <b style=\"color:#1897F7\">Abonelik i\u00e7in l\u00fctfen ileti\u015fime ge\u00e7iniz.<\/b>&#13;<br \/>\n                                <\/a>&#13;<br \/>\n                            <\/span>\n                        <\/div>\n<p><script>\n\t  window.fbAsyncInit = function() {\n\t\tFB.init({\n\t\t  appId: '1855843514662870',\n\t\t  status : true, \/\/ check login status\n\t\t  cookie : true, \/\/ enable cookies to allow the server to access the session\n\t\t  xfbml  : true  \/\/ parse XFBML\n\t\t});\n\t  };<\/p>\n<p>\t  (function() {\n\t\tvar e = document.createElement('script');\n\t\te.src=\"https:\/\/connect.facebook.net\/tr_TR\/all.js\";\n\t\te.async = true;\n\t\tdocument.getElementById('fb-root').appendChild(e);\n\t  }());\n    <\/script><\/p>\n","protected":false},"excerpt":{"rendered":"<p>\u0130talya, Bulgaristan, Kuzey Makedonya ve \u0130srail&#8217;in ev sahipli\u011findeki 2023 CEV Erkekler Avrupa Voleybol \u015eampiyonas\u0131, yar\u0131n yap\u0131lacak tek ma\u00e7la ba\u015flayacak. A Milli Erkek Voleybol Tak\u0131m\u0131&#8217;n\u0131n da m\u00fccadele edece\u011fi turnuvan\u0131n a\u00e7\u0131l\u0131\u015f ma\u00e7\u0131, A Grubu&#8217;nda ev sahiplerinden \u0130talya ile Bel\u00e7ika aras\u0131nda TS\u0130 22.00&#8217;de oynanacak. \u0130srail&#8217;in ev sahipli\u011fi yapt\u0131\u011f\u0131 D Grubu&#8217;nda yer alan ay-y\u0131ld\u0131zl\u0131lar, ilk ma\u00e7\u0131nda 30 A\u011fustos \u00c7ar\u015famba [&hellip;]<\/p>\n","protected":false},"author":1,"featured_media":12750,"comment_status":"","ping_status":"","sticky":false,"template":"","format":"standard","meta":[],"categories":[48],"tags":[],"_links":{"self":[{"href":"https:\/\/kraios.app\/news\/wp-json\/wp\/v2\/posts\/12749"}],"collection":[{"href":"https:\/\/kraios.app\/news\/wp-json\/wp\/v2\/posts"}],"about":[{"href":"https:\/\/kraios.app\/news\/wp-json\/wp\/v2\/types\/post"}],"author":[{"embeddable":true,"href":"https:\/\/kraios.app\/news\/wp-json\/wp\/v2\/users\/1"}],"replies":[{"embeddable":true,"href":"https:\/\/kraios.app\/news\/wp-json\/wp\/v2\/comments?post=12749"}],"version-history":[{"count":0,"href":"https:\/\/kraios.app\/news\/wp-json\/wp\/v2\/posts\/12749\/revisions"}],"wp:featuredmedia":[{"embeddable":true,"href":"https:\/\/kraios.app\/news\/wp-json\/wp\/v2\/media\/12750"}],"wp:attachment":[{"href":"https:\/\/kraios.app\/news\/wp-json\/wp\/v2\/media?parent=12749"}],"wp:term":[{"taxonomy":"category","embeddable":true,"href":"https:\/\/kraios.app\/news\/wp-json\/wp\/v2\/categories?post=12749"},{"taxonomy":"post_tag","embeddable":true,"href":"https:\/\/kraios.app\/news\/wp-json\/wp\/v2\/tags?post=12749"}],"curies":[{"name":"wp","href":"https:\/\/api.w.org\/{rel}","templated":true}]}}