{"id":12745,"date":"2023-08-27T08:20:04","date_gmt":"2023-08-27T08:20:04","guid":{"rendered":"https:\/\/kraios.app\/news\/yasam\/2023\/08\/27\/milli-mucadelenin-simgesi-inebolu-denk-kayigi-yeniden-denizle-bulustu\/"},"modified":"2023-08-27T08:20:04","modified_gmt":"2023-08-27T08:20:04","slug":"milli-mucadelenin-simgesi-inebolu-denk-kayigi-yeniden-denizle-bulustu","status":"publish","type":"post","link":"https:\/\/kraios.app\/news\/yasam\/2023\/08\/27\/milli-mucadelenin-simgesi-inebolu-denk-kayigi-yeniden-denizle-bulustu\/","title":{"rendered":"Milli M\u00fccadele&#8217;nin simgesi \u0130nebolu Denk Kay\u0131\u011f\u0131 yeniden denizle bulu\u015ftu"},"content":{"rendered":"<p><\/p>\n<div>\n<p>Kurtulu\u015f Sava\u015f\u0131&#8217;nda d\u00fc\u015fman i\u015fgaline u\u011framamas\u0131na ra\u011fmen, cephe gerisindeki hizmetleriyle \u0130nebolu&#8217;ya &#8220;\u0130stiklal Madalyal\u0131 tek il\u00e7e&#8221; unvan\u0131n\u0131 kazand\u0131ran kay\u0131k\u00e7\u0131lar, tarihe adlar\u0131n\u0131 alt\u0131n harflerle yazd\u0131rd\u0131.<\/p>\n<p>Atat\u00fcrk&#8217;\u00fcn 19 May\u0131s 1919&#8217;da Samsun&#8217;a \u00e7\u0131k\u0131\u015f\u0131yla ba\u015flayan milli m\u00fccadelenin lojistik merkezlerinden \u0130nebolu Liman\u0131, 3 y\u0131l boyunca silah ve cephanenin Anadolu&#8217;ya giri\u015f kap\u0131s\u0131 oldu. \u0130stanbul&#8217;dan getirilen binlerce ton silah ve cephane ile di\u011fer askeri malzemeler, g\u00fcvenli g\u00f6r\u00fcld\u00fc\u011f\u00fc i\u00e7in \u0130nebolu&#8217;ya ula\u015ft\u0131r\u0131ld\u0131.<\/p>\n<p>\u0130skelenin d\u00fczg\u00fcn olmamas\u0131 nedeniyle limana yana\u015famad\u0131klar\u0131 i\u00e7in a\u00e7\u0131kta demirleyen gemilerden cephane dolu sand\u0131klar\u0131n tahliye i\u015fini \u0130nebolulu kay\u0131k\u00e7\u0131lar \u00fcstlendi.<\/p>\n<p><img decoding=\"async\" alt=\"\" src=\"https:\/\/www.aa.com.tr\/uploads\/userFiles\/a54ea27f-6036-4f79-88c6-6bc9ba19a35d\/08_Nisan%2F06%20temmuz%2F03%2FAA-32001190.jpg\"\/><\/p>\n<p>Y\u00f6rede &#8220;denk kay\u0131\u011f\u0131&#8221; diye bilinen tekneleriyle, f\u0131rt\u0131nal\u0131 havalarda dev dalgalara g\u00f6\u011f\u00fcs gererek gemilerdeki binlerce ton cephaneyi karaya \u00e7\u0131karan \u0130nebolulu kay\u0131k\u00e7\u0131lar, 3 y\u0131l boyunca m\u00fccadele verdi.<\/p>\n<p>\u0130nebolu Kaymakaml\u0131\u011f\u0131 zamanla yok olan denk kay\u0131klar\u0131n\u0131n bir \u00f6rne\u011fini yapt\u0131rmak i\u00e7in \u00e7al\u0131\u015fma ba\u015flatt\u0131. \u0130nebolu Liman\u0131\u2019nda ah\u015fap tekne ustas\u0131 Mehmet Aksoy taraf\u0131ndan orijinaline uygun olarak tamamen kestane a\u011fac\u0131ndan in\u015fa edilen 11 metrelik denk kay\u0131\u011f\u0131 t\u00f6renle denize indirildi.<\/p>\n<p>\u0130nebolu Liman\u0131\u2019ndaki t\u00f6rene Vali Meftun Dall\u0131, AK Parti Kastamonu milletvekilleri Halil Uluay ve Serap Ekmekci, Kaymakam Ahmet Vezir Baycar, Belediye Ba\u015fkan\u0131 Mustafa Huner \u00d6zay, \u0130l Jandarma Komutan\u0131 Albay Zafer \u00d6zden, \u0130l Emniyet M\u00fcd\u00fcr\u00fc Kayhan Ay, kurum amirleri ve vatanda\u015flar kat\u0131ld\u0131.<\/p>\n<p><img decoding=\"async\" alt=\"\" src=\"https:\/\/www.aa.com.tr\/uploads\/userFiles\/a54ea27f-6036-4f79-88c6-6bc9ba19a35d\/08_Nisan%2F06%20temmuz%2F03%2FAA-32001192.jpg\"\/><\/p>\n<p>Kaymakam Baycar, t\u00f6rende yapt\u0131\u011f\u0131 konu\u015fmada, \u0130nebolu\u2019nun T\u00fcrkiye&#8217;de \u0130stiklal Madalyal\u0131 tek il\u00e7e unvan\u0131na sahip oldu\u011funu s\u00f6yledi.<\/p>\n<p>\u0130stiklal Madalyas\u0131&#8217;n\u0131n kazan\u0131lmas\u0131nda denk kay\u0131klar\u0131n\u0131n \u00f6nemli rol\u00fc oldu\u011funu belirten Baycar, &#8220;3 y\u0131l boyunca Mavnac\u0131lar Loncas\u0131 (Kay\u0131k\u00e7\u0131lar Odas\u0131) 100&#8217;\u00fc a\u015fk\u0131n \u00fcyesiyle beraber Kurtulu\u015f Sava\u015f\u0131&#8217;na silah ve cephane yeti\u015ftirmek \u00fczere burada meccanen hi\u00e7bir \u00fccret almadan hizmet g\u00f6rd\u00fcler. Tabi zamanla bu denk kay\u0131klar\u0131 maalesef y\u0131pran\u0131p tarihten neredeyse silindi. Son denk kay\u0131\u011f\u0131m\u0131z\u0131 da \u0130stanbul Deniz M\u00fczesine teslim ettik, orada sergileniyor. Merakl\u0131lar\u0131 orada g\u00f6r\u00fcyorlar ama bizim burada her \u0130nebolulunun y\u00fcre\u011finde bir ukde denk kay\u0131\u011f\u0131n\u0131 g\u00f6rmek arzu ediyorlar. Bize \u0130stiklal Madalyas\u0131&#8217;n\u0131 kazand\u0131ran, Milli M\u00fccadele&#8217;de olduk\u00e7a katk\u0131 sunan bu denk kay\u0131\u011f\u0131m\u0131z\u0131 denize indirmek her \u0130nebolulunun i\u00e7inde bir ukde, bir \u00f6zlem. Dolay\u0131s\u0131yla b\u00f6yle bir proje ba\u015flatt\u0131k. Denk kay\u0131\u011f\u0131m\u0131z\u0131n replikas\u0131n\u0131 canland\u0131ral\u0131m diye bir fikir geli\u015ftirdik.&#8221; dedi.<\/p>\n<p><img decoding=\"async\" alt=\"\" src=\"https:\/\/www.aa.com.tr\/uploads\/userFiles\/a54ea27f-6036-4f79-88c6-6bc9ba19a35d\/08_Nisan%2F06%20temmuz%2F03%2FAA-32001193.jpg\"\/><\/p>\n<p>Denk kay\u0131\u011f\u0131n\u0131n \u0130nebolu\u2019nun bir de\u011feri oldu\u011funu ifade eden Baycar, &#8220;Orijinaline y\u00fczde 100\u2019e yak\u0131n orijinallikte bir denk kay\u0131\u011f\u0131n\u0131 \u015fu an g\u00f6rmekteyiz. Bu da bizi ger\u00e7ekten \u00e7ok duyguland\u0131rd\u0131. Bu g\u00f6rd\u00fc\u011f\u00fcn\u00fcz denk kay\u0131\u011f\u0131 1 y\u0131ll\u0131k bir emek. Bunun herhangi bir b\u00fct\u00e7esi yok. 750 bin liran\u0131n \u00fczerinde 1 milyon liraya kadar bir maliyeti var ama tamamen el birli\u011fiyle \u0130nebolulular olarak belediyemizle, kurumlar\u0131m\u0131zla, hay\u0131rseverlerimizle, arkada\u015flar\u0131m\u0131z da emekleri i\u00e7in hi\u00e7bir \u00fccret almad\u0131lar, el birli\u011fiyle yapt\u0131k.&#8221; diye konu\u015ftu.<\/p>\n<p>Vali Dall\u0131 ise konu\u015fmas\u0131nda, &#8220;\u0130nebolu i\u00e7in \u00e7ok g\u00fczel bir \u00e7aba olmu\u015f bu. Bundan sonraki y\u0131llarda da umar\u0131m tarihi ya\u015fatmada, yap\u0131lan fedakarl\u0131klar\u0131 hat\u0131rlamada \u00e7ok b\u00fcy\u00fck bir katk\u0131s\u0131 olacakt\u0131r. Hay\u0131rl\u0131 u\u011furlu olsun.&#8221; ifadelerini kulland\u0131.<\/p>\n<p>Konu\u015fmalar\u0131n ard\u0131ndan &#8220;Gazi \u0130nebolu&#8221; isimli ve 2 \u00e7ifte k\u00fcrekli kay\u0131k denize indirildi.<\/p>\n<p>                            <span class=\"detay-foto-editor\">&#13;<br \/>\n                                <a href=\"https:\/\/www.aa.com.tr\/tr\/p\/abonelik-talep-formu\/1001\" target=\"_blank\" style=\"font-size:12px; color:#444; text-decoration:none;\" rel=\"noopener\">&#13;<br \/>\n                                    Anadolu Ajans\u0131 web sitesinde, AA Haber Ak\u0131\u015f Sistemi (HAS) \u00fczerinden abonelere sunulan haberler, \u00f6zetlenerek yay\u0131mlanmaktad\u0131r. <b style=\"color:#1897F7\">Abonelik i\u00e7in l\u00fctfen ileti\u015fime ge\u00e7iniz.<\/b>&#13;<br \/>\n                                <\/a>&#13;<br \/>\n                            <\/span>\n                        <\/div>\n<p><script>\n\t  window.fbAsyncInit = function() {\n\t\tFB.init({\n\t\t  appId: '1855843514662870',\n\t\t  status : true, \/\/ check login status\n\t\t  cookie : true, \/\/ enable cookies to allow the server to access the session\n\t\t  xfbml  : true  \/\/ parse XFBML\n\t\t});\n\t  };<\/p>\n<p>\t  (function() {\n\t\tvar e = document.createElement('script');\n\t\te.src=\"https:\/\/connect.facebook.net\/tr_TR\/all.js\";\n\t\te.async = true;\n\t\tdocument.getElementById('fb-root').appendChild(e);\n\t  }());\n    <\/script><\/p>\n","protected":false},"excerpt":{"rendered":"<p>Kurtulu\u015f Sava\u015f\u0131&#8217;nda d\u00fc\u015fman i\u015fgaline u\u011framamas\u0131na ra\u011fmen, cephe gerisindeki hizmetleriyle \u0130nebolu&#8217;ya &#8220;\u0130stiklal Madalyal\u0131 tek il\u00e7e&#8221; unvan\u0131n\u0131 kazand\u0131ran kay\u0131k\u00e7\u0131lar, tarihe adlar\u0131n\u0131 alt\u0131n harflerle yazd\u0131rd\u0131. Atat\u00fcrk&#8217;\u00fcn 19 May\u0131s 1919&#8217;da Samsun&#8217;a \u00e7\u0131k\u0131\u015f\u0131yla ba\u015flayan milli m\u00fccadelenin lojistik merkezlerinden \u0130nebolu Liman\u0131, 3 y\u0131l boyunca silah ve cephanenin Anadolu&#8217;ya giri\u015f kap\u0131s\u0131 oldu. \u0130stanbul&#8217;dan getirilen binlerce ton silah ve cephane ile di\u011fer askeri [&hellip;]<\/p>\n","protected":false},"author":1,"featured_media":12746,"comment_status":"","ping_status":"","sticky":false,"template":"","format":"standard","meta":[],"categories":[50],"tags":[],"_links":{"self":[{"href":"https:\/\/kraios.app\/news\/wp-json\/wp\/v2\/posts\/12745"}],"collection":[{"href":"https:\/\/kraios.app\/news\/wp-json\/wp\/v2\/posts"}],"about":[{"href":"https:\/\/kraios.app\/news\/wp-json\/wp\/v2\/types\/post"}],"author":[{"embeddable":true,"href":"https:\/\/kraios.app\/news\/wp-json\/wp\/v2\/users\/1"}],"replies":[{"embeddable":true,"href":"https:\/\/kraios.app\/news\/wp-json\/wp\/v2\/comments?post=12745"}],"version-history":[{"count":0,"href":"https:\/\/kraios.app\/news\/wp-json\/wp\/v2\/posts\/12745\/revisions"}],"wp:featuredmedia":[{"embeddable":true,"href":"https:\/\/kraios.app\/news\/wp-json\/wp\/v2\/media\/12746"}],"wp:attachment":[{"href":"https:\/\/kraios.app\/news\/wp-json\/wp\/v2\/media?parent=12745"}],"wp:term":[{"taxonomy":"category","embeddable":true,"href":"https:\/\/kraios.app\/news\/wp-json\/wp\/v2\/categories?post=12745"},{"taxonomy":"post_tag","embeddable":true,"href":"https:\/\/kraios.app\/news\/wp-json\/wp\/v2\/tags?post=12745"}],"curies":[{"name":"wp","href":"https:\/\/api.w.org\/{rel}","templated":true}]}}