{"id":12737,"date":"2023-08-27T04:20:10","date_gmt":"2023-08-27T04:20:10","guid":{"rendered":"https:\/\/kraios.app\/news\/spor\/2023\/08\/27\/ems-yapi-sivasspor-ile-bitexen-antalyaspor-berabere-kaldi\/"},"modified":"2023-08-27T04:20:10","modified_gmt":"2023-08-27T04:20:10","slug":"ems-yapi-sivasspor-ile-bitexen-antalyaspor-berabere-kaldi","status":"publish","type":"post","link":"https:\/\/kraios.app\/news\/spor\/2023\/08\/27\/ems-yapi-sivasspor-ile-bitexen-antalyaspor-berabere-kaldi\/","title":{"rendered":"EMS Yap\u0131 Sivasspor ile Bitexen Antalyaspor berabere kald\u0131"},"content":{"rendered":"<p><\/p>\n<div>\n<p>Trendyol S\u00fcper Lig&#8217;in 3. haftas\u0131nda EMS Yap\u0131 Sivasspor, Bitexen Antalyaspor kar\u015f\u0131la\u015fmas\u0131 1-1 tamamlad\u0131.<\/p>\n<p><img decoding=\"async\" alt=\"\" src=\"https:\/\/www.aa.com.tr\/uploads\/userFiles\/40b5e6df-807a-4c96-8fee-5e91cbea23a3\/2023%2FAgustos%2Fhbrc1.jpg\"\/><\/p>\n<h3>\u0130lk Yar\u0131<\/h3>\n<p>2. dakikada sa\u011f kanattan ceza sahas\u0131 i\u00e7ine giren Erdo\u011fan Ye\u015filyurt&#8217;un sert vuru\u015funu kaleci Ali \u015ea\u015fal Vural kurtard\u0131.<\/p>\n<p>10. dakikada Appindangoye&#8217;nin k\u0131sa d\u00fc\u015fen pas\u0131nda ceza sahas\u0131 d\u0131\u015f\u0131nda topla bulu\u015fan Larsson, kaleci Ali \u015ea\u015fal Vural ile kar\u015f\u0131 kar\u015f\u0131ya kald\u0131. Larson&#8217;un d\u00fczg\u00fcn vuru\u015fu a\u011flara gitti. 0-1<\/p>\n<p>36. dakikada Appindangoye&#8217;nin uzun pas\u0131nda ceza saha \u00f6n\u00fcnde topla bulu\u015fan Rodrigues, topu kaleci Liete&#8217;nin \u00fczerinden a\u011flara g\u00f6nderdi. 1-1<\/p>\n<p>Kar\u015f\u0131la\u015fman\u0131n ilk yar\u0131s\u0131 1-1 sona erdi.<\/p>\n<p><img decoding=\"async\" alt=\"\" src=\"https:\/\/www.aa.com.tr\/uploads\/userFiles\/40b5e6df-807a-4c96-8fee-5e91cbea23a3\/2023%2FAgustos%2Fhbrc2.jpg\"\/><\/p>\n<h3>\u0130kinci Yar\u0131<\/h3>\n<p>51. dakikada soldan U\u011fur&#8217;un sol kanattan ortas\u0131nda Caner y\u00fckseldi, Caner&#8217;in kafa vuru\u015funda savunmadan seken top kornere \u00e7\u0131kt\u0131.<\/p>\n<p>78. dakikada Rodrigues&#8217;in sol kanattan ceza sahas\u0131 i\u00e7ine ortas\u0131nda Kvet&#8217;in sert vuru\u015fu auta \u00e7\u0131kt\u0131.<\/p>\n<p>Kar\u015f\u0131la\u015fma 1-1 sona erdi.<\/p>\n<h3>&#8220;\u0130lk yar\u0131da\u00a0maalesef tak\u0131m\u0131m\u0131z ad\u0131na \u00e7ok \u00f6nemli bir oyuncuyu kaybettik&#8221;<\/h3>\n<p>Bitexen Antalyaspor teknik sorumlu Joao Carlos Valado Tralhao, ald\u0131klar\u0131 bir puan i\u00e7in mutlu olduklar\u0131n\u0131 belirtti.<\/p>\n<p>Tralhao, ma\u00e7\u0131n ard\u0131ndan d\u00fczenlenen bas\u0131n toplant\u0131s\u0131nda, bug\u00fcn kendi adlar\u0131na kar\u0131\u015f\u0131k bir ma\u00e7 olaca\u011f\u0131n\u0131 bildiklerini, rakiplerinin son d\u00f6nemde \u00f6z g\u00fcvenini y\u00fcksek tutacak sonu\u00e7lar ald\u0131\u011f\u0131n\u0131 s\u00f6yledi.<\/p>\n<p>Bug\u00fcn futbolcular\u0131n bireysel olarak \u00e7ok \u00fcst seviyede oynad\u0131klar\u0131n\u0131 belirten Tralhao, &#8220;\u0130lk yar\u0131da y\u00fcksek seviyedeki oyunumuzla gol\u00fc bulduk. Rakibimizi bask\u0131 alt\u0131na ald\u0131\u011f\u0131m\u0131z oyunu iyi kapatt\u0131\u011f\u0131m\u0131z dakikalarda, maalesef tak\u0131m\u0131m\u0131z ad\u0131na \u00e7ok \u00f6nemli bir oyuncuyu kaybettik. Sakatlanarak oyundan \u00e7\u0131kmak zorunda kald\u0131.&#8221; ifadelerini kulland\u0131.<\/p>\n<p>Joao Carlos Valado Tralhao, tak\u0131m olarak sahada zaman zaman iyi m\u00fccadele ettiklerini aktararak, \u015funlar\u0131 kaydetti:<\/p>\n<p>&#8220;Sahada rakibimizden daha az say\u0131da oyuncumuz oldu\u011fu dakikalarda rakibimiz oyunu oynamaya devam etti. Ve bu s\u00fcre i\u00e7inde maalesef hem sa\u011f hem sol kanattan bize kar\u015f\u0131 ataklar buldular. Bu dalgalanman\u0131n ard\u0131ndan tekrardan bir oyuncu de\u011fi\u015fikli\u011fi yaparak oyuna d\u00f6nd\u00fc\u011f\u00fcm\u00fczde ters at\u0131lan bir uzun topta maalesef ofsaytta olmayan bir oyuncu gol att\u0131. Gol yedikten sonra maalesef tak\u0131m\u0131m\u0131zda bir d\u00fc\u015f\u00fc\u015f ba\u015flad\u0131. \u0130lk yar\u0131daki oyundan genel olarak memnunuz. Tak\u0131m\u0131m\u0131z iyi bir m\u00fccadele g\u00f6sterdi. \u0130lk yar\u0131da bizim ad\u0131m\u0131za \u00fcz\u00fcc\u00fc olan Kaluzinski&#8217;nin sakatl\u0131\u011f\u0131yd\u0131. \u0130kinci yar\u0131da kendi seviyemizin alt\u0131nda bir oyun sergiledik. Rakibimiz oyunu dengeledi ve baz\u0131 anlar\u0131nda iyi de oynad\u0131. Bu bir s\u00fcre\u00e7. Biz bu s\u00fcreci b\u00f6yle atlatmay\u0131 \u00f6ng\u00f6r\u00fcyorduk. \u00c7\u00fcnk\u00fc biz bir kimlik olu\u015fturuyoruz. Tak\u0131m\u0131m\u0131z ad\u0131na o kimli\u011fi olu\u015fturmak kolay olmayacakt\u0131r. Hepimiz bunun fark\u0131nday\u0131z. Kimli\u011fimizi olu\u015fturmaya devam edece\u011fiz.&#8221;<\/p>\n<h3>&#8220;\u0130ki tak\u0131m da gelecek i\u00e7in umut vadediyor&#8221;<\/h3>\n<p>EMS Yap\u0131 Sivasspor&#8217;da kul\u00fcp ba\u015fkan\u0131 Mecnun Otyakmaz, iki tak\u0131m\u0131n da gelecek ad\u0131na umut vadetti\u011fini s\u00f6yledi.<\/p>\n<p>Otyakmaz, ma\u00e7\u0131n ard\u0131ndan Sivas 4 Eyl\u00fcl Stadyumu \u00e7\u0131k\u0131\u015f\u0131nda gazetecilere yapt\u0131\u011f\u0131 a\u00e7\u0131klamada, iki tak\u0131m\u0131n da lige hen\u00fcz haz\u0131r olmad\u0131\u011f\u0131n\u0131 belirtti.<\/p>\n<p>Antalyaspor ile ayn\u0131 yerde kamp yapt\u0131klar\u0131n\u0131, ayn\u0131 anda transferler ger\u00e7ekle\u015ftirmeye \u00e7al\u0131\u015ft\u0131klar\u0131n\u0131 anlatan Otyakmaz, &#8220;Daha \u00f6nce haz\u0131rl\u0131k kar\u015f\u0131la\u015fmas\u0131 da oynam\u0131\u015ft\u0131k. \u0130ki tak\u0131m da tam haz\u0131r de\u011fil, yeni ve gelmekte olan transferler var.&#8221; dedi.<\/p>\n<p>Otyakmaz, k\u0131rm\u0131z\u0131-beyazl\u0131 ekiple birka\u00e7 antrenmana \u00e7\u0131kan Rey Manaj&#8217;a forma \u015fans\u0131 vermek zorunda kald\u0131klar\u0131n\u0131 dile getirerek, &#8220;Ho\u015f bir futbol olmad\u0131 ama iki tak\u0131m da gelecek i\u00e7in bence umut vadediyor. Neticede iyi bir kar\u015f\u0131la\u015fma oldu\u011funu s\u00f6yleyebilirim.&#8221; diye konu\u015ftu.<\/p>\n<p>E-bilet uygulamas\u0131na ge\u00e7mek i\u00e7in Kul\u00fcpler Birli\u011fi&#8217;nde bir komite olu\u015fturduklar\u0131n\u0131 s\u00f6yleyen Otyakmaz, &#8220;\u00d6zellikle gurbet\u00e7ilerimiz i\u00e7in bir parantez a\u00e7mak laz\u0131m, ma\u00e7lara gelmek i\u00e7in \u00e7ok zorlan\u0131yorlar. Zaten s\u00f6zle\u015fmemiz de bitiyor. Son olu\u015fturdu\u011fumuz bu komitenin e-bilet uygulamas\u0131na ge\u00e7mede b\u00fcy\u00fck etkisinin olaca\u011f\u0131n\u0131 d\u00fc\u015f\u00fcn\u00fcyorum.&#8221; ifadelerini kulland\u0131.<\/p>\n<h3>&#8220;Arkada\u015flar\u0131m\u0131z \u00e7ok g\u00fczel m\u00fccadele ettiler&#8221;<\/h3>\n<p>EMS Yap\u0131 Sivasspor Teknik Direkt\u00f6r\u00fc Servet \u00c7etin, galip gelemedikleri i\u00e7in \u00fczg\u00fcn olduklar\u0131n\u0131 s\u00f6yledi.<\/p>\n<p>\u00c7etin, ma\u00e7\u0131n ard\u0131ndan d\u00fczenlenen bas\u0131n toplant\u0131s\u0131nda, &#8220;\u00c7ok \u00e7eki\u015fmeli bir ma\u00e7 olaca\u011f\u0131n\u0131 biliyorduk. Nitekim de \u00f6yle oldu.&#8221; dedi.<\/p>\n<p>Tak\u0131m olarak iyi oynarken talihsiz bir gol yediklerini belirten \u00c7etin, \u015funlar\u0131 kaydetti:<\/p>\n<p>&#8220;Ma\u00e7tan sonra oyuncular\u0131m\u0131 kutlad\u0131m. Gol\u00fc yiyip geriye d\u00fc\u015ft\u00fckten sonra \u00e7ok iyi bir reaksiyon g\u00f6sterdiler. Sonras\u0131nda gol\u00fc de bulduk. \u0130\u015fin a\u00e7\u0131k\u00e7as\u0131 iyi de futbol oynad\u0131lar. Antalyaspor tak\u0131m\u0131 \u00f6zellikle ge\u00e7i\u015fi iyi yapan bir tak\u0131m. Bu tak\u0131ma kar\u015f\u0131 geri d\u00fc\u015ft\u00fckten sonra pozisyon bulman\u0131z zor. Ona ra\u011fmen pozisyon da vermedik. Beraberli\u011fi sa\u011flad\u0131k. Ben oyuncular\u0131m ger\u00e7ekten performanslar\u0131ndan memnunum. Arkada\u015flar\u0131m\u0131z ger\u00e7ekten \u00e7ok g\u00fczel m\u00fccadele ettiler. Bence ma\u00e7\u0131 kazanan taraf\u0131nda bizim olmam\u0131z gerekiyordu ama dedi\u011fim gibi geriye d\u00fc\u015ft\u00fckten sonra iyi reaksiyon g\u00f6sterdik. Arkada\u015flara performanslar\u0131ndan memnunum.&#8221;<\/p>\n<h3>&#8220;Umar\u0131m k\u0131sa zamanda toparlan\u0131r\u0131z&#8221;<\/h3>\n<p>Bitexen Antalyaspor Kul\u00fcp Ba\u015fkan\u0131 Sabri G\u00fclel, k\u0131sa zamanda toparlanarak lige haz\u0131r hale geleceklerini s\u00f6yledi.<\/p>\n<p>G\u00fclel, kar\u015f\u0131la\u015fman\u0131n ard\u0131ndan Sivas 4 Eyl\u00fcl Stadyumu \u00e7\u0131k\u0131\u015f\u0131nda gazetecilere yapt\u0131\u011f\u0131 a\u00e7\u0131klamada, her iki tak\u0131m\u0131n da lige hen\u00fcz haz\u0131r oldu\u011funun g\u00f6r\u00fcnt\u00fcs\u00fcn\u00fc vermedi\u011fini belirtti.<\/p>\n<p>\u00c7ok top kay\u0131plar\u0131n\u0131n oldu\u011fu, yeni transferlerin birbirine al\u0131\u015famad\u0131\u011f\u0131, keyifli bir futbol izlemediklerini vurgulayan G\u00fclel, &#8220;Umar\u0131m k\u0131sa zamanda toparlan\u0131r\u0131z. 7 yeni transferimiz vard\u0131 ve d\u00fcn gelen bir oyuncumuz sakatl\u0131ktan dolay\u0131 bug\u00fcn oyuna girmek zorunda kald\u0131. Birka\u00e7 hafta i\u00e7erisinde dengemizi bulaca\u011f\u0131m\u0131z\u0131 d\u00fc\u015f\u00fcn\u00fcyorum.&#8221; dedi.<\/p>\n<p>G\u00fclel, Kul\u00fcpler Birli\u011finde e-bilete ge\u00e7i\u015fle ilgili bir komite olu\u015fturduklar\u0131n\u0131 ve taraftarlarla ilgili g\u00fczel \u00e7al\u0131\u015fmalar yapt\u0131klar\u0131n\u0131 dile getirerek, \u015f\u00f6yle devam etti:<\/p>\n<p>&#8220;Bunlardan bir tanesi de e-bilet uygulamas\u0131. Bu konuda ciddi sanc\u0131lar ya\u015fan\u0131yor ve \u00e7\u00f6z\u00fcm i\u00e7in T\u00fcrkiye Futbol Federasyonu ile beraber hareket ediyoruz. Ayn\u0131 fikirdeyiz, \u00e7ok nadiren beraber hareket etti\u011fimiz konulardan bir tanesi. Y\u00fcksek gayret g\u00f6steriyoruz, ciddi bir s\u0131k\u0131nt\u0131 ya\u015fan\u0131yor. Futbolun kalitesinin artmas\u0131yla beraber taraftarlar\u0131n da daha yo\u011fun ilgi g\u00f6sterece\u011fini d\u00fc\u015f\u00fcn\u00fcyorum. E-bilet dengesi kurulmadan bu s\u0131k\u0131nt\u0131 t\u00fcm T\u00fcrkiye&#8217;nin ya\u015fad\u0131\u011f\u0131 bir s\u0131k\u0131nt\u0131. Zaten ge\u00e7mi\u015f verilere bakt\u0131\u011f\u0131m\u0131z zamanda bu uygulaman\u0131n negatif bir konu yaratt\u0131\u011f\u0131n\u0131 g\u00f6r\u00fcyoruz.&#8221;<\/p>\n<p>                            <span class=\"detay-foto-editor\">&#13;<br \/>\n                                <a href=\"https:\/\/www.aa.com.tr\/tr\/p\/abonelik-talep-formu\/1001\" target=\"_blank\" style=\"font-size:12px; color:#444; text-decoration:none;\" rel=\"noopener\">&#13;<br \/>\n                                    Anadolu Ajans\u0131 web sitesinde, AA Haber Ak\u0131\u015f Sistemi (HAS) \u00fczerinden abonelere sunulan haberler, \u00f6zetlenerek yay\u0131mlanmaktad\u0131r. <b style=\"color:#1897F7\">Abonelik i\u00e7in l\u00fctfen ileti\u015fime ge\u00e7iniz.<\/b>&#13;<br \/>\n                                <\/a>&#13;<br \/>\n                            <\/span>\n                        <\/div>\n<p><script>\n\t  window.fbAsyncInit = function() {\n\t\tFB.init({\n\t\t  appId: '1855843514662870',\n\t\t  status : true, \/\/ check login status\n\t\t  cookie : true, \/\/ enable cookies to allow the server to access the session\n\t\t  xfbml  : true  \/\/ parse XFBML\n\t\t});\n\t  };<\/p>\n<p>\t  (function() {\n\t\tvar e = document.createElement('script');\n\t\te.src=\"https:\/\/connect.facebook.net\/tr_TR\/all.js\";\n\t\te.async = true;\n\t\tdocument.getElementById('fb-root').appendChild(e);\n\t  }());\n    <\/script><\/p>\n","protected":false},"excerpt":{"rendered":"<p>Trendyol S\u00fcper Lig&#8217;in 3. haftas\u0131nda EMS Yap\u0131 Sivasspor, Bitexen Antalyaspor kar\u015f\u0131la\u015fmas\u0131 1-1 tamamlad\u0131. \u0130lk Yar\u0131 2. dakikada sa\u011f kanattan ceza sahas\u0131 i\u00e7ine giren Erdo\u011fan Ye\u015filyurt&#8217;un sert vuru\u015funu kaleci Ali \u015ea\u015fal Vural kurtard\u0131. 10. dakikada Appindangoye&#8217;nin k\u0131sa d\u00fc\u015fen pas\u0131nda ceza sahas\u0131 d\u0131\u015f\u0131nda topla bulu\u015fan Larsson, kaleci Ali \u015ea\u015fal Vural ile kar\u015f\u0131 kar\u015f\u0131ya kald\u0131. Larson&#8217;un d\u00fczg\u00fcn vuru\u015fu [&hellip;]<\/p>\n","protected":false},"author":1,"featured_media":12738,"comment_status":"","ping_status":"","sticky":false,"template":"","format":"standard","meta":[],"categories":[48],"tags":[],"_links":{"self":[{"href":"https:\/\/kraios.app\/news\/wp-json\/wp\/v2\/posts\/12737"}],"collection":[{"href":"https:\/\/kraios.app\/news\/wp-json\/wp\/v2\/posts"}],"about":[{"href":"https:\/\/kraios.app\/news\/wp-json\/wp\/v2\/types\/post"}],"author":[{"embeddable":true,"href":"https:\/\/kraios.app\/news\/wp-json\/wp\/v2\/users\/1"}],"replies":[{"embeddable":true,"href":"https:\/\/kraios.app\/news\/wp-json\/wp\/v2\/comments?post=12737"}],"version-history":[{"count":0,"href":"https:\/\/kraios.app\/news\/wp-json\/wp\/v2\/posts\/12737\/revisions"}],"wp:featuredmedia":[{"embeddable":true,"href":"https:\/\/kraios.app\/news\/wp-json\/wp\/v2\/media\/12738"}],"wp:attachment":[{"href":"https:\/\/kraios.app\/news\/wp-json\/wp\/v2\/media?parent=12737"}],"wp:term":[{"taxonomy":"category","embeddable":true,"href":"https:\/\/kraios.app\/news\/wp-json\/wp\/v2\/categories?post=12737"},{"taxonomy":"post_tag","embeddable":true,"href":"https:\/\/kraios.app\/news\/wp-json\/wp\/v2\/tags?post=12737"}],"curies":[{"name":"wp","href":"https:\/\/api.w.org\/{rel}","templated":true}]}}