{"id":12725,"date":"2023-08-26T22:20:05","date_gmt":"2023-08-26T22:20:05","guid":{"rendered":"https:\/\/kraios.app\/news\/spor\/2023\/08\/26\/yunus-akgun-leicester-cityye-transfer-oldu\/"},"modified":"2023-08-26T22:20:05","modified_gmt":"2023-08-26T22:20:05","slug":"yunus-akgun-leicester-cityye-transfer-oldu","status":"publish","type":"post","link":"https:\/\/kraios.app\/news\/spor\/2023\/08\/26\/yunus-akgun-leicester-cityye-transfer-oldu\/","title":{"rendered":"Yunus Akg\u00fcn, Leicester City&#039;ye transfer oldu"},"content":{"rendered":"<p>Galatasaray Kul\u00fcb\u00fc, Yunus Akg\u00fcn\u2019\u00fcn 2023-2024 sezonu i\u00e7in \u015farta ba\u011fl\u0131 zorunlu sat\u0131n alma opsiyonu ile ge\u00e7ici transferi konusunda Leicester City ile anla\u015fmaya var\u0131ld\u0131\u011f\u0131n\u0131 duyurdu.<\/p>\n","protected":false},"excerpt":{"rendered":"<p>Galatasaray Kul\u00fcb\u00fc, Yunus Akg\u00fcn\u2019\u00fcn 2023-2024 sezonu i\u00e7in \u015farta ba\u011fl\u0131 zorunlu sat\u0131n alma opsiyonu ile ge\u00e7ici transferi konusunda Leicester City ile anla\u015fmaya var\u0131ld\u0131\u011f\u0131n\u0131 duyurdu.<\/p>\n","protected":false},"author":1,"featured_media":12726,"comment_status":"","ping_status":"","sticky":false,"template":"","format":"standard","meta":[],"categories":[48],"tags":[],"_links":{"self":[{"href":"https:\/\/kraios.app\/news\/wp-json\/wp\/v2\/posts\/12725"}],"collection":[{"href":"https:\/\/kraios.app\/news\/wp-json\/wp\/v2\/posts"}],"about":[{"href":"https:\/\/kraios.app\/news\/wp-json\/wp\/v2\/types\/post"}],"author":[{"embeddable":true,"href":"https:\/\/kraios.app\/news\/wp-json\/wp\/v2\/users\/1"}],"replies":[{"embeddable":true,"href":"https:\/\/kraios.app\/news\/wp-json\/wp\/v2\/comments?post=12725"}],"version-history":[{"count":0,"href":"https:\/\/kraios.app\/news\/wp-json\/wp\/v2\/posts\/12725\/revisions"}],"wp:featuredmedia":[{"embeddable":true,"href":"https:\/\/kraios.app\/news\/wp-json\/wp\/v2\/media\/12726"}],"wp:attachment":[{"href":"https:\/\/kraios.app\/news\/wp-json\/wp\/v2\/media?parent=12725"}],"wp:term":[{"taxonomy":"category","embeddable":true,"href":"https:\/\/kraios.app\/news\/wp-json\/wp\/v2\/categories?post=12725"},{"taxonomy":"post_tag","embeddable":true,"href":"https:\/\/kraios.app\/news\/wp-json\/wp\/v2\/tags?post=12725"}],"curies":[{"name":"wp","href":"https:\/\/api.w.org\/{rel}","templated":true}]}}