{"id":12721,"date":"2023-08-26T20:20:05","date_gmt":"2023-08-26T20:20:05","guid":{"rendered":"https:\/\/kraios.app\/news\/yasam\/2023\/08\/26\/hatayda-depremzede-ogrenciler-sahil-guvenlik-ekipleriyle-dalis-yapti\/"},"modified":"2023-08-26T20:20:05","modified_gmt":"2023-08-26T20:20:05","slug":"hatayda-depremzede-ogrenciler-sahil-guvenlik-ekipleriyle-dalis-yapti","status":"publish","type":"post","link":"https:\/\/kraios.app\/news\/yasam\/2023\/08\/26\/hatayda-depremzede-ogrenciler-sahil-guvenlik-ekipleriyle-dalis-yapti\/","title":{"rendered":"Hatay&#039;da depremzede \u00f6\u011frenciler, Sahil G\u00fcvenlik ekipleriyle dal\u0131\u015f yapt\u0131"},"content":{"rendered":"<p>Hatay&#8217;\u0131n Samanda\u011f il\u00e7esinde depremzede \u00f6\u011frenciler, Sahil G\u00fcvenlik ekipleriyle su alt\u0131n\u0131 ke\u015ffetti.<\/p>\n","protected":false},"excerpt":{"rendered":"<p>Hatay&#8217;\u0131n Samanda\u011f il\u00e7esinde depremzede \u00f6\u011frenciler, Sahil G\u00fcvenlik ekipleriyle su alt\u0131n\u0131 ke\u015ffetti.<\/p>\n","protected":false},"author":1,"featured_media":12722,"comment_status":"","ping_status":"","sticky":false,"template":"","format":"standard","meta":[],"categories":[50],"tags":[],"_links":{"self":[{"href":"https:\/\/kraios.app\/news\/wp-json\/wp\/v2\/posts\/12721"}],"collection":[{"href":"https:\/\/kraios.app\/news\/wp-json\/wp\/v2\/posts"}],"about":[{"href":"https:\/\/kraios.app\/news\/wp-json\/wp\/v2\/types\/post"}],"author":[{"embeddable":true,"href":"https:\/\/kraios.app\/news\/wp-json\/wp\/v2\/users\/1"}],"replies":[{"embeddable":true,"href":"https:\/\/kraios.app\/news\/wp-json\/wp\/v2\/comments?post=12721"}],"version-history":[{"count":0,"href":"https:\/\/kraios.app\/news\/wp-json\/wp\/v2\/posts\/12721\/revisions"}],"wp:featuredmedia":[{"embeddable":true,"href":"https:\/\/kraios.app\/news\/wp-json\/wp\/v2\/media\/12722"}],"wp:attachment":[{"href":"https:\/\/kraios.app\/news\/wp-json\/wp\/v2\/media?parent=12721"}],"wp:term":[{"taxonomy":"category","embeddable":true,"href":"https:\/\/kraios.app\/news\/wp-json\/wp\/v2\/categories?post=12721"},{"taxonomy":"post_tag","embeddable":true,"href":"https:\/\/kraios.app\/news\/wp-json\/wp\/v2\/tags?post=12721"}],"curies":[{"name":"wp","href":"https:\/\/api.w.org\/{rel}","templated":true}]}}