{"id":12714,"date":"2023-08-26T16:20:09","date_gmt":"2023-08-26T16:20:09","guid":{"rendered":"https:\/\/kraios.app\/news\/spor\/2023\/08\/26\/tbfden-larkin-ve-wilbekine-5er-mac-ceza\/"},"modified":"2023-08-26T16:20:09","modified_gmt":"2023-08-26T16:20:09","slug":"tbfden-larkin-ve-wilbekine-5er-mac-ceza","status":"publish","type":"post","link":"https:\/\/kraios.app\/news\/spor\/2023\/08\/26\/tbfden-larkin-ve-wilbekine-5er-mac-ceza\/","title":{"rendered":"TBF&#039;den Larkin ve Wilbekin&#039;e 5&#039;er ma\u00e7 ceza"},"content":{"rendered":"<p>TBF Disiplin Kurulu, Larkin ve Wilbekin&#8217;e davet edildikleri 2024 Olimpiyat \u00d6n Eleme A Milli Erkek Tak\u0131m m\u00fcsabakalar\u0131na kat\u0131lmamalar\u0131 nedeniyle 5&#8217;er ma\u00e7 men cezas\u0131 verdi.<\/p>\n","protected":false},"excerpt":{"rendered":"<p>TBF Disiplin Kurulu, Larkin ve Wilbekin&#8217;e davet edildikleri 2024 Olimpiyat \u00d6n Eleme A Milli Erkek Tak\u0131m m\u00fcsabakalar\u0131na kat\u0131lmamalar\u0131 nedeniyle 5&#8217;er ma\u00e7 men cezas\u0131 verdi.<\/p>\n","protected":false},"author":1,"featured_media":12715,"comment_status":"","ping_status":"","sticky":false,"template":"","format":"standard","meta":[],"categories":[48],"tags":[],"_links":{"self":[{"href":"https:\/\/kraios.app\/news\/wp-json\/wp\/v2\/posts\/12714"}],"collection":[{"href":"https:\/\/kraios.app\/news\/wp-json\/wp\/v2\/posts"}],"about":[{"href":"https:\/\/kraios.app\/news\/wp-json\/wp\/v2\/types\/post"}],"author":[{"embeddable":true,"href":"https:\/\/kraios.app\/news\/wp-json\/wp\/v2\/users\/1"}],"replies":[{"embeddable":true,"href":"https:\/\/kraios.app\/news\/wp-json\/wp\/v2\/comments?post=12714"}],"version-history":[{"count":0,"href":"https:\/\/kraios.app\/news\/wp-json\/wp\/v2\/posts\/12714\/revisions"}],"wp:featuredmedia":[{"embeddable":true,"href":"https:\/\/kraios.app\/news\/wp-json\/wp\/v2\/media\/12715"}],"wp:attachment":[{"href":"https:\/\/kraios.app\/news\/wp-json\/wp\/v2\/media?parent=12714"}],"wp:term":[{"taxonomy":"category","embeddable":true,"href":"https:\/\/kraios.app\/news\/wp-json\/wp\/v2\/categories?post=12714"},{"taxonomy":"post_tag","embeddable":true,"href":"https:\/\/kraios.app\/news\/wp-json\/wp\/v2\/tags?post=12714"}],"curies":[{"name":"wp","href":"https:\/\/api.w.org\/{rel}","templated":true}]}}