{"id":12704,"date":"2023-08-26T11:20:05","date_gmt":"2023-08-26T11:20:05","guid":{"rendered":"https:\/\/kraios.app\/news\/ekonomi\/2023\/08\/26\/bakan-uraloglu-yavuz-sultan-selim-koprusu-ile-zaman-ve-yakittan-3-milyar-455-milyon-lira-tasarruf-saglandi\/"},"modified":"2023-08-26T11:20:05","modified_gmt":"2023-08-26T11:20:05","slug":"bakan-uraloglu-yavuz-sultan-selim-koprusu-ile-zaman-ve-yakittan-3-milyar-455-milyon-lira-tasarruf-saglandi","status":"publish","type":"post","link":"https:\/\/kraios.app\/news\/ekonomi\/2023\/08\/26\/bakan-uraloglu-yavuz-sultan-selim-koprusu-ile-zaman-ve-yakittan-3-milyar-455-milyon-lira-tasarruf-saglandi\/","title":{"rendered":"Bakan Uralo\u011flu: Yavuz Sultan Selim K\u00f6pr\u00fcs\u00fc ile zaman ve yak\u0131ttan 3 milyar 455 milyon lira tasarruf sa\u011fland\u0131"},"content":{"rendered":"<p> <br \/>\n<br \/>Ula\u015ft\u0131rma ve Altyap\u0131 Bakan\u0131 Abdulkadir Uralo\u011flu, Yavuz Sultan Selim K\u00f6pr\u00fcs\u00fc&#8217;n\u00fcn 7 ya\u015f\u0131nda oldu\u011funu belirterek, zamandan ve yak\u0131ttan toplam 3 milyar 455 milyon lira tasarruf sa\u011fland\u0131\u011f\u0131n\u0131, karbon emisyonunun da 18 bin ton azalt\u0131ld\u0131\u011f\u0131n\u0131 bildirdi.<br \/>\n<br \/><br \/>\n<br \/><a href=\"https:\/\/www.aa.com.tr\/tr\/ekonomi\/bakan-uraloglu-yavuz-sultan-selim-koprusu-ile-zaman-ve-yakittan-3-milyar-455-milyon-lira-tasarruf-saglandi\/2976674\">Source link <\/a><\/p>\n","protected":false},"excerpt":{"rendered":"<p>Ula\u015ft\u0131rma ve Altyap\u0131 Bakan\u0131 Abdulkadir Uralo\u011flu, Yavuz Sultan Selim K\u00f6pr\u00fcs\u00fc&#8217;n\u00fcn 7 ya\u015f\u0131nda oldu\u011funu belirterek, zamandan ve yak\u0131ttan toplam 3 milyar 455 milyon lira tasarruf sa\u011fland\u0131\u011f\u0131n\u0131, karbon emisyonunun da 18 bin ton azalt\u0131ld\u0131\u011f\u0131n\u0131 bildirdi. Source link<\/p>\n","protected":false},"author":1,"featured_media":12705,"comment_status":"","ping_status":"","sticky":false,"template":"","format":"standard","meta":[],"categories":[44],"tags":[],"_links":{"self":[{"href":"https:\/\/kraios.app\/news\/wp-json\/wp\/v2\/posts\/12704"}],"collection":[{"href":"https:\/\/kraios.app\/news\/wp-json\/wp\/v2\/posts"}],"about":[{"href":"https:\/\/kraios.app\/news\/wp-json\/wp\/v2\/types\/post"}],"author":[{"embeddable":true,"href":"https:\/\/kraios.app\/news\/wp-json\/wp\/v2\/users\/1"}],"replies":[{"embeddable":true,"href":"https:\/\/kraios.app\/news\/wp-json\/wp\/v2\/comments?post=12704"}],"version-history":[{"count":0,"href":"https:\/\/kraios.app\/news\/wp-json\/wp\/v2\/posts\/12704\/revisions"}],"wp:featuredmedia":[{"embeddable":true,"href":"https:\/\/kraios.app\/news\/wp-json\/wp\/v2\/media\/12705"}],"wp:attachment":[{"href":"https:\/\/kraios.app\/news\/wp-json\/wp\/v2\/media?parent=12704"}],"wp:term":[{"taxonomy":"category","embeddable":true,"href":"https:\/\/kraios.app\/news\/wp-json\/wp\/v2\/categories?post=12704"},{"taxonomy":"post_tag","embeddable":true,"href":"https:\/\/kraios.app\/news\/wp-json\/wp\/v2\/tags?post=12704"}],"curies":[{"name":"wp","href":"https:\/\/api.w.org\/{rel}","templated":true}]}}