{"id":12702,"date":"2023-08-26T10:20:09","date_gmt":"2023-08-26T10:20:09","guid":{"rendered":"https:\/\/kraios.app\/news\/spor\/2023\/08\/26\/hatayspor-yarin-alanyaspora-konuk-olacak\/"},"modified":"2023-08-26T10:20:09","modified_gmt":"2023-08-26T10:20:09","slug":"hatayspor-yarin-alanyaspora-konuk-olacak","status":"publish","type":"post","link":"https:\/\/kraios.app\/news\/spor\/2023\/08\/26\/hatayspor-yarin-alanyaspora-konuk-olacak\/","title":{"rendered":"Hatayspor yar\u0131n Alanyaspor&#039;a konuk olacak"},"content":{"rendered":"<p>Ataka\u015f Hatayspor, Trendyol S\u00fcper Lig&#8217;in 3. haftas\u0131nda yar\u0131n deplasmanda Corendon Alanyaspor ile kar\u015f\u0131la\u015facak.<\/p>\n","protected":false},"excerpt":{"rendered":"<p>Ataka\u015f Hatayspor, Trendyol S\u00fcper Lig&#8217;in 3. haftas\u0131nda yar\u0131n deplasmanda Corendon Alanyaspor ile kar\u015f\u0131la\u015facak.<\/p>\n","protected":false},"author":1,"featured_media":12703,"comment_status":"","ping_status":"","sticky":false,"template":"","format":"standard","meta":[],"categories":[48],"tags":[],"_links":{"self":[{"href":"https:\/\/kraios.app\/news\/wp-json\/wp\/v2\/posts\/12702"}],"collection":[{"href":"https:\/\/kraios.app\/news\/wp-json\/wp\/v2\/posts"}],"about":[{"href":"https:\/\/kraios.app\/news\/wp-json\/wp\/v2\/types\/post"}],"author":[{"embeddable":true,"href":"https:\/\/kraios.app\/news\/wp-json\/wp\/v2\/users\/1"}],"replies":[{"embeddable":true,"href":"https:\/\/kraios.app\/news\/wp-json\/wp\/v2\/comments?post=12702"}],"version-history":[{"count":0,"href":"https:\/\/kraios.app\/news\/wp-json\/wp\/v2\/posts\/12702\/revisions"}],"wp:featuredmedia":[{"embeddable":true,"href":"https:\/\/kraios.app\/news\/wp-json\/wp\/v2\/media\/12703"}],"wp:attachment":[{"href":"https:\/\/kraios.app\/news\/wp-json\/wp\/v2\/media?parent=12702"}],"wp:term":[{"taxonomy":"category","embeddable":true,"href":"https:\/\/kraios.app\/news\/wp-json\/wp\/v2\/categories?post=12702"},{"taxonomy":"post_tag","embeddable":true,"href":"https:\/\/kraios.app\/news\/wp-json\/wp\/v2\/tags?post=12702"}],"curies":[{"name":"wp","href":"https:\/\/api.w.org\/{rel}","templated":true}]}}