{"id":12692,"date":"2023-08-26T08:41:48","date_gmt":"2023-08-26T08:41:48","guid":{"rendered":"https:\/\/kraios.app\/news\/spor\/2023\/08\/26\/milli-guresci-riza-kayaalp-6-dunya-sampiyonluguyla-rekorunu-gelistirmek-istiyor\/"},"modified":"2023-08-26T08:41:48","modified_gmt":"2023-08-26T08:41:48","slug":"milli-guresci-riza-kayaalp-6-dunya-sampiyonluguyla-rekorunu-gelistirmek-istiyor","status":"publish","type":"post","link":"https:\/\/kraios.app\/news\/spor\/2023\/08\/26\/milli-guresci-riza-kayaalp-6-dunya-sampiyonluguyla-rekorunu-gelistirmek-istiyor\/","title":{"rendered":"Milli g\u00fcre\u015f\u00e7i R\u0131za Kayaalp, 6. d\u00fcnya \u015fampiyonlu\u011fuyla rekorunu geli\u015ftirmek istiyor"},"content":{"rendered":"<p><\/p>\n<div>\n<p>R\u0131za Kayaalp, 17-23 Eyl\u00fcl tarihlerinde S\u0131rbistan&#8217;da yap\u0131lacak D\u00fcnya \u015eampiyonas\u0131&#8217;na Bolu Alada\u011f Kamp E\u011fitim Merkezi&#8217;nde G\u00fcre\u015f Milli Tak\u0131m\u0131 Teknik Direkt\u00f6r\u00fc Erdo\u011fan Karaali ve yard\u0131mc\u0131 antren\u00f6rler g\u00f6zetiminde g\u00fcnde \u00e7ift antrenman yaparak haz\u0131rlan\u0131yor.<\/p>\n<p>Bolu kamp\u0131n\u0131n verimli ge\u00e7ti\u011fini anlatan R\u0131za Kayaalp, AA muhabirine, \u015fampiyonaya bir aydan az s\u00fcre kald\u0131\u011f\u0131n\u0131, 21 Eyl\u00fcl&#8217;de mindere \u00e7\u0131kaca\u011f\u0131n\u0131 kaydetti.<\/p>\n<p>Milli g\u00fcre\u015f\u00e7i, yeni bir ba\u015far\u0131ya imza atmak istedi\u011fini belirterek, \u015f\u00f6yle devam etti:<\/p>\n<p>&#8220;Hedefim, tabii ki 6. d\u00fcnya \u015fampiyonlu\u011funu kazanabilmek. Bunun yan\u0131 s\u0131ra da olimpiyat vizesi almak. \u00c7al\u0131\u015fmam\u0131z bu y\u00f6nde devam ediyor. Zaten hedefimiz belli. Kendi rekorumu geli\u015ftirmek istiyorum. T\u00fcrkiye&#8217;de en \u00e7ok d\u00fcnya \u015fampiyonlu\u011fu olan g\u00fcre\u015f\u00e7i olarak alt\u0131nc\u0131y\u0131 ekleyip yeni bir rekor k\u0131rmak istiyorum. Elimizden gelen b\u00fct\u00fcn \u00e7abay\u0131 g\u00f6steriyoruz. Bu \u015fampiyonaya da en g\u00fc\u00e7l\u00fc \u015fekilde haz\u0131rlan\u0131p gitmek, orada \u00fclkemizi en iyi \u015fekilde temsil etmek en b\u00fcy\u00fck hedefim.&#8221;<\/p>\n<p>A\u011f\u0131r bir \u00e7al\u0131\u015fma programlar\u0131 oldu\u011funu, yorulduklar\u0131n\u0131, gerekli dinlenmeyle \u00e7ok iyi verim ald\u0131klar\u0131n\u0131 ifade eden R\u0131za Kayaalp, g\u00fcre\u015fin zor bir spor oldu\u011funu ancak severek yap\u0131ld\u0131\u011f\u0131nda zorluklar\u0131n g\u00f6ze batmad\u0131\u011f\u0131n\u0131 dile getirdi.<\/p>\n<h3>&#8220;En b\u00fcy\u00fck hedefim 2024 Paris Olimpiyatlar\u0131&#8221;<\/h3>\n<p>R\u0131za Kayaalp, spor kariyerinde bir\u00e7ok ba\u015far\u0131ya imza att\u0131\u011f\u0131n\u0131 vurgulayarak, &#8220;Tabii ki en b\u00fcy\u00fck hedefim 2024 Paris Olimpiyatlar\u0131. \u0130n\u015fallah orada alt\u0131n madalya alarak bu i\u015fi sonland\u0131rmak en b\u00fcy\u00fck hayalim. \u0130n\u015fallah nasip olur. Ben gereken haz\u0131rl\u0131\u011f\u0131 yapaca\u011f\u0131m. Bundan hi\u00e7 \u015f\u00fcphem yok. \u0130n\u015fallah kazas\u0131z, belas\u0131z bir sene ge\u00e7irerek, 11 ay gibi bir zaman kald\u0131. Nas\u0131l bir \u00e7al\u0131\u015fma gerekiyorsa en iyisini yapmak istiyorum. Alt\u0131n madalya ile olursa bu i\u015fi b\u0131rakmak benim i\u00e7in \u00e7ok g\u00fczel olacak.&#8221; \u015feklinde konu\u015ftu.<\/p>\n<p>\u00dc\u00e7 olimpiyat madalyas\u0131n\u0131n oldu\u011funu hat\u0131rlatan R\u0131za Kayaalp, &#8220;\u0130n\u015fallah d\u00f6rd\u00fcnc\u00fcs\u00fc de alt\u0131n madalya olur. Orada da bu i\u015fi sonland\u0131rmak nasip olur.&#8221; dedi.<\/p>\n<p>\u00dc\u00e7 partner ile \u00e7al\u0131\u015ft\u0131\u011f\u0131n\u0131 anlatan ay-y\u0131ld\u0131zl\u0131 sporcu, &#8220;Partnerlerim ne kadar \u00e7ok bana bask\u0131 kurarlarsa o kadar daha iyi ma\u00e7lara haz\u0131rlan\u0131r\u0131m. Kas yap\u0131m\u0131 ma\u00e7a daha iyi ayarlar\u0131m. G\u00fcc\u00fcm\u00fc ma\u00e7ta daha iyi kullan\u0131r\u0131m. Tabii ki antrenman partnerimin \u00e7ok olmas\u0131, onlar\u0131n da g\u00fc\u00e7l\u00fc olmas\u0131 benim i\u00e7in avantaj diye d\u00fc\u015f\u00fcn\u00fcyorum.&#8221; de\u011ferlendirmesinde bulundu.<\/p>\n<p>                            <span class=\"detay-foto-editor\">&#13;<br \/>\n                                <a href=\"https:\/\/www.aa.com.tr\/tr\/p\/abonelik-talep-formu\/1001\" target=\"_blank\" style=\"font-size:12px; color:#444; text-decoration:none;\" rel=\"noopener\">&#13;<br \/>\n                                    Anadolu Ajans\u0131 web sitesinde, AA Haber Ak\u0131\u015f Sistemi (HAS) \u00fczerinden abonelere sunulan haberler, \u00f6zetlenerek yay\u0131mlanmaktad\u0131r. <b style=\"color:#1897F7\">Abonelik i\u00e7in l\u00fctfen ileti\u015fime ge\u00e7iniz.<\/b>&#13;<br \/>\n                                <\/a>&#13;<br \/>\n                            <\/span>\n                        <\/div>\n<p><script>\n\t  window.fbAsyncInit = function() {\n\t\tFB.init({\n\t\t  appId: '1855843514662870',\n\t\t  status : true, \/\/ check login status\n\t\t  cookie : true, \/\/ enable cookies to allow the server to access the session\n\t\t  xfbml  : true  \/\/ parse XFBML\n\t\t});\n\t  };<\/p>\n<p>\t  (function() {\n\t\tvar e = document.createElement('script');\n\t\te.src=\"https:\/\/connect.facebook.net\/tr_TR\/all.js\";\n\t\te.async = true;\n\t\tdocument.getElementById('fb-root').appendChild(e);\n\t  }());\n    <\/script><\/p>\n","protected":false},"excerpt":{"rendered":"<p>R\u0131za Kayaalp, 17-23 Eyl\u00fcl tarihlerinde S\u0131rbistan&#8217;da yap\u0131lacak D\u00fcnya \u015eampiyonas\u0131&#8217;na Bolu Alada\u011f Kamp E\u011fitim Merkezi&#8217;nde G\u00fcre\u015f Milli Tak\u0131m\u0131 Teknik Direkt\u00f6r\u00fc Erdo\u011fan Karaali ve yard\u0131mc\u0131 antren\u00f6rler g\u00f6zetiminde g\u00fcnde \u00e7ift antrenman yaparak haz\u0131rlan\u0131yor. Bolu kamp\u0131n\u0131n verimli ge\u00e7ti\u011fini anlatan R\u0131za Kayaalp, AA muhabirine, \u015fampiyonaya bir aydan az s\u00fcre kald\u0131\u011f\u0131n\u0131, 21 Eyl\u00fcl&#8217;de mindere \u00e7\u0131kaca\u011f\u0131n\u0131 kaydetti. Milli g\u00fcre\u015f\u00e7i, yeni bir ba\u015far\u0131ya [&hellip;]<\/p>\n","protected":false},"author":1,"featured_media":12693,"comment_status":"","ping_status":"","sticky":false,"template":"","format":"standard","meta":[],"categories":[48],"tags":[],"_links":{"self":[{"href":"https:\/\/kraios.app\/news\/wp-json\/wp\/v2\/posts\/12692"}],"collection":[{"href":"https:\/\/kraios.app\/news\/wp-json\/wp\/v2\/posts"}],"about":[{"href":"https:\/\/kraios.app\/news\/wp-json\/wp\/v2\/types\/post"}],"author":[{"embeddable":true,"href":"https:\/\/kraios.app\/news\/wp-json\/wp\/v2\/users\/1"}],"replies":[{"embeddable":true,"href":"https:\/\/kraios.app\/news\/wp-json\/wp\/v2\/comments?post=12692"}],"version-history":[{"count":0,"href":"https:\/\/kraios.app\/news\/wp-json\/wp\/v2\/posts\/12692\/revisions"}],"wp:featuredmedia":[{"embeddable":true,"href":"https:\/\/kraios.app\/news\/wp-json\/wp\/v2\/media\/12693"}],"wp:attachment":[{"href":"https:\/\/kraios.app\/news\/wp-json\/wp\/v2\/media?parent=12692"}],"wp:term":[{"taxonomy":"category","embeddable":true,"href":"https:\/\/kraios.app\/news\/wp-json\/wp\/v2\/categories?post=12692"},{"taxonomy":"post_tag","embeddable":true,"href":"https:\/\/kraios.app\/news\/wp-json\/wp\/v2\/tags?post=12692"}],"curies":[{"name":"wp","href":"https:\/\/api.w.org\/{rel}","templated":true}]}}