{"id":12688,"date":"2023-08-26T08:39:48","date_gmt":"2023-08-26T08:39:48","guid":{"rendered":"https:\/\/kraios.app\/news\/yasam\/2023\/08\/26\/horhor-antikacilar-carsisinda-uc-kusak-bir-arada-antikacilik-yapiyor\/"},"modified":"2023-08-26T08:39:48","modified_gmt":"2023-08-26T08:39:48","slug":"horhor-antikacilar-carsisinda-uc-kusak-bir-arada-antikacilik-yapiyor","status":"publish","type":"post","link":"https:\/\/kraios.app\/news\/yasam\/2023\/08\/26\/horhor-antikacilar-carsisinda-uc-kusak-bir-arada-antikacilik-yapiyor\/","title":{"rendered":"Horhor Antikac\u0131lar \u00c7ar\u015f\u0131s\u0131&#8217;nda \u00fc\u00e7 ku\u015fak bir arada antikac\u0131l\u0131k yap\u0131yor"},"content":{"rendered":"<p><\/p>\n<div>\n<p>\u0130skenderpa\u015fa Mahallesi K\u0131rma Tulumba Sokak&#8217;ta 217 d\u00fckkan\u0131n bulundu\u011fu 7 katl\u0131 \u00e7ar\u015f\u0131, 1981&#8217;den bu yana antika merakl\u0131lar\u0131na hizmet veriyor.<\/p>\n<p>Baz\u0131lar\u0131 y\u00fczlerce y\u0131ll\u0131k birbirinden \u00f6zel e\u015fyalar\u0131n sergilendi\u011fi d\u00fckkanlarda, mobilyalardan tablolara, saatlerden avize ve g\u00fcnl\u00fck hayatta kullan\u0131lan s\u00fcs e\u015fyalar\u0131na kadar bir\u00e7ok antika sat\u0131l\u0131yor.<\/p>\n<p>Yurt i\u00e7i ve d\u0131\u015f\u0131ndan getirilen bir\u00e7ok e\u015fya, orijinalli\u011fi bozulmadan \u00f6zenle temizlenip gerekli bak\u0131mlar\u0131 yap\u0131ld\u0131ktan sonra antika merakl\u0131lar\u0131n\u0131n be\u011fenisine sunuluyor.<\/p>\n<p><img decoding=\"async\" alt=\"\" src=\"https:\/\/www.aa.com.tr\/uploads\/userFiles\/a54ea27f-6036-4f79-88c6-6bc9ba19a35d\/08_Nisan%2F06%20temmuz%2F04%2FAA-32000146.jpg\"\/><\/p>\n<p>Horhor Antikac\u0131lar \u00c7ar\u015f\u0131s\u0131&#8217;nda, Osmanl\u0131 d\u00f6neminin yan\u0131 s\u0131ra Uzak Do\u011fu ve Avrupa \u00fclkelerinde kullan\u0131lm\u0131\u015f mobilya ve aksesuarlar sat\u0131l\u0131yor.<\/p>\n<p>\u00c7ar\u015f\u0131da, 89 ya\u015f\u0131ndaki Neriman D\u00fczg\u00f6ren, o\u011flu ve torunu da farkl\u0131 d\u00fckkanlarda antikac\u0131l\u0131k mesle\u011fini icra ediyor.<\/p>\n<p><img decoding=\"async\" alt=\"\" src=\"https:\/\/www.aa.com.tr\/uploads\/userFiles\/a54ea27f-6036-4f79-88c6-6bc9ba19a35d\/08_Nisan%2F06%20temmuz%2F04%2FAA-32000148.jpg\"\/><\/p>\n<h3>&#8220;Hep eskileri ya\u015fad\u0131\u011f\u0131m\u0131z i\u00e7in \u00f6mr\u00fcm b\u00f6yle uzun oldu&#8221;<\/h3>\n<p>Neriman D\u00fczg\u00f6ren, AA muhabirine, 50 y\u0131ld\u0131r antikac\u0131l\u0131k yapt\u0131\u011f\u0131n\u0131 s\u00f6yledi.<\/p>\n<p>Zaman i\u00e7erisinde kendini geli\u015ftirerek mesle\u011fi \u00f6\u011frendi\u011fini belirten D\u00fczg\u00f6ren, &#8220;S\u0131f\u0131rdan ba\u015flad\u0131m. Baka baka \u00f6\u011frenip yapmaya ba\u015flad\u0131m. Sonra o\u011flumu yan\u0131ma ald\u0131m. Onunla beraber yurt d\u0131\u015f\u0131na gitmeye ba\u015flad\u0131k. Fransa&#8217;ya, M\u0131s\u0131r&#8217;a, Bel\u00e7ika&#8217;ya, Hollanda&#8217;ya gittik. Oralardan mal ald\u0131k, getirdik, satt\u0131k, \u015fimdi devam ediyoruz. Yan\u0131mda torunum da var.&#8221; dedi.<\/p>\n<p><img decoding=\"async\" alt=\"\" src=\"https:\/\/admin.aa.com.tr\/uploads\/userFiles\/a54ea27f-6036-4f79-88c6-6bc9ba19a35d\/08_Nisan%2F06%20temmuz%2F04%2FAA-32000144.jpg\"\/><\/p>\n<p>D\u00fczg\u00f6ren, o\u011flu ve torununun da antikac\u0131 olmas\u0131na \u00e7ok sevindi\u011fini dile getirerek, &#8220;\u00c7\u00fcnk\u00fc benden sonra da ya\u015fayacak bu meslek. Benim ba\u015flad\u0131\u011f\u0131m bir meslek ve torunumun torunu da devam ettirecek in\u015fallah.&#8221; ifadelerini kulland\u0131.<\/p>\n<p>Mesle\u011fini \u00e7ok sevdi\u011fini vurgulayan D\u00fczg\u00f6ren, &#8220;Hep eskileri ya\u015fad\u0131\u011f\u0131m\u0131z i\u00e7in \u00f6mr\u00fcm b\u00f6yle uzun oldu. \u00c7\u00fcnk\u00fc eskileri \u00e7ok seviyorum ve akl\u0131m ba\u015f\u0131mda. \u015eu anda g\u00f6zlerim g\u00fczel g\u00f6r\u00fcyor, buradaki b\u00fct\u00fcn e\u015fyalar\u0131n hepsinin fiyat\u0131n\u0131 biliyorum. Hi\u00e7 kimse bunu bilemez ama hangisini sorarsan sor s\u00f6ylerim.&#8221; diye konu\u015ftu.<\/p>\n<p>Neriman D\u00fczg\u00f6ren, zaman zaman be\u011fendi\u011fi antika e\u015fyalar\u0131 evine g\u00f6t\u00fcr\u00fcp kendisinin de kulland\u0131\u011f\u0131n\u0131 kaydetti.<\/p>\n<p><img decoding=\"async\" alt=\"\" src=\"https:\/\/www.aa.com.tr\/uploads\/userFiles\/a54ea27f-6036-4f79-88c6-6bc9ba19a35d\/08_Nisan%2F06%20temmuz%2F04%2FAA-32000149.jpg\"\/><\/p>\n<h3>&#8220;Bir daha d\u00fcnyaya gelsem bir daha bu mesle\u011fi yapar\u0131m&#8221;<\/h3>\n<p>D\u00fczg\u00f6ren&#8217;in o\u011flu Engin Filo\u011flu ise annesinden etkilendi\u011fini ve duydu\u011fu merak \u00fczerine 1990&#8217;da antikac\u0131 olmaya karar verdi\u011fini s\u00f6yledi.<\/p>\n<p>D\u00fckkan\u0131nda Fransa, \u0130ngiltere ve Arap \u00fclkeleri gibi \u00e7e\u015fitli yerlerden her t\u00fcrl\u00fc e\u015fya oldu\u011funu, zaman zaman 400 y\u0131ll\u0131k \u00fcr\u00fcnlerin geldi\u011fini anlatan Filo\u011flu, &#8220;\u00c7ok zevkli, g\u00fczel bir meslek. Bu meslekte ekonomiyle alakal\u0131 \u00e7ok \u015feyler beklemeyeceksiniz. Bu biraz g\u00f6n\u00fcl meselesi. \u0130yi ki de girmi\u015fim, bir daha d\u00fcnyaya gelsem bir daha bu mesle\u011fi yapar\u0131m.&#8221; dedi.<\/p>\n<p>Filo\u011flu, \u00e7\u00fcr\u00fcm\u00fc\u015f ve eskimi\u015f gibi g\u00f6r\u00fcnen bir\u00e7ok e\u015fyan\u0131n alt\u0131ndan \u00e7ok de\u011ferli antika eserlerin \u00e7\u0131kabildi\u011fine i\u015faret etti.<\/p>\n<p><img decoding=\"async\" alt=\"\" src=\"https:\/\/www.aa.com.tr\/uploads\/userFiles\/a54ea27f-6036-4f79-88c6-6bc9ba19a35d\/08_Nisan%2F06%20temmuz%2F04%2FAA-32000152.jpg\"\/><\/p>\n<p>Annesinin yan\u0131 s\u0131ra 32 ya\u015f\u0131ndaki o\u011flu Fatih&#8217;in \u00e7ar\u015f\u0131da antikac\u0131l\u0131k yapt\u0131\u011f\u0131n\u0131 belirten Engin Filo\u011flu, \u015f\u00f6yle konu\u015ftu:<\/p>\n<p>&#8220;O\u011flum i\u00e7 mimar. Annem 89 ya\u015f\u0131nda, hala bu mesle\u011fi gayet de bilin\u00e7li, \u00e7ok iyi bir \u015fekilde yapan ve piyasada iyi tan\u0131nan iyi bir antikac\u0131d\u0131r. Sonra ben var\u0131m, o\u011flum var. Her \u015feyin burada bir de\u011feri vard\u0131r, 30 bin, 20 bin, 5 bin liraya da\u2026 \u00c7ok g\u00fczel bir \u00fcr\u00fcn g\u00f6r\u00fcrs\u00fcn\u00fcz, size o kadar g\u00fczel gelir ki bu \u00fcr\u00fcn, siz antika dersiniz ama hi\u00e7bir de\u011feri yoktur, eski bir e\u015fyad\u0131r. Ayn\u0131 pozisyonda bir ba\u015fka par\u00e7a g\u00f6r\u00fcrs\u00fcn\u00fcz, \u00fcst\u00fcnde d\u00f6neminin imzas\u0131, damgas\u0131 oldu\u011fu zaman da bir anda 20 bin dolara \u00e7\u0131kar.&#8221;<\/p>\n<p><img decoding=\"async\" alt=\"\" src=\"https:\/\/www.aa.com.tr\/uploads\/userFiles\/a54ea27f-6036-4f79-88c6-6bc9ba19a35d\/08_Nisan%2F06%20temmuz%2F04%2FAA-32000145.jpg\"\/><\/p>\n<h3>&#8220;Buras\u0131 asl\u0131nda mobilya aksesuar\u0131n\u0131n \u00fcniversitesidir&#8221;<\/h3>\n<p>\u00c7ar\u015f\u0131 esnaf\u0131ndan 47 y\u0131ll\u0131k antikac\u0131 Selahattin Zenginy\u00fcrek de antikac\u0131l\u0131\u011f\u0131n k\u00fclt\u00fcr i\u015fi oldu\u011funu dile getirerek, &#8220;Horhor Antikac\u0131lar \u00c7ar\u015f\u0131s\u0131 bir k\u00fclt\u00fcr\u00fcn yok olmas\u0131n\u0131 engelliyor. Burada g\u00f6rd\u00fc\u011f\u00fcn\u00fcz b\u00fct\u00fcn \u00fcr\u00fcnler 100 y\u0131l ve \u00f6tesi, 150-160 senelik. Hepsinin restorasyonlar\u0131 yap\u0131l\u0131yor, yenileniyor. Tekrardan orijinalitesine kazand\u0131r\u0131lan \u00fcr\u00fcnler. Bir\u00e7ok yeni tasar\u0131mc\u0131 bu \u00fcr\u00fcnlerden feyz alarak tasar\u0131mlar\u0131 geli\u015ftiriyor. Buras\u0131 asl\u0131nda mobilya aksesuar\u0131n\u0131n \u00fcniversitesidir.&#8221; ifadelerini kulland\u0131.<\/p>\n<p>                            <span class=\"detay-foto-editor\">&#13;<br \/>\n                                <a href=\"https:\/\/www.aa.com.tr\/tr\/p\/abonelik-talep-formu\/1001\" target=\"_blank\" style=\"font-size:12px; color:#444; text-decoration:none;\" rel=\"noopener\">&#13;<br \/>\n                                    Anadolu Ajans\u0131 web sitesinde, AA Haber Ak\u0131\u015f Sistemi (HAS) \u00fczerinden abonelere sunulan haberler, \u00f6zetlenerek yay\u0131mlanmaktad\u0131r. <b style=\"color:#1897F7\">Abonelik i\u00e7in l\u00fctfen ileti\u015fime ge\u00e7iniz.<\/b>&#13;<br \/>\n                                <\/a>&#13;<br \/>\n                            <\/span>\n                        <\/div>\n<p><script>\n\t  window.fbAsyncInit = function() {\n\t\tFB.init({\n\t\t  appId: '1855843514662870',\n\t\t  status : true, \/\/ check login status\n\t\t  cookie : true, \/\/ enable cookies to allow the server to access the session\n\t\t  xfbml  : true  \/\/ parse XFBML\n\t\t});\n\t  };<\/p>\n<p>\t  (function() {\n\t\tvar e = document.createElement('script');\n\t\te.src=\"https:\/\/connect.facebook.net\/tr_TR\/all.js\";\n\t\te.async = true;\n\t\tdocument.getElementById('fb-root').appendChild(e);\n\t  }());\n    <\/script><\/p>\n","protected":false},"excerpt":{"rendered":"<p>\u0130skenderpa\u015fa Mahallesi K\u0131rma Tulumba Sokak&#8217;ta 217 d\u00fckkan\u0131n bulundu\u011fu 7 katl\u0131 \u00e7ar\u015f\u0131, 1981&#8217;den bu yana antika merakl\u0131lar\u0131na hizmet veriyor. Baz\u0131lar\u0131 y\u00fczlerce y\u0131ll\u0131k birbirinden \u00f6zel e\u015fyalar\u0131n sergilendi\u011fi d\u00fckkanlarda, mobilyalardan tablolara, saatlerden avize ve g\u00fcnl\u00fck hayatta kullan\u0131lan s\u00fcs e\u015fyalar\u0131na kadar bir\u00e7ok antika sat\u0131l\u0131yor. Yurt i\u00e7i ve d\u0131\u015f\u0131ndan getirilen bir\u00e7ok e\u015fya, orijinalli\u011fi bozulmadan \u00f6zenle temizlenip gerekli bak\u0131mlar\u0131 yap\u0131ld\u0131ktan sonra [&hellip;]<\/p>\n","protected":false},"author":1,"featured_media":12689,"comment_status":"","ping_status":"","sticky":false,"template":"","format":"standard","meta":[],"categories":[50],"tags":[],"_links":{"self":[{"href":"https:\/\/kraios.app\/news\/wp-json\/wp\/v2\/posts\/12688"}],"collection":[{"href":"https:\/\/kraios.app\/news\/wp-json\/wp\/v2\/posts"}],"about":[{"href":"https:\/\/kraios.app\/news\/wp-json\/wp\/v2\/types\/post"}],"author":[{"embeddable":true,"href":"https:\/\/kraios.app\/news\/wp-json\/wp\/v2\/users\/1"}],"replies":[{"embeddable":true,"href":"https:\/\/kraios.app\/news\/wp-json\/wp\/v2\/comments?post=12688"}],"version-history":[{"count":0,"href":"https:\/\/kraios.app\/news\/wp-json\/wp\/v2\/posts\/12688\/revisions"}],"wp:featuredmedia":[{"embeddable":true,"href":"https:\/\/kraios.app\/news\/wp-json\/wp\/v2\/media\/12689"}],"wp:attachment":[{"href":"https:\/\/kraios.app\/news\/wp-json\/wp\/v2\/media?parent=12688"}],"wp:term":[{"taxonomy":"category","embeddable":true,"href":"https:\/\/kraios.app\/news\/wp-json\/wp\/v2\/categories?post=12688"},{"taxonomy":"post_tag","embeddable":true,"href":"https:\/\/kraios.app\/news\/wp-json\/wp\/v2\/tags?post=12688"}],"curies":[{"name":"wp","href":"https:\/\/api.w.org\/{rel}","templated":true}]}}