{"id":12680,"date":"2023-08-26T07:20:14","date_gmt":"2023-08-26T07:20:14","guid":{"rendered":"https:\/\/kraios.app\/news\/spor\/2023\/08\/26\/fatih-karagumruk-super-ligde-mke-ankaragucunu-konuk-edecek\/"},"modified":"2023-08-26T07:20:14","modified_gmt":"2023-08-26T07:20:14","slug":"fatih-karagumruk-super-ligde-mke-ankaragucunu-konuk-edecek","status":"publish","type":"post","link":"https:\/\/kraios.app\/news\/spor\/2023\/08\/26\/fatih-karagumruk-super-ligde-mke-ankaragucunu-konuk-edecek\/","title":{"rendered":"Fatih Karag\u00fcmr\u00fck, S\u00fcper Lig&#039;de MKE Ankarag\u00fcc\u00fc&#039;n\u00fc konuk edecek"},"content":{"rendered":"<p>VavaCars Fatih Karag\u00fcmr\u00fck, Trendyol S\u00fcper Lig&#8217;in 3. haftas\u0131nda yar\u0131n MKE Ankarag\u00fcc\u00fc&#8217;n\u00fc konuk edecek.<\/p>\n","protected":false},"excerpt":{"rendered":"<p>VavaCars Fatih Karag\u00fcmr\u00fck, Trendyol S\u00fcper Lig&#8217;in 3. haftas\u0131nda yar\u0131n MKE Ankarag\u00fcc\u00fc&#8217;n\u00fc konuk edecek.<\/p>\n","protected":false},"author":1,"featured_media":12681,"comment_status":"","ping_status":"","sticky":false,"template":"","format":"standard","meta":[],"categories":[48],"tags":[],"_links":{"self":[{"href":"https:\/\/kraios.app\/news\/wp-json\/wp\/v2\/posts\/12680"}],"collection":[{"href":"https:\/\/kraios.app\/news\/wp-json\/wp\/v2\/posts"}],"about":[{"href":"https:\/\/kraios.app\/news\/wp-json\/wp\/v2\/types\/post"}],"author":[{"embeddable":true,"href":"https:\/\/kraios.app\/news\/wp-json\/wp\/v2\/users\/1"}],"replies":[{"embeddable":true,"href":"https:\/\/kraios.app\/news\/wp-json\/wp\/v2\/comments?post=12680"}],"version-history":[{"count":0,"href":"https:\/\/kraios.app\/news\/wp-json\/wp\/v2\/posts\/12680\/revisions"}],"wp:featuredmedia":[{"embeddable":true,"href":"https:\/\/kraios.app\/news\/wp-json\/wp\/v2\/media\/12681"}],"wp:attachment":[{"href":"https:\/\/kraios.app\/news\/wp-json\/wp\/v2\/media?parent=12680"}],"wp:term":[{"taxonomy":"category","embeddable":true,"href":"https:\/\/kraios.app\/news\/wp-json\/wp\/v2\/categories?post=12680"},{"taxonomy":"post_tag","embeddable":true,"href":"https:\/\/kraios.app\/news\/wp-json\/wp\/v2\/tags?post=12680"}],"curies":[{"name":"wp","href":"https:\/\/api.w.org\/{rel}","templated":true}]}}