{"id":12652,"date":"2023-08-25T19:20:09","date_gmt":"2023-08-25T19:20:09","guid":{"rendered":"https:\/\/kraios.app\/news\/yasam\/2023\/08\/25\/depremde-bacagini-kaybetti-temin-edilen-protezle-6-ay-sonra-ilk-adimini-atti\/"},"modified":"2023-08-25T19:20:09","modified_gmt":"2023-08-25T19:20:09","slug":"depremde-bacagini-kaybetti-temin-edilen-protezle-6-ay-sonra-ilk-adimini-atti","status":"publish","type":"post","link":"https:\/\/kraios.app\/news\/yasam\/2023\/08\/25\/depremde-bacagini-kaybetti-temin-edilen-protezle-6-ay-sonra-ilk-adimini-atti\/","title":{"rendered":"Depremde baca\u011f\u0131n\u0131 kaybetti, temin edilen protezle 6 ay sonra ilk ad\u0131m\u0131n\u0131 att\u0131"},"content":{"rendered":"<p><\/p>\n<div>\n<p>Ad\u0131yaman merkezde ya\u015fayan Turan, 6 \u015eubat&#8217;taki depremlerde e\u015fi ve 6 ya\u015f\u0131ndaki o\u011fluyla ya\u015fad\u0131\u011f\u0131 9 katl\u0131 binan\u0131n \u00e7\u00f6kmesi sonucu enkaz alt\u0131nda kald\u0131. Turan ile o\u011flu yakla\u015f\u0131k 7 saat sonra enkazdan \u00e7\u0131kar\u0131ld\u0131, ancak Turan&#8217;\u0131n e\u015fi hayat\u0131n\u0131 kaybetti.<\/p>\n<p>Moloz y\u0131\u011f\u0131nlar\u0131 alt\u0131nda kalan sol baca\u011f\u0131 diz alt\u0131ndan kesilen ve Ad\u0131yaman&#8217;da yap\u0131lan ilk m\u00fcdahalenin ard\u0131ndan \u0130zmir \u015eehir Hastanesine sevk edilen Turan, yakla\u015f\u0131k 1 ay yo\u011fun bak\u0131m \u00fcnitesinde tedavi g\u00f6rd\u00fc.<\/p>\n<p><img decoding=\"async\" alt=\"\" src=\"https:\/\/www.aa.com.tr\/uploads\/userFiles\/54a427bf-71c5-4e63-a83d-6196709e92a3\/009_2023%2F005_2023%2F07_Agustos%2F15%2F20230825_2_60015826_92194640.jpg\"\/><\/p>\n<p>Buradaki tedavisinin ard\u0131ndan \u00f6\u011fretmen olan a\u011fabeyinin g\u00f6rev yapt\u0131\u011f\u0131 Karadeniz Ere\u011fli&#8217;ye gelen Turan, 6 ya\u015f\u0131ndaki o\u011flu ve b\u00f6lge insan\u0131n\u0131n sevgisiyle ya\u015fama tutundu. <\/p>\n<p>Turan, gazetecilere, Ad\u0131yaman merkezde pazarlama firmas\u0131nda \u00e7al\u0131\u015ft\u0131\u011f\u0131n\u0131, depremde y\u0131k\u0131lan 9 katl\u0131 binan\u0131n 6&#8217;nc\u0131 kat\u0131nda o\u011flu ve e\u015fiyle birlikte ya\u015fad\u0131\u011f\u0131n\u0131 s\u00f6yledi.<\/p>\n<p>\u0130zmir&#8217;deki tedavisinin ard\u0131ndan Karadeniz Ere\u011fli&#8217;ye geldi\u011fini, devletin ve hay\u0131rseverlerin deste\u011fiyle K\u0131rmac\u0131 Mahallesi&#8217;nde bir eve yerle\u015fti\u011fini anlatan Turan, bir s\u00fcre sonra evinin yak\u0131n\u0131ndaki Fiziksel Engelliler Derne\u011fine gidip gelmeye ba\u015flad\u0131\u011f\u0131n\u0131, dernek ba\u015fkan\u0131 \u0130smail \u015eent\u00fcrk&#8217;\u00fcn kendisine tekerlekli sandalye, ak\u00fcl\u00fc araba gibi gere\u00e7ler temin etti\u011fini belirtti.<\/p>\n<p>Turan, \u015f\u00f6yle devam etti:<\/p>\n<p>&#8220;Herkes yan\u0131m\u0131zda oldu. Protez baca\u011f\u0131m\u0131 takt\u0131m, aya\u011fa kalkt\u0131\u011f\u0131mda b\u00fcy\u00fck bir sevin\u00e7 ya\u015fad\u0131m. O sevinci, mutlulu\u011fu anlatamam. \u00c7ocu\u011fumun etkisi, buradaki insanlar\u0131n sevgisiyle&#8230; \u00c7ok de\u011ferli insanlar var. Tedavi s\u00fcrecim de g\u00fczel ge\u00e7ti. 5 ay sonra Zonguldak&#8217;ta bir medikal merkezinde yap\u0131lan protez tak\u0131ld\u0131. Zorluk ya\u015fam\u0131yorum. Hay\u0131rseverlerin sayesinde \u015fu anda mutlu bir \u015fekilde y\u00fcr\u00fcyorum, hayata devam ediyoruz.&#8221;<\/p>\n<h3>&#8220;Hayat\u0131n ak\u0131\u015f\u0131 bir anda de\u011fi\u015febiliyor&#8221;<\/h3>\n<p>Ya\u015fad\u0131klar\u0131 s\u00fcrecin \u00e7ok zor oldu\u011funu, zihninden depremi atamad\u0131\u011f\u0131n\u0131 dile getiren Turan, &#8220;Rabbim kimseye bu duygular\u0131 ya\u015fatmas\u0131n. Derler ya &#8216;d\u00fc\u015fman\u0131ma bile ya\u015fatmas\u0131n&#8217; diye, ger\u00e7ekten \u00e7ok zor bir s\u00fcre\u00e7ti. Halen etkisi var m\u0131? tabii ki var. Kay\u0131plar\u0131m\u0131z var, akrabalar\u0131m\u0131z\u0131, yak\u0131nlar\u0131m\u0131z\u0131 kaybettik. Hayat\u0131n ak\u0131\u015f\u0131 bir anda de\u011fi\u015febiliyor, bunlara da \u015f\u00fck\u00fcr. &#8221; diye konu\u015ftu.<\/p>\n<h3>&#8220;Adem&#8217;i aya\u011fa kald\u0131r\u0131p y\u00fcr\u00fcmesini sa\u011flad\u0131lar&#8221;<\/h3>\n<p>Karadeniz Ere\u011fli Fiziksel Engelliler Derne\u011fi Ba\u015fkan\u0131 \u0130smail \u015eent\u00fcrk de \u00f6nce Turan&#8217;\u0131n yaras\u0131n\u0131n iyile\u015fmesini beklediklerini, daha sonra protez aray\u0131\u015f\u0131na girdiklerini ifade etti.<\/p>\n<p>\u015eent\u00fcrk, M\u00dcS\u0130AD Karadeniz Ere\u011fli \u015eube Ba\u015fkan\u0131 Temel G\u00fclbay ve y\u00f6netim kuruluna durumu ilettiklerini belirterek, &#8220;Protezi yapan firmayla kendileri g\u00f6r\u00fc\u015f\u00fcp, Adem&#8217;i 5 ay sonra aya\u011fa kald\u0131r\u0131p y\u00fcr\u00fcmesini sa\u011flad\u0131lar. Eme\u011fi ge\u00e7enlerden Allah raz\u0131 olsun. Allah milletimize, devletimize bir daha b\u00f6yle bir felaket ya\u015fatmas\u0131n, g\u00f6stermesin. \u00c7ok b\u00fcy\u00fck ac\u0131.&#8221; dedi.<\/p>\n<p>                            <span class=\"detay-foto-editor\">&#13;<br \/>\n                                <a href=\"https:\/\/www.aa.com.tr\/tr\/p\/abonelik-talep-formu\/1001\" target=\"_blank\" style=\"font-size:12px; color:#444; text-decoration:none;\" rel=\"noopener\">&#13;<br \/>\n                                    Anadolu Ajans\u0131 web sitesinde, AA Haber Ak\u0131\u015f Sistemi (HAS) \u00fczerinden abonelere sunulan haberler, \u00f6zetlenerek yay\u0131mlanmaktad\u0131r. <b style=\"color:#1897F7\">Abonelik i\u00e7in l\u00fctfen ileti\u015fime ge\u00e7iniz.<\/b>&#13;<br \/>\n                                <\/a>&#13;<br \/>\n                            <\/span>\n                        <\/div>\n<p><script>\n\t  window.fbAsyncInit = function() {\n\t\tFB.init({\n\t\t  appId: '1855843514662870',\n\t\t  status : true, \/\/ check login status\n\t\t  cookie : true, \/\/ enable cookies to allow the server to access the session\n\t\t  xfbml  : true  \/\/ parse XFBML\n\t\t});\n\t  };<\/p>\n<p>\t  (function() {\n\t\tvar e = document.createElement('script');\n\t\te.src=\"https:\/\/connect.facebook.net\/tr_TR\/all.js\";\n\t\te.async = true;\n\t\tdocument.getElementById('fb-root').appendChild(e);\n\t  }());\n    <\/script><\/p>\n","protected":false},"excerpt":{"rendered":"<p>Ad\u0131yaman merkezde ya\u015fayan Turan, 6 \u015eubat&#8217;taki depremlerde e\u015fi ve 6 ya\u015f\u0131ndaki o\u011fluyla ya\u015fad\u0131\u011f\u0131 9 katl\u0131 binan\u0131n \u00e7\u00f6kmesi sonucu enkaz alt\u0131nda kald\u0131. Turan ile o\u011flu yakla\u015f\u0131k 7 saat sonra enkazdan \u00e7\u0131kar\u0131ld\u0131, ancak Turan&#8217;\u0131n e\u015fi hayat\u0131n\u0131 kaybetti. Moloz y\u0131\u011f\u0131nlar\u0131 alt\u0131nda kalan sol baca\u011f\u0131 diz alt\u0131ndan kesilen ve Ad\u0131yaman&#8217;da yap\u0131lan ilk m\u00fcdahalenin ard\u0131ndan \u0130zmir \u015eehir Hastanesine sevk edilen [&hellip;]<\/p>\n","protected":false},"author":1,"featured_media":12653,"comment_status":"","ping_status":"","sticky":false,"template":"","format":"standard","meta":[],"categories":[50],"tags":[],"_links":{"self":[{"href":"https:\/\/kraios.app\/news\/wp-json\/wp\/v2\/posts\/12652"}],"collection":[{"href":"https:\/\/kraios.app\/news\/wp-json\/wp\/v2\/posts"}],"about":[{"href":"https:\/\/kraios.app\/news\/wp-json\/wp\/v2\/types\/post"}],"author":[{"embeddable":true,"href":"https:\/\/kraios.app\/news\/wp-json\/wp\/v2\/users\/1"}],"replies":[{"embeddable":true,"href":"https:\/\/kraios.app\/news\/wp-json\/wp\/v2\/comments?post=12652"}],"version-history":[{"count":0,"href":"https:\/\/kraios.app\/news\/wp-json\/wp\/v2\/posts\/12652\/revisions"}],"wp:featuredmedia":[{"embeddable":true,"href":"https:\/\/kraios.app\/news\/wp-json\/wp\/v2\/media\/12653"}],"wp:attachment":[{"href":"https:\/\/kraios.app\/news\/wp-json\/wp\/v2\/media?parent=12652"}],"wp:term":[{"taxonomy":"category","embeddable":true,"href":"https:\/\/kraios.app\/news\/wp-json\/wp\/v2\/categories?post=12652"},{"taxonomy":"post_tag","embeddable":true,"href":"https:\/\/kraios.app\/news\/wp-json\/wp\/v2\/tags?post=12652"}],"curies":[{"name":"wp","href":"https:\/\/api.w.org\/{rel}","templated":true}]}}