{"id":12635,"date":"2023-08-25T10:20:06","date_gmt":"2023-08-25T10:20:06","guid":{"rendered":"https:\/\/kraios.app\/news\/ekonomi\/2023\/08\/25\/alman-is-dunyasinin-ekonomiye-guveni-dort-aydir-dususte\/"},"modified":"2023-08-25T10:20:06","modified_gmt":"2023-08-25T10:20:06","slug":"alman-is-dunyasinin-ekonomiye-guveni-dort-aydir-dususte","status":"publish","type":"post","link":"https:\/\/kraios.app\/news\/ekonomi\/2023\/08\/25\/alman-is-dunyasinin-ekonomiye-guveni-dort-aydir-dususte\/","title":{"rendered":"Alman i\u015f d\u00fcnyas\u0131n\u0131n ekonomiye g\u00fcveni d\u00f6rt ayd\u0131r d\u00fc\u015f\u00fc\u015fte"},"content":{"rendered":"<p> <br \/>\n<\/p>\n<div>\n<p>Merkezi M\u00fcnih&#8217;te bulunan Ekonomi Ara\u015ft\u0131rma Enstit\u00fcs\u00fc (Ifo), yakla\u015f\u0131k 9 bin firman\u0131n kat\u0131l\u0131m\u0131yla ger\u00e7ekle\u015ftirdi\u011fi a\u011fustos ay\u0131 Almanya \u0130\u015f Anketi sonu\u00e7lar\u0131n\u0131 yay\u0131mlad\u0131<\/p>\n<p>Buna g\u00f6re, Almanya&#8217;da ge\u00e7en ay 87,4 puan olan Ifo \u0130\u015f Ortam\u0131 G\u00fcven Endeksi, \u015firket y\u00f6neticilerinin gelecek beklentilerindeki keskin k\u00f6t\u00fcle\u015fmenin etkisiyle a\u011fustosta 85,7 puana inerek, art arda d\u00fc\u015f\u00fc\u015f\u00fcn\u00fc d\u00f6rd\u00fcnc\u00fc aya ta\u015f\u0131d\u0131. Piyasa beklentisi endeksin 86,7 puana inmesi y\u00f6n\u00fcndeydi.<\/p>\n<p>A\u011fustosta Almanya&#8217;da Ifo Beklentiler Endeksi&#8217;nin 83,6\u2019dan 82,6 puana inmesi dikkati \u00e7ekerken, Mevcut Durum Endeksi de 91,4\u2019den 89 puana geriledi. \u0130\u015f d\u00fcnyas\u0131n\u0131n mevcut duruma ili\u015fkin de\u011ferlendirmeleri A\u011fustos 2020&#8217;den bu yana en d\u00fc\u015f\u00fck seviyesine inmesi de dikkati \u00e7ekti.<\/p>\n<p>Ifo anketinde, imalat ve hizmet sekt\u00f6rlerinin gelece\u011fine y\u00f6nelik beklentilerde k\u00f6t\u00fcle\u015fme g\u00f6r\u00fcld\u00fc\u011f\u00fc belirtildi.<\/p>\n<p>Ifo Ba\u015fkan\u0131 Clemens Fuest, konuya ili\u015fkin de\u011ferlendirmesinde, \u015firketlerin gelece\u011fe y\u00f6nelik beklentilerinin giderek daha karamsar oldu\u011funu belirterek, \u201cAlman ekonomisi hen\u00fcz d\u00fczl\u00fc\u011fe \u00e7\u0131km\u0131\u015f de\u011fil.\u201d ifadesini kulland\u0131.<\/p>\n<p>Almanya Federal \u0130statistik Ofisi (Destatis), verilerine g\u00f6re, Avrupa&#8217;n\u0131n en b\u00fcy\u00fck, d\u00fcnyan\u0131n d\u00f6rd\u00fcnc\u00fc ekonomisi olan Almanya ekonomisi, ge\u00e7en y\u0131l\u0131n son \u00e7eyre\u011finde y\u00fczde 0,4 ve y\u0131l\u0131n ilk \u00e7eyre\u011finde y\u00fczde 0,1 k\u00fc\u00e7\u00fcl\u00fcrken, y\u0131l\u0131n ikinci \u00e7eyre\u011finde b\u00fcy\u00fcme g\u00f6sterememi\u015fti.<\/p>\n<p>Son y\u0131llarda ya\u015fanan Kovid-19 salg\u0131n\u0131, tedarik zinciri kesintileri ve Rusya-Ukrayna sava\u015f\u0131 gibi \u00e7ok say\u0131daki kriz, Alman ekonomisinin zay\u0131f y\u00f6nlerini su y\u00fcz\u00fcne \u00e7\u0131kar\u0131rken, \u00c7in ba\u015fta olmak \u00fczere bir\u00e7ok \u00fclkenin Almanya&#8217;dan ithal etti\u011fi mallar\u0131 giderek daha fazla \u00fcretebilmesi ve y\u00fcksek enflasyonla artan faizler Alman ekonomisinin daha fazla b\u00fcy\u00fcmesini zorla\u015ft\u0131r\u0131yor.<\/p>\n<p>Yava\u015flayan k\u00fcresel b\u00fcy\u00fcme, sanayi \u00fcretimdeki d\u00fc\u015f\u00fc\u015f, t\u00fcketicilerin y\u00fckselen enflasyonla ba\u015f etme \u00e7abas\u0131 da Alman ekonomisini olumsuz etkiliyor.<\/p>\n<p>                            <span class=\"detay-foto-editor\">&#13;<br \/>\n                                <a href=\"https:\/\/www.aa.com.tr\/tr\/p\/abonelik-talep-formu\/1001\" target=\"_blank\" style=\"font-size:12px; color:#444; text-decoration:none;\" rel=\"noopener\">&#13;<br \/>\n                                    Anadolu Ajans\u0131 web sitesinde, AA Haber Ak\u0131\u015f Sistemi (HAS) \u00fczerinden abonelere sunulan haberler, \u00f6zetlenerek yay\u0131mlanmaktad\u0131r. <b style=\"color:#1897F7\">Abonelik i\u00e7in l\u00fctfen ileti\u015fime ge\u00e7iniz.<\/b>&#13;<br \/>\n                                <\/a>&#13;<br \/>\n                            <\/span>\n                        <\/div>\n<p><script>\n\t  window.fbAsyncInit = function() {\n\t\tFB.init({\n\t\t  appId: '1855843514662870',\n\t\t  status : true, \/\/ check login status\n\t\t  cookie : true, \/\/ enable cookies to allow the server to access the session\n\t\t  xfbml  : true  \/\/ parse XFBML\n\t\t});\n\t  };<\/p>\n<p>\t  (function() {\n\t\tvar e = document.createElement('script');\n\t\te.src=\"https:\/\/connect.facebook.net\/tr_TR\/all.js\";\n\t\te.async = true;\n\t\tdocument.getElementById('fb-root').appendChild(e);\n\t  }());\n    <\/script><br \/>\n<br \/><br \/>\n<br \/><a href=\"https:\/\/www.aa.com.tr\/tr\/ekonomi\/alman-is-dunyasinin-ekonomiye-guveni-dort-aydir-dususte\/2976026\">Source link <\/a><\/p>\n","protected":false},"excerpt":{"rendered":"<p>Merkezi M\u00fcnih&#8217;te bulunan Ekonomi Ara\u015ft\u0131rma Enstit\u00fcs\u00fc (Ifo), yakla\u015f\u0131k 9 bin firman\u0131n kat\u0131l\u0131m\u0131yla ger\u00e7ekle\u015ftirdi\u011fi a\u011fustos ay\u0131 Almanya \u0130\u015f Anketi sonu\u00e7lar\u0131n\u0131 yay\u0131mlad\u0131 Buna g\u00f6re, Almanya&#8217;da ge\u00e7en ay 87,4 puan olan Ifo \u0130\u015f Ortam\u0131 G\u00fcven Endeksi, \u015firket y\u00f6neticilerinin gelecek beklentilerindeki keskin k\u00f6t\u00fcle\u015fmenin etkisiyle a\u011fustosta 85,7 puana inerek, art arda d\u00fc\u015f\u00fc\u015f\u00fcn\u00fc d\u00f6rd\u00fcnc\u00fc aya ta\u015f\u0131d\u0131. Piyasa beklentisi endeksin 86,7 puana [&hellip;]<\/p>\n","protected":false},"author":1,"featured_media":12636,"comment_status":"","ping_status":"","sticky":false,"template":"","format":"standard","meta":[],"categories":[44],"tags":[],"_links":{"self":[{"href":"https:\/\/kraios.app\/news\/wp-json\/wp\/v2\/posts\/12635"}],"collection":[{"href":"https:\/\/kraios.app\/news\/wp-json\/wp\/v2\/posts"}],"about":[{"href":"https:\/\/kraios.app\/news\/wp-json\/wp\/v2\/types\/post"}],"author":[{"embeddable":true,"href":"https:\/\/kraios.app\/news\/wp-json\/wp\/v2\/users\/1"}],"replies":[{"embeddable":true,"href":"https:\/\/kraios.app\/news\/wp-json\/wp\/v2\/comments?post=12635"}],"version-history":[{"count":0,"href":"https:\/\/kraios.app\/news\/wp-json\/wp\/v2\/posts\/12635\/revisions"}],"wp:featuredmedia":[{"embeddable":true,"href":"https:\/\/kraios.app\/news\/wp-json\/wp\/v2\/media\/12636"}],"wp:attachment":[{"href":"https:\/\/kraios.app\/news\/wp-json\/wp\/v2\/media?parent=12635"}],"wp:term":[{"taxonomy":"category","embeddable":true,"href":"https:\/\/kraios.app\/news\/wp-json\/wp\/v2\/categories?post=12635"},{"taxonomy":"post_tag","embeddable":true,"href":"https:\/\/kraios.app\/news\/wp-json\/wp\/v2\/tags?post=12635"}],"curies":[{"name":"wp","href":"https:\/\/api.w.org\/{rel}","templated":true}]}}