{"id":12627,"date":"2023-08-25T08:20:05","date_gmt":"2023-08-25T08:20:05","guid":{"rendered":"https:\/\/kraios.app\/news\/yasam\/2023\/08\/25\/sakaryada-evsel-atiklar-sekay-projesiyle-enerji-ve-yakita-donusuyor\/"},"modified":"2023-08-25T08:20:05","modified_gmt":"2023-08-25T08:20:05","slug":"sakaryada-evsel-atiklar-sekay-projesiyle-enerji-ve-yakita-donusuyor","status":"publish","type":"post","link":"https:\/\/kraios.app\/news\/yasam\/2023\/08\/25\/sakaryada-evsel-atiklar-sekay-projesiyle-enerji-ve-yakita-donusuyor\/","title":{"rendered":"Sakarya&#039;da evsel at\u0131klar &quot;SEKAY&quot; projesiyle enerji ve yak\u0131ta d\u00f6n\u00fc\u015f\u00fcyor"},"content":{"rendered":"<p>Sakarya Entegre Kat\u0131 At\u0131k Y\u00f6netimi (SEKAY) Tesisi&#8217;nde &#8220;s\u0131f\u0131r at\u0131k&#8221; hedefiyle i\u015flenen evsel at\u0131klardan elektrik enerjisi, g\u00fcbre ve yak\u0131t \u00fcretilerek ekonomiye katk\u0131 sa\u011flan\u0131yor.<\/p>\n","protected":false},"excerpt":{"rendered":"<p>Sakarya Entegre Kat\u0131 At\u0131k Y\u00f6netimi (SEKAY) Tesisi&#8217;nde &#8220;s\u0131f\u0131r at\u0131k&#8221; hedefiyle i\u015flenen evsel at\u0131klardan elektrik enerjisi, g\u00fcbre ve yak\u0131t \u00fcretilerek ekonomiye katk\u0131 sa\u011flan\u0131yor.<\/p>\n","protected":false},"author":1,"featured_media":12628,"comment_status":"","ping_status":"","sticky":false,"template":"","format":"standard","meta":[],"categories":[50],"tags":[],"_links":{"self":[{"href":"https:\/\/kraios.app\/news\/wp-json\/wp\/v2\/posts\/12627"}],"collection":[{"href":"https:\/\/kraios.app\/news\/wp-json\/wp\/v2\/posts"}],"about":[{"href":"https:\/\/kraios.app\/news\/wp-json\/wp\/v2\/types\/post"}],"author":[{"embeddable":true,"href":"https:\/\/kraios.app\/news\/wp-json\/wp\/v2\/users\/1"}],"replies":[{"embeddable":true,"href":"https:\/\/kraios.app\/news\/wp-json\/wp\/v2\/comments?post=12627"}],"version-history":[{"count":0,"href":"https:\/\/kraios.app\/news\/wp-json\/wp\/v2\/posts\/12627\/revisions"}],"wp:featuredmedia":[{"embeddable":true,"href":"https:\/\/kraios.app\/news\/wp-json\/wp\/v2\/media\/12628"}],"wp:attachment":[{"href":"https:\/\/kraios.app\/news\/wp-json\/wp\/v2\/media?parent=12627"}],"wp:term":[{"taxonomy":"category","embeddable":true,"href":"https:\/\/kraios.app\/news\/wp-json\/wp\/v2\/categories?post=12627"},{"taxonomy":"post_tag","embeddable":true,"href":"https:\/\/kraios.app\/news\/wp-json\/wp\/v2\/tags?post=12627"}],"curies":[{"name":"wp","href":"https:\/\/api.w.org\/{rel}","templated":true}]}}