{"id":12615,"date":"2023-08-25T02:19:41","date_gmt":"2023-08-25T02:19:41","guid":{"rendered":"https:\/\/kraios.app\/news\/yasam\/2023\/08\/25\/kuraklik-riski-yerel-yonetimlere-onemli-sorumluluklar-yukluyor\/"},"modified":"2023-08-25T02:19:41","modified_gmt":"2023-08-25T02:19:41","slug":"kuraklik-riski-yerel-yonetimlere-onemli-sorumluluklar-yukluyor","status":"publish","type":"post","link":"https:\/\/kraios.app\/news\/yasam\/2023\/08\/25\/kuraklik-riski-yerel-yonetimlere-onemli-sorumluluklar-yukluyor\/","title":{"rendered":"Kurakl\u0131k riski yerel y\u00f6netimlere \u00f6nemli sorumluluklar y\u00fckl\u00fcyor"},"content":{"rendered":"<p><\/p>\n<div>\n<p>OM\u00dc&#8217;den &#8220;23-27 A\u011fustos D\u00fcnya Su Haftas\u0131&#8221; nedeniyle yap\u0131lan yaz\u0131l\u0131 a\u00e7\u0131klamaya g\u00f6re, Prof. Dr. Yusuf Demir, d\u00fcnyada su k\u0131tl\u0131\u011f\u0131n\u0131n, her ge\u00e7en g\u00fcn daha b\u00fcy\u00fck boyutlara ula\u015ft\u0131\u011f\u0131na i\u015faret etti.<\/p>\n<p>Su kullan\u0131m\u0131n\u0131n, son y\u00fczy\u0131lda k\u00fcresel olarak n\u00fcfus art\u0131\u015f oran\u0131n\u0131n iki kat\u0131ndan daha fazla art\u0131\u015f g\u00f6sterdi\u011fini vurgulayan Demir, d\u00fcnyan\u0131n y\u00fczde 70&#8217;inin suyla kapl\u0131 olmas\u0131na ra\u011fmen insano\u011flunun bu suyun \u00e7ok k\u00fc\u00e7\u00fck bir k\u0131sm\u0131ndan tatl\u0131 su olarak yararlanabildi\u011fine dikkati \u00e7ekti.<\/p>\n<p>\u00c7eyrek asr\u0131 a\u015fan bir s\u00fcre\u00e7te her ge\u00e7en g\u00fcn etkisini art\u0131rarak hissettiren iklim krizinin en \u00e7ok su ve su kaynaklar\u0131n\u0131 etkiledi\u011fini belirten Demir, \u015f\u00f6yle devam etti:<\/p>\n<p>&#8220;D\u00fcnyada bir milyara yak\u0131n ki\u015finin 2030 y\u0131l\u0131na kadar yo\u011fun su k\u0131tl\u0131\u011f\u0131 sebebi ile ya\u015fad\u0131klar\u0131 yeri terk etmek zorunda kalabilece\u011fini \u00f6ng\u00f6r\u00fcyoruz. 2040 y\u0131l\u0131na kadar ise d\u00fcnyada 18 ya\u015f\u0131n alt\u0131ndaki \u00e7ocuklardan d\u00f6rtte birinin, yakla\u015f\u0131k 600 milyonun a\u015f\u0131r\u0131 y\u00fcksek su stresi olan b\u00f6lgelerde ya\u015fayaca\u011f\u0131 tahmin ediliyor. D\u00fcnya n\u00fcfusunun \u00fc\u00e7te ikisini temsil eden yakla\u015f\u0131k 5 ile 5,5 milyar insan, y\u0131l\u0131n en az bir ay\u0131nda \u015fiddetli su k\u0131tl\u0131\u011f\u0131na maruz kal\u0131yor. G\u00fcn\u00fcm\u00fczde d\u00fcnyan\u0131n en b\u00fcy\u00fck yer alt\u0131 suyu sistemlerinin \u00fc\u00e7te birinde su s\u0131k\u0131nt\u0131s\u0131 var.&#8221;<\/p>\n<p><img decoding=\"async\" alt=\"\" src=\"https:\/\/www.aa.com.tr\/uploads\/userFiles\/96f91bbd-282f-4a24-a12c-1b1092cfeb3b\/009_2023%2F05_2023%2F16_Agustos%2F11%2FAA-31988642.jpg\"\/><\/p>\n<h3>&#8220;Su tasarrufunu te\u015fvik edici paketler geli\u015ftirilmeli&#8221;<\/h3>\n<p>Sadece tar\u0131msal sulamada de\u011fil evsel kullan\u0131mlarda da suyla ilgili ciddi s\u0131k\u0131nt\u0131lar ya\u015fanabilece\u011fine de\u011finen Demir, \u015funlar\u0131 kaydetti:<\/p>\n<p>&#8220;\u00dclkemizde devam eden a\u015f\u0131r\u0131 s\u0131cakl\u0131k etkisi, mevcut su kaynaklar\u0131m\u0131z\u0131 \u00f6nemli \u00f6l\u00e7\u00fcde etkiliyor. B\u00fcy\u00fck \u015fehirler ba\u015fta olmak \u00fczere \u00fclkemizin b\u00fcy\u00fck b\u00f6l\u00fcm\u00fcnde barajlarda su seviyesi kritik e\u015fiklere ula\u015fm\u0131\u015f veya ula\u015fmak \u00fczeredir. \u00d6n\u00fcm\u00fczdeki k\u0131sa ve orta vadede s\u00fcrecin ve etkilerinin derinle\u015ferek devam etmesi bekleniyor. T\u00fcm yerel y\u00f6netimlerin \u00fclke politikalar\u0131na uygun kendi \u015fartlar\u0131n\u0131 revize eden acil eylem plan\u0131 geli\u015ftirmeleri ve uygulamaya koymalar\u0131 gerekiyor. Bu ama\u00e7la suyu anlatan ve tan\u0131tan, su bilincini geli\u015ftiren, su tasarrufunun \u00f6nemi ve uygulan\u0131\u015f\u0131 ile ilgili her t\u00fcrl\u00fc e\u011fitim, konferans, yaz\u0131l\u0131 ve g\u00f6rsel bildirim ile \u00e7al\u0131\u015fma yap\u0131larak sorumlulu\u011fu alt\u0131ndaki ki\u015fi ve kurumlara fark\u0131ndal\u0131k \u00e7al\u0131\u015fmalar\u0131 yap\u0131lmal\u0131. Su tasarrufunu te\u015fvik edici paketler geli\u015ftirilmeli, mevcut kaynaklar\u0131n korunumu, s\u00fcrd\u00fcr\u00fclebilirli\u011fi ile ilgili \u00e7al\u0131\u015fmalar yap\u0131lmal\u0131d\u0131r. Bu amaca ula\u015fabilmek i\u00e7in yasal d\u00fczenleme ve hukuki destek yerel ve \u00fclkesel bazda h\u0131zla hayata ge\u00e7irilmelidir. Yerel y\u00f6netimler mevcut kaynaklar\u0131n kullan\u0131m ve geli\u015fimini s\u00fcrekli takip ederek halkla payla\u015fmal\u0131, panik olu\u015fturmadan herkesin sorumluluk almas\u0131 sa\u011flanmal\u0131d\u0131r.&#8221;<\/p>\n<p><img decoding=\"async\" alt=\"\" src=\"https:\/\/www.aa.com.tr\/uploads\/userFiles\/96f91bbd-282f-4a24-a12c-1b1092cfeb3b\/009_2023%2F05_2023%2F16_Agustos%2F11%2FAA-31988643.jpg\"\/><\/p>\n<p>A\u015f\u0131r\u0131 s\u0131caklar, kurakl\u0131k ve yang\u0131n felaketleri ile u\u011fra\u015f\u0131lan d\u00f6nemde yar\u0131nlar\u0131 kurtarabilmenin yolunun bug\u00fcnden al\u0131nacak tedbirlerden ge\u00e7ti\u011finin alt\u0131n\u0131 \u00e7izen Demir, &#8220;Su Haftas\u0131 vesilesi ile t\u00fcm yerel y\u00f6netimlerimizi ve yerel meclislerimizi konuyu ve \u00e7\u00f6z\u00fcmlerini konu\u015fmak ve hayata ge\u00e7irmek i\u00e7in siyasal m\u00fclahazalardan uzak acil ve ivedi toplanmaya, \u00e7\u00f6z\u00fcmler \u00fcreterek uygulamaya davet ediyorum. Her ge\u00e7en g\u00fcn problemlerimiz derinle\u015ftirecek, \u00e7\u00f6z\u00fcmlerimizi zorla\u015ft\u0131racakt\u0131r. Hi\u00e7bir birey veya kurum bu sorumluluktan ka\u00e7mamal\u0131d\u0131r, ka\u00e7amaz. Sorun hepimizin kap\u0131s\u0131na dayanm\u0131\u015f veya dayanmak \u00fczeredir. Havas\u0131z ve susuz bir ya\u015fam\u0131n olmad\u0131\u011f\u0131 ger\u00e7e\u011fi unutulmamal\u0131, sadece bu g\u00fcn\u00fc de\u011fil, yar\u0131nlar\u0131m\u0131z\u0131 da korumal\u0131 ve planlamal\u0131y\u0131z. Yar\u0131nlar i\u00e7in bir damla da sen kurtar.&#8221; ifadelerini kulland\u0131.<\/p>\n<p>                            <span class=\"detay-foto-editor\">&#13;<br \/>\n                                <a href=\"https:\/\/www.aa.com.tr\/tr\/p\/abonelik-talep-formu\/1001\" target=\"_blank\" style=\"font-size:12px; color:#444; text-decoration:none;\" rel=\"noopener\">&#13;<br \/>\n                                    Anadolu Ajans\u0131 web sitesinde, AA Haber Ak\u0131\u015f Sistemi (HAS) \u00fczerinden abonelere sunulan haberler, \u00f6zetlenerek yay\u0131mlanmaktad\u0131r. <b style=\"color:#1897F7\">Abonelik i\u00e7in l\u00fctfen ileti\u015fime ge\u00e7iniz.<\/b>&#13;<br \/>\n                                <\/a>&#13;<br \/>\n                            <\/span>\n                        <\/div>\n<p><script>\n\t  window.fbAsyncInit = function() {\n\t\tFB.init({\n\t\t  appId: '1855843514662870',\n\t\t  status : true, \/\/ check login status\n\t\t  cookie : true, \/\/ enable cookies to allow the server to access the session\n\t\t  xfbml  : true  \/\/ parse XFBML\n\t\t});\n\t  };<\/p>\n<p>\t  (function() {\n\t\tvar e = document.createElement('script');\n\t\te.src=\"https:\/\/connect.facebook.net\/tr_TR\/all.js\";\n\t\te.async = true;\n\t\tdocument.getElementById('fb-root').appendChild(e);\n\t  }());\n    <\/script><\/p>\n","protected":false},"excerpt":{"rendered":"<p>OM\u00dc&#8217;den &#8220;23-27 A\u011fustos D\u00fcnya Su Haftas\u0131&#8221; nedeniyle yap\u0131lan yaz\u0131l\u0131 a\u00e7\u0131klamaya g\u00f6re, Prof. Dr. Yusuf Demir, d\u00fcnyada su k\u0131tl\u0131\u011f\u0131n\u0131n, her ge\u00e7en g\u00fcn daha b\u00fcy\u00fck boyutlara ula\u015ft\u0131\u011f\u0131na i\u015faret etti. Su kullan\u0131m\u0131n\u0131n, son y\u00fczy\u0131lda k\u00fcresel olarak n\u00fcfus art\u0131\u015f oran\u0131n\u0131n iki kat\u0131ndan daha fazla art\u0131\u015f g\u00f6sterdi\u011fini vurgulayan Demir, d\u00fcnyan\u0131n y\u00fczde 70&#8217;inin suyla kapl\u0131 olmas\u0131na ra\u011fmen insano\u011flunun bu suyun \u00e7ok [&hellip;]<\/p>\n","protected":false},"author":1,"featured_media":12616,"comment_status":"","ping_status":"","sticky":false,"template":"","format":"standard","meta":[],"categories":[50],"tags":[],"_links":{"self":[{"href":"https:\/\/kraios.app\/news\/wp-json\/wp\/v2\/posts\/12615"}],"collection":[{"href":"https:\/\/kraios.app\/news\/wp-json\/wp\/v2\/posts"}],"about":[{"href":"https:\/\/kraios.app\/news\/wp-json\/wp\/v2\/types\/post"}],"author":[{"embeddable":true,"href":"https:\/\/kraios.app\/news\/wp-json\/wp\/v2\/users\/1"}],"replies":[{"embeddable":true,"href":"https:\/\/kraios.app\/news\/wp-json\/wp\/v2\/comments?post=12615"}],"version-history":[{"count":0,"href":"https:\/\/kraios.app\/news\/wp-json\/wp\/v2\/posts\/12615\/revisions"}],"wp:featuredmedia":[{"embeddable":true,"href":"https:\/\/kraios.app\/news\/wp-json\/wp\/v2\/media\/12616"}],"wp:attachment":[{"href":"https:\/\/kraios.app\/news\/wp-json\/wp\/v2\/media?parent=12615"}],"wp:term":[{"taxonomy":"category","embeddable":true,"href":"https:\/\/kraios.app\/news\/wp-json\/wp\/v2\/categories?post=12615"},{"taxonomy":"post_tag","embeddable":true,"href":"https:\/\/kraios.app\/news\/wp-json\/wp\/v2\/tags?post=12615"}],"curies":[{"name":"wp","href":"https:\/\/api.w.org\/{rel}","templated":true}]}}