{"id":12610,"date":"2023-08-24T23:20:10","date_gmt":"2023-08-24T23:20:10","guid":{"rendered":"https:\/\/kraios.app\/news\/ekonomi\/2023\/08\/24\/dto-kuresel-ticarette-otomobil-talebi-nedeniyle-canlanma-var\/"},"modified":"2023-08-24T23:20:10","modified_gmt":"2023-08-24T23:20:10","slug":"dto-kuresel-ticarette-otomobil-talebi-nedeniyle-canlanma-var","status":"publish","type":"post","link":"https:\/\/kraios.app\/news\/ekonomi\/2023\/08\/24\/dto-kuresel-ticarette-otomobil-talebi-nedeniyle-canlanma-var\/","title":{"rendered":"DT\u00d6: K\u00fcresel ticarette otomobil talebi nedeniyle canlanma var"},"content":{"rendered":"<p> <br \/>\n<br \/>D\u00fcnya Ticaret \u00d6rg\u00fct\u00fc (DT\u00d6), g\u00fc\u00e7l\u00fc otomotiv talebinin deste\u011fi ile k\u00fcresel ticarette art\u0131\u015f ivmesinin g\u00f6r\u00fcld\u00fc\u011f\u00fcn\u00fc bildirdi.<br \/>\n<br \/><br \/>\n<br \/><a href=\"https:\/\/www.aa.com.tr\/tr\/ekonomi\/dto-kuresel-ticarette-otomobil-talebi-nedeniyle-canlanma-var\/2975715\">Source link <\/a><\/p>\n","protected":false},"excerpt":{"rendered":"<p>D\u00fcnya Ticaret \u00d6rg\u00fct\u00fc (DT\u00d6), g\u00fc\u00e7l\u00fc otomotiv talebinin deste\u011fi ile k\u00fcresel ticarette art\u0131\u015f ivmesinin g\u00f6r\u00fcld\u00fc\u011f\u00fcn\u00fc bildirdi. Source link<\/p>\n","protected":false},"author":1,"featured_media":12611,"comment_status":"","ping_status":"","sticky":false,"template":"","format":"standard","meta":[],"categories":[44],"tags":[],"_links":{"self":[{"href":"https:\/\/kraios.app\/news\/wp-json\/wp\/v2\/posts\/12610"}],"collection":[{"href":"https:\/\/kraios.app\/news\/wp-json\/wp\/v2\/posts"}],"about":[{"href":"https:\/\/kraios.app\/news\/wp-json\/wp\/v2\/types\/post"}],"author":[{"embeddable":true,"href":"https:\/\/kraios.app\/news\/wp-json\/wp\/v2\/users\/1"}],"replies":[{"embeddable":true,"href":"https:\/\/kraios.app\/news\/wp-json\/wp\/v2\/comments?post=12610"}],"version-history":[{"count":0,"href":"https:\/\/kraios.app\/news\/wp-json\/wp\/v2\/posts\/12610\/revisions"}],"wp:featuredmedia":[{"embeddable":true,"href":"https:\/\/kraios.app\/news\/wp-json\/wp\/v2\/media\/12611"}],"wp:attachment":[{"href":"https:\/\/kraios.app\/news\/wp-json\/wp\/v2\/media?parent=12610"}],"wp:term":[{"taxonomy":"category","embeddable":true,"href":"https:\/\/kraios.app\/news\/wp-json\/wp\/v2\/categories?post=12610"},{"taxonomy":"post_tag","embeddable":true,"href":"https:\/\/kraios.app\/news\/wp-json\/wp\/v2\/tags?post=12610"}],"curies":[{"name":"wp","href":"https:\/\/api.w.org\/{rel}","templated":true}]}}