{"id":12608,"date":"2023-08-24T22:20:34","date_gmt":"2023-08-24T22:20:34","guid":{"rendered":"https:\/\/kraios.app\/news\/spor\/2023\/08\/24\/ikinci-yari-yaptigimiz-hamlelerimizle-maci-lehimize-cevirdik\/"},"modified":"2023-08-24T22:20:34","modified_gmt":"2023-08-24T22:20:34","slug":"ikinci-yari-yaptigimiz-hamlelerimizle-maci-lehimize-cevirdik","status":"publish","type":"post","link":"https:\/\/kraios.app\/news\/spor\/2023\/08\/24\/ikinci-yari-yaptigimiz-hamlelerimizle-maci-lehimize-cevirdik\/","title":{"rendered":"&#8216;\u0130kinci yar\u0131 yapt\u0131\u011f\u0131m\u0131z hamlelerimizle ma\u00e7\u0131 lehimize \u00e7evirdik&#8217;"},"content":{"rendered":"<p><\/p>\n<div>\n<p>\u00dclker Stad\u0131&#8217;nda oynanan kar\u015f\u0131la\u015fman\u0131n ard\u0131ndan d\u00fczenlenen bas\u0131n toplant\u0131s\u0131nda konu\u015fan Kartal, ma\u00e7a beklemedikleri bir gol yiyerek ba\u015flad\u0131klar\u0131n\u0131 belirtti.<\/p>\n<p>M\u00fcsabakan\u0131n 25. dakikas\u0131ndan sonra oyunu kontrol alt\u0131na ald\u0131klar\u0131n\u0131 aktaran Kartal, &#8220;Ma\u00e7a ba\u015flarken ilk 15-20 dakikada taraftarlar\u0131m\u0131z\u0131n deste\u011fiyle erken gol bulup ma\u00e7\u0131 kopartmak istiyorduk ama beklemedi\u011fimiz bir gol yedik. Daha sonras\u0131nda 1 gol daha yiyebilirdik. 25&#8217;ten sonra kontrol\u00fc ele ald\u0131k. \u0130kinci yar\u0131 yapt\u0131\u011f\u0131m\u0131z hamlelerimizle ma\u00e7\u0131 lehimize \u00e7evirdik. Kul\u00fcbede 2. yar\u0131 ald\u0131\u011f\u0131m ve alamad\u0131\u011f\u0131m oyuncular oldu. Ba\u015fta baz\u0131lar\u0131n\u0131 riske etmek istemedik. Rakip 10 ki\u015fi kal\u0131nca bu f\u0131rsat\u0131 de\u011ferlendirmem gerekiyordu. \u0130kinci yar\u0131 yapt\u0131\u011f\u0131m\u0131z organizasyonlarla geriye d\u00fc\u015fmemize ra\u011fmen taraftarlar\u0131m\u0131z\u0131n deste\u011fiyle kazand\u0131k. Onlara destekleri i\u00e7in te\u015fekk\u00fcr ediyorum.&#8221; diye konu\u015ftu.<\/p>\n<p>Tadic&#8217;in 90 dakika sahada kalmak istedi\u011fi y\u00f6n\u00fcnde \u00e7\u0131kan haberlerin ger\u00e7e\u011fi yans\u0131tmad\u0131\u011f\u0131n\u0131 dile getiren Kartal, \u015f\u00f6yle devam etti:<\/p>\n<p>&#8220;Biz kaliteli bir tak\u0131m\u0131z. Seyircimiz \u00f6n\u00fcnde ya da deplasmanda ma\u011flubiyeti kabul edecek oyun karakterimiz yok. Her ma\u00e7\u0131 kazanmak i\u00e7in \u00e7\u0131kaca\u011f\u0131z. Fenerbah\u00e7e&#8217;nin hak etti\u011fi yerlere gelmesi ve taraftarlar\u0131m\u0131z\u0131 mutlu etmek i\u00e7in elimizden geleni yap\u0131yoruz. Bug\u00fcnk\u00fc ma\u00e7ta taraftarlar \u00f6n\u00fcnde geriye d\u00fc\u015fmemize ra\u011fmen onlar\u0131n verdi\u011fi pozitif destekle ma\u00e7\u0131 \u00e7evirmeyi bildik.&#8221;<\/p>\n<p>Rakip 10 ki\u015fi kal\u0131nca sa\u011f tarafta h\u00fccuma y\u00f6nelik de\u011fi\u015fiklikler yapt\u0131klar\u0131n\u0131 anlatan Kartal, &#8220;\u0130lk devre Mert M\u00fcld\u00fcr-Ryan Kent ikilisi k\u00f6t\u00fc oynam\u0131yordu ama rakip 10 ki\u015fi kal\u0131nca daha h\u00fccum y\u00f6n\u00fc g\u00fc\u00e7l\u00fc oyuncular\u0131 almak istedik. Osayi-Samuel&#8217;in h\u00fccumsal \u00f6zelliklerini kullanmak istedik. Onlar\u0131n sol beki at\u0131ld\u0131. Oradan daha etkili olabilece\u011fimizi d\u00fc\u015f\u00fcnd\u00fck bu hamlemiz tuttu. Avrupa kuplar\u0131nda ge\u00e7en d\u00f6nem geldi\u011fimde \u00e7ok sakat vard\u0131 ve elimiz dard\u0131. O zaman elenmek beni \u00e7ok \u00fczm\u00fc\u015ft\u00fc. \u015eimdi sezon ba\u015f\u0131 geldik. \u0130yi kadromuz ve kaliteli oyuncular\u0131m\u0131z var.&#8221; de\u011ferlendirmesinde bulundu.<\/p>\n<p>Teknik konularda tek sorumlu oldu\u011funu vurgulayan Kartal, &#8220;Bir tane sa\u011flam stoperim vard\u0131, 3 stoperimiz sakatt\u0131. Tak\u0131m i\u00e7inden \u00e7\u00f6z\u00fcm \u00fcretmek zorundayd\u0131k. Benim B ve C planlar\u0131m olmad\u0131. Jayden ile hafta i\u00e7i konu\u015ftuk. Ona kendisini orada oynatabilece\u011fimi, haz\u0131rl\u0131kl\u0131 olmas\u0131n\u0131 s\u00f6yledim. O da daha \u00f6nce o pozisyonda oynad\u0131\u011f\u0131n\u0131 ve haz\u0131r oldu\u011funu belirtti. Samsun ma\u00e7\u0131n\u0131n son b\u00f6l\u00fcm\u00fcnde de onu orada denemi\u015ftik.&#8221; \u015feklinde g\u00f6r\u00fc\u015f belirtti.<\/p>\n<p>Fred&#8217;i hem 6 hem de 8 numarada kulland\u0131klar\u0131n\u0131 kaydeden Kartal, \u0130rfan Can Kahveci&#8217;nin performans\u0131na ili\u015fkin, &#8220;\u0130rfan Can \u00f6nemli bir oyuncumuz. \u015eu anda \u00e7ok istekli ve \u00e7ok iyi \u00e7al\u0131\u015f\u0131yor. Ma\u00e7larda bunun kar\u015f\u0131l\u0131\u011f\u0131n\u0131 veriyor. \u0130rfan Can sahada vermesi gereken ne varsa vermeye \u00e7al\u0131\u015f\u0131yor. Kalitesi, oyun akl\u0131 bizi rahatlat\u0131yor. Baz\u0131 ma\u00e7larda dinlendiriyoruz ama ortaya koydu\u011fu performanstan \u00e7ok memnunuz.&#8221; ifadelerini kulland\u0131.<\/p>\n<p>Sahada 8 numara pozisyonunun oyunlar\u0131n\u0131n \u00f6nemli bir par\u00e7as\u0131 oldu\u011funun da alt\u0131n\u0131 \u00e7izen Kartal, Altay Bay\u0131nd\u0131r&#8217;a hizmetlerinden dolay\u0131 te\u015fekk\u00fcr ederken Livakovic ile g\u00fczel ba\u015far\u0131lara imza atmak istediklerini s\u00f6zlerine ekledi.<\/p>\n<h3>Fenerbah\u00e7eli futbolcu Ferdi Kad\u0131o\u011flu: 1-1&#8217;den sonra tek tarafl\u0131 bir ma\u00e7 oldu<\/h3>\n<p>UEFA Avrupa Konferans Ligi Play-off turu ilk ma\u00e7\u0131nda Twente&#8217;yi sahas\u0131nda 5-1 ma\u011flup eden Fenerbah\u00e7e&#8217;de gen\u00e7 futbolcu Ferdi Kad\u0131o\u011flu, 1-1&#8217;i yakalad\u0131ktan sonra m\u00fccadelenin tek tarafl\u0131 ge\u00e7ti\u011fini belirtti.<\/p>\n<p>\u00dclker Stadyumu&#8217;nda oynanan kar\u015f\u0131la\u015fman\u0131n ard\u0131ndan bas\u0131n mensuplar\u0131na a\u00e7\u0131klamalarda bulunan Ferdi, 1-0 yenik duruma d\u00fc\u015fmenin kendileri ad\u0131na zor bir an oldu\u011funu dile getirdi.<\/p>\n<p>M\u00fccadelede beraberli\u011fi \u00e7abuk yakalad\u0131klar\u0131n\u0131n alt\u0131n\u0131 \u00e7izen Kad\u0131o\u011flu, &#8220;Skoru 1-1 yapabildik ve bu gol\u00fc bulduktan sonra tek tarafl\u0131 bir ma\u00e7a d\u00f6nd\u00fc. Sab\u0131rl\u0131 oynad\u0131k ve birbirinden g\u00fczel goller att\u0131k. Taraftarlar\u0131m\u0131z da bug\u00fcn harikayd\u0131. Harika bir \u015fov oldu\u011funu d\u00fc\u015f\u00fcn\u00fcyorum.&#8221; \u015feklinde konu\u015ftu.<\/p>\n<p>Tak\u0131mdan ayr\u0131lmas\u0131 g\u00fcndemde olan Altay Bay\u0131nd\u0131r&#8217;\u0131n yan\u0131 s\u0131ra Fenerbah\u00e7e&#8217;nin bug\u00fcn sahaya \u00e7\u0131kartarak taraftar\u0131 selamlatt\u0131\u011f\u0131 kaleci Dominik Livakovic hakk\u0131nda da konu\u015fan Ferdi Kad\u0131o\u011flu, \u015f\u00f6yle devam etti:<\/p>\n<p>&#8220;Altay \u00e7ok iyi bir kaleci ve ayn\u0131 zamanda harika bir karakter. Onun i\u00e7in en iyisini diliyorum. Umar\u0131m gitti\u011fi yerde \u00e7ok ba\u015far\u0131l\u0131 olur. Yeni kalecimize kar\u015f\u0131 1 kez oynama f\u0131rsat\u0131 bulmu\u015ftum ve o ma\u00e7ta bir\u00e7ok kurtar\u0131\u015f yapm\u0131\u015ft\u0131. Umar\u0131m ayn\u0131 \u015fekilde bize yard\u0131mc\u0131 olur.&#8221;<\/p>\n<h3>&#8220;Bunun i\u00e7in (\u015eampiyonluk) sava\u015faca\u011f\u0131z&#8221;\u200b\u200b<\/h3>\n<p>Geride kalan 7 resmi ma\u00e7ta da forma giyen isimlerden oldu\u011fu hat\u0131rlat\u0131lan Ferdi Kad\u0131o\u011flu, her ma\u00e7ta forma giydi\u011fi i\u00e7in mutlu oldu\u011funu s\u00f6yledi.<\/p>\n<p>3-4 g\u00fcnde bir ma\u00e7 yapman\u0131n kendisi i\u00e7in g\u00fczel oldu\u011funu ve kendisini mutlu ve fit hissetti\u011fini s\u00f6zlerine ekleyen gen\u00e7 oyuncu, &#8220;Umar\u0131m bu \u015fekilde devam ederim. Ge\u00e7en sene de \u00e7ok fazla ma\u00e7 oynam\u0131\u015ft\u0131m, buna al\u0131\u015fk\u0131n\u0131z. Ayn\u0131 zamanda bu s\u00fcreci hem hocam\u0131z hem de teknik heyetimiz \u00e7ok iyi \u015fekilde y\u00f6netiyorlar.&#8221; a\u00e7\u0131klamas\u0131nda bulundu.<\/p>\n<p>Tak\u0131m i\u00e7inde \u00e7ok iyi bir grup oldu\u011funu ve ger\u00e7ek lider oyuncularla beraber olduklar\u0131n\u0131 vurgulayan Ferdi, Fenerbah\u00e7e&#8217;nin hem ligdeki hem de Avrupa&#8217;daki \u015fampiyonluk \u015fans\u0131 hakk\u0131nda da konu\u015farak, s\u00f6zlerini \u015f\u00f6yle tamamlad\u0131:<\/p>\n<p>&#8220;\u0130yi bir grubumuz var. Hem gen\u00e7 hem de tecr\u00fcbeli oyuncular\u0131m\u0131z var. Bizim i\u00e7in iyi bir kar\u0131\u015f\u0131m. Bunun i\u00e7in (\u015eampiyonluk) sava\u015faca\u011f\u0131z, elimizden gelenin en iyisini yapaca\u011f\u0131z. \u00c7ok \u00e7al\u0131\u015faca\u011f\u0131z. Uzun bir sezon olacak bizim i\u00e7in. Herkesin fit olmas\u0131 \u00f6nemli. \u00c7al\u0131\u015fmalar\u0131m\u0131z\u0131 en iyi \u015fekilde s\u00fcrd\u00fcr\u00fcrsek \u015fans\u0131m\u0131z\u0131n oldu\u011funu d\u00fc\u015f\u00fcn\u00fcyorum.&#8221;<\/p>\n<p>                            <span class=\"detay-foto-editor\">&#13;<br \/>\n                                <a href=\"https:\/\/www.aa.com.tr\/tr\/p\/abonelik-talep-formu\/1001\" target=\"_blank\" style=\"font-size:12px; color:#444; text-decoration:none;\" rel=\"noopener\">&#13;<br \/>\n                                    Anadolu Ajans\u0131 web sitesinde, AA Haber Ak\u0131\u015f Sistemi (HAS) \u00fczerinden abonelere sunulan haberler, \u00f6zetlenerek yay\u0131mlanmaktad\u0131r. <b style=\"color:#1897F7\">Abonelik i\u00e7in l\u00fctfen ileti\u015fime ge\u00e7iniz.<\/b>&#13;<br \/>\n                                <\/a>&#13;<br \/>\n                            <\/span>\n                        <\/div>\n<p><script>\n\t  window.fbAsyncInit = function() {\n\t\tFB.init({\n\t\t  appId: '1855843514662870',\n\t\t  status : true, \/\/ check login status\n\t\t  cookie : true, \/\/ enable cookies to allow the server to access the session\n\t\t  xfbml  : true  \/\/ parse XFBML\n\t\t});\n\t  };<\/p>\n<p>\t  (function() {\n\t\tvar e = document.createElement('script');\n\t\te.src=\"https:\/\/connect.facebook.net\/tr_TR\/all.js\";\n\t\te.async = true;\n\t\tdocument.getElementById('fb-root').appendChild(e);\n\t  }());\n    <\/script><\/p>\n","protected":false},"excerpt":{"rendered":"<p>\u00dclker Stad\u0131&#8217;nda oynanan kar\u015f\u0131la\u015fman\u0131n ard\u0131ndan d\u00fczenlenen bas\u0131n toplant\u0131s\u0131nda konu\u015fan Kartal, ma\u00e7a beklemedikleri bir gol yiyerek ba\u015flad\u0131klar\u0131n\u0131 belirtti. M\u00fcsabakan\u0131n 25. dakikas\u0131ndan sonra oyunu kontrol alt\u0131na ald\u0131klar\u0131n\u0131 aktaran Kartal, &#8220;Ma\u00e7a ba\u015flarken ilk 15-20 dakikada taraftarlar\u0131m\u0131z\u0131n deste\u011fiyle erken gol bulup ma\u00e7\u0131 kopartmak istiyorduk ama beklemedi\u011fimiz bir gol yedik. Daha sonras\u0131nda 1 gol daha yiyebilirdik. 25&#8217;ten sonra kontrol\u00fc ele [&hellip;]<\/p>\n","protected":false},"author":1,"featured_media":12609,"comment_status":"","ping_status":"","sticky":false,"template":"","format":"standard","meta":[],"categories":[48],"tags":[],"_links":{"self":[{"href":"https:\/\/kraios.app\/news\/wp-json\/wp\/v2\/posts\/12608"}],"collection":[{"href":"https:\/\/kraios.app\/news\/wp-json\/wp\/v2\/posts"}],"about":[{"href":"https:\/\/kraios.app\/news\/wp-json\/wp\/v2\/types\/post"}],"author":[{"embeddable":true,"href":"https:\/\/kraios.app\/news\/wp-json\/wp\/v2\/users\/1"}],"replies":[{"embeddable":true,"href":"https:\/\/kraios.app\/news\/wp-json\/wp\/v2\/comments?post=12608"}],"version-history":[{"count":0,"href":"https:\/\/kraios.app\/news\/wp-json\/wp\/v2\/posts\/12608\/revisions"}],"wp:featuredmedia":[{"embeddable":true,"href":"https:\/\/kraios.app\/news\/wp-json\/wp\/v2\/media\/12609"}],"wp:attachment":[{"href":"https:\/\/kraios.app\/news\/wp-json\/wp\/v2\/media?parent=12608"}],"wp:term":[{"taxonomy":"category","embeddable":true,"href":"https:\/\/kraios.app\/news\/wp-json\/wp\/v2\/categories?post=12608"},{"taxonomy":"post_tag","embeddable":true,"href":"https:\/\/kraios.app\/news\/wp-json\/wp\/v2\/tags?post=12608"}],"curies":[{"name":"wp","href":"https:\/\/api.w.org\/{rel}","templated":true}]}}