{"id":12574,"date":"2023-08-24T12:20:05","date_gmt":"2023-08-24T12:20:05","guid":{"rendered":"https:\/\/kraios.app\/news\/yasam\/2023\/08\/24\/orman-yangininda-zarar-goren-koyun-sakinleri-canlarini-kurtardiklarina-seviniyor\/"},"modified":"2023-08-24T12:20:05","modified_gmt":"2023-08-24T12:20:05","slug":"orman-yangininda-zarar-goren-koyun-sakinleri-canlarini-kurtardiklarina-seviniyor","status":"publish","type":"post","link":"https:\/\/kraios.app\/news\/yasam\/2023\/08\/24\/orman-yangininda-zarar-goren-koyun-sakinleri-canlarini-kurtardiklarina-seviniyor\/","title":{"rendered":"Orman yang\u0131n\u0131nda zarar g\u00f6ren k\u00f6y\u00fcn sakinleri canlar\u0131n\u0131 kurtard\u0131klar\u0131na seviniyor"},"content":{"rendered":"<p><\/p>\n<div>\n<p>\u00c7anakkale&#8217;de 22 A\u011fustos&#8217;ta ba\u015flayan ve 48 saat dolmadan kontrol alt\u0131na al\u0131nan yang\u0131n, merkeze ba\u011fl\u0131 Ya\u011fc\u0131lar k\u00f6y\u00fcnde b\u00fcy\u00fck hasara yol a\u00e7t\u0131.<\/p>\n<p>Damyeri mevkisinde \u00e7\u0131kan ve r\u00fczgar\u0131n etkisiyle Ya\u011fc\u0131lar&#8217;a da sirayet eden alevlerden baz\u0131 ev ve depolar, trakt\u00f6rler, tar\u0131m makine ve aletleri zarar g\u00f6rd\u00fc, \u00e7ok say\u0131da hayvan telef oldu.<\/p>\n<p>Yanan baz\u0131 evler kullan\u0131lamaz hale geldi, depolar\u0131n \u00e7at\u0131lar\u0131 \u00e7\u00f6kt\u00fc, birka\u00e7 m\u00fc\u015ftemilat\u0131n duvarlar\u0131nda zarar meydana geldi.<\/p>\n<p><img decoding=\"async\" alt=\"\" src=\"https:\/\/www.aa.com.tr\/uploads\/userFiles\/9c85db40-ef31-40fe-a989-05c7e506d5d0\/08_2023%2F24082023%2Forman1_.jpg\"\/><\/p>\n<p>\u00c7evresindeki evler yanmas\u0131na ra\u011fmen, Mutlu D\u00fclger&#8217;e ait k\u00fcmes ve i\u00e7indeki tavuklar alevlerden zarar g\u00f6rmedi.<\/p>\n<p>D\u00fclger, AA muhabirine, evinin ve m\u00fc\u015ftemilat\u0131n\u0131n yand\u0131\u011f\u0131n\u0131 s\u00f6yledi.<\/p>\n<p><img decoding=\"async\" alt=\"\" src=\"https:\/\/www.aa.com.tr\/uploads\/userFiles\/9c85db40-ef31-40fe-a989-05c7e506d5d0\/08_2023%2F24082023%2Forman4_.jpg\"\/><\/p>\n<p>Canlar\u0131n\u0131 kurtard\u0131klar\u0131na sevindiklerini belirten D\u00fclger, &#8220;Ev, dam, a\u011f\u0131l, koyunlar\u0131n k\u0131\u015flas\u0131, samanlar, arpa, bu\u011fday, yulaflar\u0131m\u0131z yand\u0131. Tavuklar\u0131m\u0131z yang\u0131nda \u015fans eseri kurtulmu\u015f, k\u00fcmeslerine yang\u0131n s\u0131\u00e7ramam\u0131\u015f. Ba\u015fka yerde olan b\u00fcy\u00fck tavuklar\u0131m\u0131zdan telef olanlar var fakat 13 yavru tavu\u011fumuz kurtuldu.&#8221; dedi.<\/p>\n<p>Muhtar H\u00fcdaver \u00c7elik de yang\u0131n\u0131n kontrol alt\u0131na al\u0131nmas\u0131na sevindiklerini dile getirdi.<\/p>\n<p><img decoding=\"async\" alt=\"\" src=\"https:\/\/www.aa.com.tr\/uploads\/userFiles\/9c85db40-ef31-40fe-a989-05c7e506d5d0\/08_2023%2F24082023%2Forman2_.jpg\"\/><\/p>\n<p>Genellikle hayvan bar\u0131naklar\u0131n\u0131n yand\u0131\u011f\u0131n\u0131 aktaran \u00c7elik, \u015f\u00f6yle devam etti:<\/p>\n<p>&#8220;35 k\u00fc\u00e7\u00fckba\u015f, 3 de b\u00fcy\u00fckba\u015f hayvan\u0131m\u0131zda zarar var. Bir hane haricinde herkes \u015fu anda evinde. Elektri\u011fimiz de var, \u015fu anda bir s\u0131k\u0131nt\u0131m\u0131z yok. M\u00fcdahale \u00e7ok yo\u011fun oldu fakat \u00e7ok felaket bir ate\u015f kitlesi geldi. \u00d6n\u00fcnde durmak m\u00fcmk\u00fcn de\u011fildi. Ate\u015f gelmeden k\u00f6y\u00fc tahliye ettik, onun i\u00e7in insanlar\u0131m\u0131za bir \u015fey olmad\u0131. Hasar tespit \u00e7al\u0131\u015fmalar\u0131 da ba\u015flad\u0131.&#8221;<\/p>\n<p><img decoding=\"async\" alt=\"\" src=\"https:\/\/www.aa.com.tr\/uploads\/userFiles\/9c85db40-ef31-40fe-a989-05c7e506d5d0\/08_2023%2F24082023%2Forman3_.jpg\"\/><\/p>\n<h3>&#8220;Kimse ekiplerin hakk\u0131n\u0131 yemesin, yang\u0131n\u0131 s\u00f6nd\u00fcrmek i\u00e7in \u00e7ok \u00e7al\u0131\u015ft\u0131lar&#8221;<\/h3>\n<p>Yang\u0131nda i\u015f yeri tamamen kullan\u0131lamaz hale gelen Basri Tezel ise nas\u0131l oldu\u011funu anlayamad\u0131klar\u0131n\u0131, alevlerin bir anda k\u00f6ye geldi\u011fini vurgulad\u0131.<\/p>\n<p>Her \u015feyi b\u0131rak\u0131p ka\u00e7t\u0131klar\u0131n\u0131 anlatan Tezel, &#8220;Burada hediyelik e\u015fya imalat\u0131 yapt\u0131\u011f\u0131m bir i\u015f yerim vard\u0131. Her \u015fey yand\u0131 k\u00fcl oldu, geriye bir \u015fey kalmad\u0131. Bina kullan\u0131lmaz halde, i\u00e7inde \u00fcretim yapt\u0131\u011f\u0131m b\u00fct\u00fcn makinelerim yand\u0131. Sadece ka\u00e7abildik. Yan tarafta hobi olarak bakt\u0131\u011f\u0131m hayvanlar\u0131m vard\u0131, onlar da telef oldu. Bir \u015fey kurtaramad\u0131k, ancak kendimiz ka\u00e7abildik, can\u0131m\u0131z\u0131 kurtard\u0131k.&#8221; diye konu\u015ftu.<\/p>\n<p><img decoding=\"async\" alt=\"\" src=\"https:\/\/www.aa.com.tr\/uploads\/userFiles\/9c85db40-ef31-40fe-a989-05c7e506d5d0\/08_2023%2F24082023%2Forman5_.jpg\"\/><\/p>\n<p>Tezel, ekiplerin canla ba\u015fla \u00e7al\u0131\u015farak alevleri s\u00f6nd\u00fcrmek i\u00e7in m\u00fccadele verdi\u011fini ifade etti.<\/p>\n<p>Afetlerin \u00f6n\u00fcnde hi\u00e7bir \u015feyin duramayaca\u011f\u0131n\u0131 dile getiren Tezel, \u015funlar\u0131 kaydetti:<\/p>\n<p>&#8220;Kimse ekiplerin hakk\u0131n\u0131 yemesin, yang\u0131n\u0131 s\u00f6nd\u00fcrmek i\u00e7in \u00e7ok \u00e7al\u0131\u015ft\u0131lar. Oturdu\u011fu yerden at\u0131p tutmakla bu i\u015fler olmuyor. Ekipler ate\u015fin i\u00e7inde birebir m\u00fccadele ettiler, haklar\u0131n\u0131 yemeyelim. \u00c7ok destek oldular. Hala daha onlarca helikopter gidip geliyor, u\u00e7aklar yine \u00f6yle. A\u015fa\u011f\u0131da araz\u00f6zler, itfaiyeci arkada\u015flar \u00e7al\u0131\u015f\u0131yor. Bu insanlar\u0131n haklar\u0131n\u0131 kimse yemesin.&#8221;<\/p>\n<p>                            <span class=\"detay-foto-editor\">&#13;<br \/>\n                                <a href=\"https:\/\/www.aa.com.tr\/tr\/p\/abonelik-talep-formu\/1001\" target=\"_blank\" style=\"font-size:12px; color:#444; text-decoration:none;\" rel=\"noopener\">&#13;<br \/>\n                                    Anadolu Ajans\u0131 web sitesinde, AA Haber Ak\u0131\u015f Sistemi (HAS) \u00fczerinden abonelere sunulan haberler, \u00f6zetlenerek yay\u0131mlanmaktad\u0131r. <b style=\"color:#1897F7\">Abonelik i\u00e7in l\u00fctfen ileti\u015fime ge\u00e7iniz.<\/b>&#13;<br \/>\n                                <\/a>&#13;<br \/>\n                            <\/span>\n                        <\/div>\n<p><script>\n\t  window.fbAsyncInit = function() {\n\t\tFB.init({\n\t\t  appId: '1855843514662870',\n\t\t  status : true, \/\/ check login status\n\t\t  cookie : true, \/\/ enable cookies to allow the server to access the session\n\t\t  xfbml  : true  \/\/ parse XFBML\n\t\t});\n\t  };<\/p>\n<p>\t  (function() {\n\t\tvar e = document.createElement('script');\n\t\te.src=\"https:\/\/connect.facebook.net\/tr_TR\/all.js\";\n\t\te.async = true;\n\t\tdocument.getElementById('fb-root').appendChild(e);\n\t  }());\n    <\/script><\/p>\n","protected":false},"excerpt":{"rendered":"<p>\u00c7anakkale&#8217;de 22 A\u011fustos&#8217;ta ba\u015flayan ve 48 saat dolmadan kontrol alt\u0131na al\u0131nan yang\u0131n, merkeze ba\u011fl\u0131 Ya\u011fc\u0131lar k\u00f6y\u00fcnde b\u00fcy\u00fck hasara yol a\u00e7t\u0131. Damyeri mevkisinde \u00e7\u0131kan ve r\u00fczgar\u0131n etkisiyle Ya\u011fc\u0131lar&#8217;a da sirayet eden alevlerden baz\u0131 ev ve depolar, trakt\u00f6rler, tar\u0131m makine ve aletleri zarar g\u00f6rd\u00fc, \u00e7ok say\u0131da hayvan telef oldu. Yanan baz\u0131 evler kullan\u0131lamaz hale geldi, depolar\u0131n \u00e7at\u0131lar\u0131 [&hellip;]<\/p>\n","protected":false},"author":1,"featured_media":12575,"comment_status":"","ping_status":"","sticky":false,"template":"","format":"standard","meta":[],"categories":[50],"tags":[],"_links":{"self":[{"href":"https:\/\/kraios.app\/news\/wp-json\/wp\/v2\/posts\/12574"}],"collection":[{"href":"https:\/\/kraios.app\/news\/wp-json\/wp\/v2\/posts"}],"about":[{"href":"https:\/\/kraios.app\/news\/wp-json\/wp\/v2\/types\/post"}],"author":[{"embeddable":true,"href":"https:\/\/kraios.app\/news\/wp-json\/wp\/v2\/users\/1"}],"replies":[{"embeddable":true,"href":"https:\/\/kraios.app\/news\/wp-json\/wp\/v2\/comments?post=12574"}],"version-history":[{"count":0,"href":"https:\/\/kraios.app\/news\/wp-json\/wp\/v2\/posts\/12574\/revisions"}],"wp:featuredmedia":[{"embeddable":true,"href":"https:\/\/kraios.app\/news\/wp-json\/wp\/v2\/media\/12575"}],"wp:attachment":[{"href":"https:\/\/kraios.app\/news\/wp-json\/wp\/v2\/media?parent=12574"}],"wp:term":[{"taxonomy":"category","embeddable":true,"href":"https:\/\/kraios.app\/news\/wp-json\/wp\/v2\/categories?post=12574"},{"taxonomy":"post_tag","embeddable":true,"href":"https:\/\/kraios.app\/news\/wp-json\/wp\/v2\/tags?post=12574"}],"curies":[{"name":"wp","href":"https:\/\/api.w.org\/{rel}","templated":true}]}}