{"id":12560,"date":"2023-08-24T07:20:06","date_gmt":"2023-08-24T07:20:06","guid":{"rendered":"https:\/\/kraios.app\/news\/yasam\/2023\/08\/24\/turistler-boztepeden-manzara-izlemeden-ordudan-ayrilmiyor\/"},"modified":"2023-08-24T07:20:06","modified_gmt":"2023-08-24T07:20:06","slug":"turistler-boztepeden-manzara-izlemeden-ordudan-ayrilmiyor","status":"publish","type":"post","link":"https:\/\/kraios.app\/news\/yasam\/2023\/08\/24\/turistler-boztepeden-manzara-izlemeden-ordudan-ayrilmiyor\/","title":{"rendered":"Turistler Boztepe&#8217;den manzara izlemeden Ordu&#8217;dan ayr\u0131lm\u0131yor"},"content":{"rendered":"<p><\/p>\n<div>\n<p>Alt\u0131nordu il\u00e7esinde 28 kabinin yer ald\u0131\u011f\u0131 istasyonda teleferi\u011fe binmek i\u00e7in uzun kuyruklar olu\u015fturan ziyaret\u00e7iler, denizden yakla\u015f\u0131k 500 metre y\u00fckseklikteki Boztepe&#8217;ye e\u015fsiz manzara e\u015fli\u011finde ula\u015f\u0131yor.<\/p>\n<p>Y\u00f6resel \u00fcr\u00fcn sat\u0131\u015f noktalar\u0131, yeme i\u00e7me ve konaklama mekanlar\u0131n\u0131n bulundu\u011fu b\u00f6lgeye gelenler, kenti ve Karadeniz&#8217;i ku\u015f bak\u0131\u015f\u0131 g\u00f6rmenin tad\u0131n\u0131 \u00e7\u0131kar\u0131yor. Ziyaret\u00e7iler, adrenalin tutkunlar\u0131n\u0131n para\u015f\u00fctle atlayarak s\u00fcz\u00fcld\u00fc\u011f\u00fc anlar\u0131 da ilgiyle takip ediyor.<\/p>\n<p><img decoding=\"async\" alt=\"\" src=\"https:\/\/www.aa.com.tr\/uploads\/userFiles\/9c85db40-ef31-40fe-a989-05c7e506d5d0\/08_2023%2F23082023%2Fboztepe1_.jpg\"\/><\/p>\n<p>Almanya&#8217;dan memleketi Giresun&#8217;a tatile gelen Fatma Sar\u0131ayd\u0131n, AA muhabirine, arkada\u015f\u0131yla gezdikleri Ordu&#8217;da Boztepe&#8217;ye de \u00e7\u0131kt\u0131klar\u0131n\u0131 s\u00f6yledi.<\/p>\n<p>Sar\u0131ayd\u0131n, teleferikle vard\u0131klar\u0131 Boztepe&#8217;nin do\u011fas\u0131n\u0131n \u00e7ok g\u00fczel oldu\u011funu belirterek, &#8220;Teleferikle buraya \u00e7\u0131kmak \u00e7ok g\u00fczel. Sahilini de \u00e7ok be\u011feniyorum. Her \u015feyi ile \u00e7ok g\u00fczel oldu\u011funu d\u00fc\u015f\u00fcn\u00fcyorum. Herkese gelip g\u00f6rmesini \u00f6neririm.&#8221; dedi.<\/p>\n<p><img decoding=\"async\" alt=\"\" src=\"https:\/\/www.aa.com.tr\/uploads\/userFiles\/9c85db40-ef31-40fe-a989-05c7e506d5d0\/08_2023%2F23082023%2Fboztepe2_.jpg\"\/><\/p>\n<p>Ailesiyle Kahramanmara\u015f&#8217;tan Karadeniz&#8217;e seyahat eden Durmu\u015f Ali \u00c7etinkaya, Ordu&#8217;nun bekledi\u011finden daha g\u00fczel bir yer oldu\u011funu dile getirdi.<\/p>\n<p>Boztepe&#8217;nin de ayr\u0131 bir g\u00fczelli\u011fe sahip oldu\u011funu anlatan \u00c7etinkaya, &#8220;Buras\u0131 yolumun \u00fczerindeydi. Teleferi\u011fi g\u00f6r\u00fcnce durduk, buraya \u00e7\u0131kt\u0131k. Kahramanmara\u015f&#8217;tan Karadeniz&#8217;e yola \u00e7\u0131kt\u0131k. Ordu&#8217;dan ge\u00e7iyordum, Giresun&#8217;a ge\u00e7ece\u011fiz. Deniz kenar\u0131na gitmek i\u00e7in \u00e7ocuklarla geldik. Ordu bekledi\u011fimden daha g\u00fczel, ger\u00e7ekten gelmeye de\u011fer.&#8221; diye konu\u015ftu.<\/p>\n<p><img decoding=\"async\" alt=\"\" src=\"https:\/\/www.aa.com.tr\/uploads\/userFiles\/9c85db40-ef31-40fe-a989-05c7e506d5d0\/08_2023%2F23082023%2Fboztepe3_.jpg\"\/><\/p>\n<h3>&#8220;Boztepe&#8217;den denizi izlemek de muhte\u015fem&#8221;<\/h3>\n<p>Karadeniz turu i\u00e7in Batman&#8217;dan yola \u00e7\u0131kt\u0131klar\u0131n\u0131 ifade eden \u00c7etin Ekinci, Ordu&#8217;nun G\u00f6lk\u00f6y il\u00e7esinin Ulug\u00f6l b\u00f6lgesinde \u00fc\u00e7 gece konaklad\u0131klar\u0131n\u0131 s\u00f6yledi.<\/p>\n<p>Ulug\u00f6l&#8217;\u00fcn do\u011fas\u0131n\u0131n muhte\u015fem oldu\u011funu belirten Ekinci, \u015fu de\u011ferlendirmede bulundu:<\/p>\n<p>&#8220;\u015eimdi de teleferikle Boztepe&#8217;ye \u00e7\u0131kt\u0131k. Ger\u00e7ekten teleferikle \u00e7\u0131kmak \u00e7ok g\u00fczel. \u00dccreti de fazla de\u011fil, uygun. Boztepe&#8217;den denizi izlemek de muhte\u015fem. Buradan Uzung\u00f6l&#8217;e do\u011fru gitmeyi d\u00fc\u015f\u00fcn\u00fcyoruz. Gayet memnun kald\u0131k yani. Karadeniz&#8217;in do\u011fas\u0131n\u0131 ger\u00e7ekten g\u00f6rmek laz\u0131m. Birileri anlat\u0131r ancak insan kendisi bizzat g\u00f6rmeli. G\u00f6r\u00fclmesi gereken muhte\u015fem bir do\u011fas\u0131 var deniziyle ye\u015filiyle ormanlar\u0131yla suyuyla g\u00fczel.&#8221;<\/p>\n<p><img decoding=\"async\" alt=\"\" src=\"https:\/\/www.aa.com.tr\/uploads\/userFiles\/9c85db40-ef31-40fe-a989-05c7e506d5d0\/08_2023%2F23082023%2Fboztepe4_.jpg\"\/><\/p>\n<p>Ekinci, Karadeniz&#8217;in plajlar\u0131n\u0131n da \u00e7ok g\u00fczel oldu\u011funa i\u015faret ederek, &#8220;Genelde herkes Akdeniz plajlar\u0131n\u0131 s\u00f6yl\u00fcyor ama biz Ordu Per\u015fembe&#8217;de kamp yapt\u0131k. Gayet g\u00fczel yani kumu \u00e7ok g\u00fczel, fazla dalgal\u0131 de\u011fil. Kamp alan\u0131yla deniz birbirine \u00e7ok yak\u0131n. Akdeniz&#8217;e alternatif d\u00fc\u015f\u00fcnenler i\u00e7in uygun bir yer.&#8221; ifadesini kulland\u0131.<\/p>\n<p>Antalya&#8217;dan turla b\u00f6lgeye gelen Zehra Dan\u0131\u015f ise teleferikle \u00e7\u0131kt\u0131klar\u0131 Boztepe&#8217;nin \u00e7ok g\u00fczel oldu\u011funu aktard\u0131.<\/p>\n<p>Yakla\u015f\u0131k 6 y\u0131l \u00f6nce de ziyaret etti\u011fi Ordu&#8217;yu \u00e7ok sevdi\u011fini, bu nedenle tekrar gelmek istedi\u011fini anlatan Dan\u0131\u015f, &#8220;Teleferikle buraya \u00e7\u0131kmak \u00e7ok g\u00fczel, muhte\u015fem bir \u015fey. Buraya gelip g\u00f6rme sebebim \u00f6zellikle buydu, teleferi\u011fe binerek buradan hem foto\u011fraf \u00e7ekmek hem de g\u00fczel an\u0131lar biriktirmek.&#8221; dedi.<\/p>\n<p>                            <span class=\"detay-foto-editor\">&#13;<br \/>\n                                <a href=\"https:\/\/www.aa.com.tr\/tr\/p\/abonelik-talep-formu\/1001\" target=\"_blank\" style=\"font-size:12px; color:#444; text-decoration:none;\" rel=\"noopener\">&#13;<br \/>\n                                    Anadolu Ajans\u0131 web sitesinde, AA Haber Ak\u0131\u015f Sistemi (HAS) \u00fczerinden abonelere sunulan haberler, \u00f6zetlenerek yay\u0131mlanmaktad\u0131r. <b style=\"color:#1897F7\">Abonelik i\u00e7in l\u00fctfen ileti\u015fime ge\u00e7iniz.<\/b>&#13;<br \/>\n                                <\/a>&#13;<br \/>\n                            <\/span>\n                        <\/div>\n<p><script>\n\t  window.fbAsyncInit = function() {\n\t\tFB.init({\n\t\t  appId: '1855843514662870',\n\t\t  status : true, \/\/ check login status\n\t\t  cookie : true, \/\/ enable cookies to allow the server to access the session\n\t\t  xfbml  : true  \/\/ parse XFBML\n\t\t});\n\t  };<\/p>\n<p>\t  (function() {\n\t\tvar e = document.createElement('script');\n\t\te.src=\"https:\/\/connect.facebook.net\/tr_TR\/all.js\";\n\t\te.async = true;\n\t\tdocument.getElementById('fb-root').appendChild(e);\n\t  }());\n    <\/script><\/p>\n","protected":false},"excerpt":{"rendered":"<p>Alt\u0131nordu il\u00e7esinde 28 kabinin yer ald\u0131\u011f\u0131 istasyonda teleferi\u011fe binmek i\u00e7in uzun kuyruklar olu\u015fturan ziyaret\u00e7iler, denizden yakla\u015f\u0131k 500 metre y\u00fckseklikteki Boztepe&#8217;ye e\u015fsiz manzara e\u015fli\u011finde ula\u015f\u0131yor. Y\u00f6resel \u00fcr\u00fcn sat\u0131\u015f noktalar\u0131, yeme i\u00e7me ve konaklama mekanlar\u0131n\u0131n bulundu\u011fu b\u00f6lgeye gelenler, kenti ve Karadeniz&#8217;i ku\u015f bak\u0131\u015f\u0131 g\u00f6rmenin tad\u0131n\u0131 \u00e7\u0131kar\u0131yor. Ziyaret\u00e7iler, adrenalin tutkunlar\u0131n\u0131n para\u015f\u00fctle atlayarak s\u00fcz\u00fcld\u00fc\u011f\u00fc anlar\u0131 da ilgiyle takip ediyor. [&hellip;]<\/p>\n","protected":false},"author":1,"featured_media":12561,"comment_status":"","ping_status":"","sticky":false,"template":"","format":"standard","meta":[],"categories":[50],"tags":[],"_links":{"self":[{"href":"https:\/\/kraios.app\/news\/wp-json\/wp\/v2\/posts\/12560"}],"collection":[{"href":"https:\/\/kraios.app\/news\/wp-json\/wp\/v2\/posts"}],"about":[{"href":"https:\/\/kraios.app\/news\/wp-json\/wp\/v2\/types\/post"}],"author":[{"embeddable":true,"href":"https:\/\/kraios.app\/news\/wp-json\/wp\/v2\/users\/1"}],"replies":[{"embeddable":true,"href":"https:\/\/kraios.app\/news\/wp-json\/wp\/v2\/comments?post=12560"}],"version-history":[{"count":0,"href":"https:\/\/kraios.app\/news\/wp-json\/wp\/v2\/posts\/12560\/revisions"}],"wp:featuredmedia":[{"embeddable":true,"href":"https:\/\/kraios.app\/news\/wp-json\/wp\/v2\/media\/12561"}],"wp:attachment":[{"href":"https:\/\/kraios.app\/news\/wp-json\/wp\/v2\/media?parent=12560"}],"wp:term":[{"taxonomy":"category","embeddable":true,"href":"https:\/\/kraios.app\/news\/wp-json\/wp\/v2\/categories?post=12560"},{"taxonomy":"post_tag","embeddable":true,"href":"https:\/\/kraios.app\/news\/wp-json\/wp\/v2\/tags?post=12560"}],"curies":[{"name":"wp","href":"https:\/\/api.w.org\/{rel}","templated":true}]}}