{"id":12554,"date":"2023-08-24T05:29:59","date_gmt":"2023-08-24T05:29:59","guid":{"rendered":"https:\/\/kraios.app\/news\/ekonomi\/2023\/08\/24\/ticaret-bakani-bolat-hindistandaki-g20-ticaret-ve-yatirim-bakanlari-toplantisina-katilacak\/"},"modified":"2023-08-24T05:29:59","modified_gmt":"2023-08-24T05:29:59","slug":"ticaret-bakani-bolat-hindistandaki-g20-ticaret-ve-yatirim-bakanlari-toplantisina-katilacak","status":"publish","type":"post","link":"https:\/\/kraios.app\/news\/ekonomi\/2023\/08\/24\/ticaret-bakani-bolat-hindistandaki-g20-ticaret-ve-yatirim-bakanlari-toplantisina-katilacak\/","title":{"rendered":"Ticaret Bakan\u0131 Bolat, Hindistan&#8217;daki G20 Ticaret ve Yat\u0131r\u0131m Bakanlar\u0131 Toplant\u0131s\u0131&#8217;na kat\u0131lacak"},"content":{"rendered":"<p> <br \/>\n<\/p>\n<div>\n<p>Ticaret Bakanl\u0131\u011f\u0131ndan yap\u0131lan a\u00e7\u0131klamaya g\u00f6re, G20, d\u00fcnyan\u0131n \u00f6nde gelen 20 ekonomisinin \u00fcst d\u00fczey yetkilileri aras\u0131nda bir\u00e7ok konuda her y\u0131l yap\u0131lan \u00e7al\u0131\u015fma ve toplant\u0131lar\u0131n ger\u00e7ekle\u015ftirildi\u011fi kapsay\u0131c\u0131 ve etkili bir diyalog platformu olarak biliniyor.<\/p>\n<p>Bu y\u0131l \u00e7al\u0131\u015fmalar\u0131n\u0131 Hindistan&#8217;\u0131n d\u00f6nem ba\u015fkanl\u0131\u011f\u0131nda s\u00fcrd\u00fcren G20, d\u00fcnya ekonomisinin y\u00fczde 85&#8217;ini, ticaretinin y\u00fczde 75&#8217;ini ve n\u00fcfusunun 3&#8217;te 2&#8217;sini temsil ediyor.<\/p>\n<p>G20 \u015femsiyesi alt\u0131nda, 2016 y\u0131l\u0131ndan bu yana ticaret ve yat\u0131r\u0131m politikalar\u0131 alan\u0131nda k\u00fcresel ekonominin g\u00fcndeminde yer alan pek \u00e7ok \u00f6nemli konu tart\u0131\u015f\u0131l\u0131yor. Bu y\u0131l ise &#8220;ticaret, ekonomik b\u00fcy\u00fcme ve refah&#8221;, &#8220;k\u00fcresel de\u011fer zincirlerinin krizlere dayan\u0131kl\u0131l\u0131\u011f\u0131n\u0131n g\u00fc\u00e7lendirilmesi&#8221;, &#8220;mikro-KOB\u0130&#8217;lerin k\u00fcresel ticarete daha fazla entegrasyonu&#8221;, &#8220;k\u00fcresel ticarette kullan\u0131lan belgelerin dijitalle\u015ftirilmesi&#8221; ve &#8220;D\u00fcnya Ticaret \u00d6rg\u00fct\u00fcn\u00fcn (DT\u00d6) reformu&#8221; konular\u0131 ele al\u0131nacak.<\/p>\n<p>\u0130ki g\u00fcn s\u00fcrecek Ticaret ve Yat\u0131r\u0131m Bakanlar\u0131 Toplant\u0131s\u0131&#8217;nda, d\u00fcnya ticaretinde mevcut zorluklar dikkate al\u0131narak, gelecek d\u00f6nemde k\u00fcresel \u00f6l\u00e7ekte yap\u0131lmas\u0131 gerekenler, d\u00fcnya ticaretinde s\u00f6z sahibi \u00fclke bakanlar\u0131 taraf\u0131ndan tart\u0131\u015f\u0131larak, temel prensipler ve yakla\u015f\u0131mlar de\u011ferlendirilecek.<\/p>\n<p>Bu anlay\u0131\u015fla kabul edilen Bakanlar Bildirisi, ticaret ve yat\u0131r\u0131m politikalar\u0131 alan\u0131nda k\u00fcresel giri\u015fimler ve \u00e7ok tarafl\u0131 ticaret sisteminin geli\u015ftirilmesi y\u00f6n\u00fcnde yol g\u00f6sterici nitelik ta\u015f\u0131yor.<\/p>\n<p>Toplant\u0131 vesilesiyle ayr\u0131ca, Ticaret Bakan\u0131 Bolat taraf\u0131ndan ABD Ticaret Temsilcisi Katherine Tai, Fransa D\u0131\u015f Ticaretten Sorumlu Bakan\u0131 Olivier Becht, Birle\u015fik Arap Emirlikleri D\u0131\u015f Ticaretten Sorumlu Devlet Bakan\u0131 Thani bin Ahmed Al Zeyoudi, Avrupa Komisyonu Ba\u015fkan Yard\u0131mc\u0131s\u0131 Valdis Dombrovskis ve D\u00fcnya Ticaret \u00d6rg\u00fct\u00fc Genel Direkt\u00f6r\u00fc Ngozi Okonjo-Iweala ile ikili g\u00f6r\u00fc\u015fmeler ger\u00e7ekle\u015ftirilecek. Bu g\u00f6r\u00fc\u015fmelerde, \u00e7ok tarafl\u0131 konulara ek olarak, ikili ticari ve ekonomik ili\u015fkiler de etrafl\u0131ca ele al\u0131nacak.<\/p>\n<p>G20 ekonomileri, ayn\u0131 zamanda T\u00fcrkiye&#8217;nin ba\u015fl\u0131ca ticaret ortaklar\u0131 aras\u0131nda yer al\u0131rken G20 ekonomileriyle ticaret 2022 y\u0131l\u0131 sonu itibar\u0131yla 416 milyar dolara ula\u015ft\u0131.<\/p>\n<p>Ticaret Bakanl\u0131\u011f\u0131, &#8220;T\u00fcrkiye Y\u00fczy\u0131l\u0131&#8221;nda ticaret hacmini y\u00fckseltmek \u00fczere ticaret diplomasisini yo\u011fun kullanmaya devam edecek. G20 \u00fclkeleri de bu stratejinin \u00f6nemli bir bile\u015fenini olu\u015fturuyor.<\/p>\n<p>                            <span class=\"detay-foto-editor\">&#13;<br \/>\n                                <a href=\"https:\/\/www.aa.com.tr\/tr\/p\/abonelik-talep-formu\/1001\" target=\"_blank\" style=\"font-size:12px; color:#444; text-decoration:none;\" rel=\"noopener\">&#13;<br \/>\n                                    Anadolu Ajans\u0131 web sitesinde, AA Haber Ak\u0131\u015f Sistemi (HAS) \u00fczerinden abonelere sunulan haberler, \u00f6zetlenerek yay\u0131mlanmaktad\u0131r. <b style=\"color:#1897F7\">Abonelik i\u00e7in l\u00fctfen ileti\u015fime ge\u00e7iniz.<\/b>&#13;<br \/>\n                                <\/a>&#13;<br \/>\n                            <\/span>\n                        <\/div>\n<p><script>\n\t  window.fbAsyncInit = function() {\n\t\tFB.init({\n\t\t  appId: '1855843514662870',\n\t\t  status : true, \/\/ check login status\n\t\t  cookie : true, \/\/ enable cookies to allow the server to access the session\n\t\t  xfbml  : true  \/\/ parse XFBML\n\t\t});\n\t  };<\/p>\n<p>\t  (function() {\n\t\tvar e = document.createElement('script');\n\t\te.src=\"https:\/\/connect.facebook.net\/tr_TR\/all.js\";\n\t\te.async = true;\n\t\tdocument.getElementById('fb-root').appendChild(e);\n\t  }());\n    <\/script><br \/>\n<br \/><br \/>\n<br \/><a href=\"https:\/\/www.aa.com.tr\/tr\/ekonomi\/ticaret-bakani-bolat-hindistandaki-g20-ticaret-ve-yatirim-bakanlari-toplantisina-katilacak\/2974512\">Source link <\/a><\/p>\n","protected":false},"excerpt":{"rendered":"<p>Ticaret Bakanl\u0131\u011f\u0131ndan yap\u0131lan a\u00e7\u0131klamaya g\u00f6re, G20, d\u00fcnyan\u0131n \u00f6nde gelen 20 ekonomisinin \u00fcst d\u00fczey yetkilileri aras\u0131nda bir\u00e7ok konuda her y\u0131l yap\u0131lan \u00e7al\u0131\u015fma ve toplant\u0131lar\u0131n ger\u00e7ekle\u015ftirildi\u011fi kapsay\u0131c\u0131 ve etkili bir diyalog platformu olarak biliniyor. Bu y\u0131l \u00e7al\u0131\u015fmalar\u0131n\u0131 Hindistan&#8217;\u0131n d\u00f6nem ba\u015fkanl\u0131\u011f\u0131nda s\u00fcrd\u00fcren G20, d\u00fcnya ekonomisinin y\u00fczde 85&#8217;ini, ticaretinin y\u00fczde 75&#8217;ini ve n\u00fcfusunun 3&#8217;te 2&#8217;sini temsil ediyor. G20 \u015femsiyesi [&hellip;]<\/p>\n","protected":false},"author":1,"featured_media":12555,"comment_status":"","ping_status":"","sticky":false,"template":"","format":"standard","meta":[],"categories":[44],"tags":[],"_links":{"self":[{"href":"https:\/\/kraios.app\/news\/wp-json\/wp\/v2\/posts\/12554"}],"collection":[{"href":"https:\/\/kraios.app\/news\/wp-json\/wp\/v2\/posts"}],"about":[{"href":"https:\/\/kraios.app\/news\/wp-json\/wp\/v2\/types\/post"}],"author":[{"embeddable":true,"href":"https:\/\/kraios.app\/news\/wp-json\/wp\/v2\/users\/1"}],"replies":[{"embeddable":true,"href":"https:\/\/kraios.app\/news\/wp-json\/wp\/v2\/comments?post=12554"}],"version-history":[{"count":0,"href":"https:\/\/kraios.app\/news\/wp-json\/wp\/v2\/posts\/12554\/revisions"}],"wp:featuredmedia":[{"embeddable":true,"href":"https:\/\/kraios.app\/news\/wp-json\/wp\/v2\/media\/12555"}],"wp:attachment":[{"href":"https:\/\/kraios.app\/news\/wp-json\/wp\/v2\/media?parent=12554"}],"wp:term":[{"taxonomy":"category","embeddable":true,"href":"https:\/\/kraios.app\/news\/wp-json\/wp\/v2\/categories?post=12554"},{"taxonomy":"post_tag","embeddable":true,"href":"https:\/\/kraios.app\/news\/wp-json\/wp\/v2\/tags?post=12554"}],"curies":[{"name":"wp","href":"https:\/\/api.w.org\/{rel}","templated":true}]}}