{"id":12552,"date":"2023-08-24T05:25:02","date_gmt":"2023-08-24T05:25:02","guid":{"rendered":"https:\/\/kraios.app\/news\/spor\/2023\/08\/24\/caykur-rizespor-teknik-direktoru-palutdan-trabzonspor-maci-oncesi-degerlendirme\/"},"modified":"2023-08-24T05:25:02","modified_gmt":"2023-08-24T05:25:02","slug":"caykur-rizespor-teknik-direktoru-palutdan-trabzonspor-maci-oncesi-degerlendirme","status":"publish","type":"post","link":"https:\/\/kraios.app\/news\/spor\/2023\/08\/24\/caykur-rizespor-teknik-direktoru-palutdan-trabzonspor-maci-oncesi-degerlendirme\/","title":{"rendered":"\u00c7aykur Rizespor Teknik Direkt\u00f6r\u00fc Palut&#039;dan Trabzonspor ma\u00e7\u0131 \u00f6ncesi de\u011ferlendirme"},"content":{"rendered":"<p>\u00c7aykur Rizespor Teknik Direkt\u00f6r\u00fc Palut&#039;dan Trabzonspor ma\u00e7\u0131 \u00f6ncesi de\u011ferlendirme<\/p>\n","protected":false},"excerpt":{"rendered":"<p>\u00c7aykur Rizespor Teknik Direkt\u00f6r\u00fc Palut&#039;dan Trabzonspor ma\u00e7\u0131 \u00f6ncesi de\u011ferlendirme<\/p>\n","protected":false},"author":1,"featured_media":12553,"comment_status":"","ping_status":"","sticky":false,"template":"","format":"standard","meta":[],"categories":[48],"tags":[],"_links":{"self":[{"href":"https:\/\/kraios.app\/news\/wp-json\/wp\/v2\/posts\/12552"}],"collection":[{"href":"https:\/\/kraios.app\/news\/wp-json\/wp\/v2\/posts"}],"about":[{"href":"https:\/\/kraios.app\/news\/wp-json\/wp\/v2\/types\/post"}],"author":[{"embeddable":true,"href":"https:\/\/kraios.app\/news\/wp-json\/wp\/v2\/users\/1"}],"replies":[{"embeddable":true,"href":"https:\/\/kraios.app\/news\/wp-json\/wp\/v2\/comments?post=12552"}],"version-history":[{"count":0,"href":"https:\/\/kraios.app\/news\/wp-json\/wp\/v2\/posts\/12552\/revisions"}],"wp:featuredmedia":[{"embeddable":true,"href":"https:\/\/kraios.app\/news\/wp-json\/wp\/v2\/media\/12553"}],"wp:attachment":[{"href":"https:\/\/kraios.app\/news\/wp-json\/wp\/v2\/media?parent=12552"}],"wp:term":[{"taxonomy":"category","embeddable":true,"href":"https:\/\/kraios.app\/news\/wp-json\/wp\/v2\/categories?post=12552"},{"taxonomy":"post_tag","embeddable":true,"href":"https:\/\/kraios.app\/news\/wp-json\/wp\/v2\/tags?post=12552"}],"curies":[{"name":"wp","href":"https:\/\/api.w.org\/{rel}","templated":true}]}}