{"id":12524,"date":"2023-08-23T22:20:10","date_gmt":"2023-08-23T22:20:10","guid":{"rendered":"https:\/\/kraios.app\/news\/spor\/2023\/08\/23\/galatasaray-norvecte-son-dakika-goluyle-tur-kapisini-araladi\/"},"modified":"2023-08-23T22:20:10","modified_gmt":"2023-08-23T22:20:10","slug":"galatasaray-norvecte-son-dakika-goluyle-tur-kapisini-araladi","status":"publish","type":"post","link":"https:\/\/kraios.app\/news\/spor\/2023\/08\/23\/galatasaray-norvecte-son-dakika-goluyle-tur-kapisini-araladi\/","title":{"rendered":"Galatasaray, Norve\u00e7&#8217;te son dakika gol\u00fcyle tur kap\u0131s\u0131n\u0131 aralad\u0131"},"content":{"rendered":"<p><\/p>\n<div>\n<p><strong>Galatasaray<\/strong>, UEFA \u015eampiyonlar Ligi play-off turu ilk ma\u00e7\u0131nda konuk oldu\u011fu Norve\u00e7 temsilcisi <strong>Molde<\/strong>&#8216;yi 3-2 yendi.<\/p>\n<p><img decoding=\"async\" alt=\"\" src=\"https:\/\/www.aa.com.tr\/uploads\/userFiles\/40b5e6df-807a-4c96-8fee-5e91cbea23a3\/2023%2FAgustos%2Fmold1q.jpg\"\/><\/p>\n<h3>\u0130lk Yar\u0131<\/h3>\n<p>2. dakikada Eikrem&#8217;in ceza sahas\u0131 yay\u0131 gerisinden \u015futunda top \u00fcstten auta gitti.<\/p>\n<p>8. dakikada ev sahibi ekip \u00f6ne ge\u00e7ti. Sa\u011fdan Breivik&#8217;in kulland\u0131\u011f\u0131 kornerde alt\u0131pas \u00f6n\u00fcnde y\u00fckselen Ellingsen&#8217;in kafayla vurdu\u011fu top uzak k\u00f6\u015feden a\u011flarla bulu\u015ftu: 1-0.<\/p>\n<p>13. dakikada sa\u011fdan kanattan ata\u011fa kat\u0131lan Knudtzon&#8217;un pas\u0131yla ceza sahas\u0131 i\u00e7i sa\u011f \u00e7aprazda bulu\u015fan Eikrem&#8217;in vuru\u015funda kaleci Muslera uzanarak me\u015fin yuvarla\u011f\u0131 kornere \u00e7eldi.<\/p>\n<p><img decoding=\"async\" alt=\"\" src=\"https:\/\/www.aa.com.tr\/uploads\/userFiles\/40b5e6df-807a-4c96-8fee-5e91cbea23a3\/2023%2FAgustos%2Fmold3q.jpg\"\/><\/p>\n<p>25. dakikada sar\u0131-k\u0131rm\u0131z\u0131l\u0131 ekip beraberli\u011fi buldu. Yunus&#8217;un ceza sahas\u0131 yay\u0131 gerisinde d\u00fc\u015f\u00fcr\u00fclmesiyle kazan\u0131lan serbest vuru\u015fta topun ba\u015f\u0131na Oliveira ge\u00e7ti. Portekizli oyuncunun vuru\u015funda baraja \u00e7arpan me\u015fin yuvarlak kaleci Karlstrom&#8217;\u00fc yan\u0131ltarak a\u011flara gitti: 1-1.<\/p>\n<p>29. dakikada Galatasaray \u00f6ne ge\u00e7ti. Yunus&#8217;un uzun oynad\u0131\u011f\u0131 pasa hareketlenen Icardi, alt\u0131pas\u0131n sa\u011f \u00e7apraz\u0131na gelen topa bekletmeden sa\u011f aya\u011f\u0131yla vole vurdu. A\u00e7\u0131 dar olmas\u0131na ra\u011fmen me\u015fin yuvarlak kaleci Karlstrom&#8217;un elleri aras\u0131ndan filelerle bulu\u015ftu: 1-2.<\/p>\n<p><img decoding=\"async\" alt=\"\" src=\"https:\/\/www.aa.com.tr\/uploads\/userFiles\/40b5e6df-807a-4c96-8fee-5e91cbea23a3\/2023%2FAgustos%2Fmold4.jpg\"\/><\/p>\n<p>40. dakikada Angelino&#8217;nun derinlemesine g\u00f6nderdi\u011fi pasta Icardi, ceza sahas\u0131 i\u00e7i sol \u00e7aprazda ald\u0131\u011f\u0131 me\u015fin yuvarla\u011f\u0131 topukla \u015f\u0131k bir \u015fekilde Mertens&#8217;in \u00f6n\u00fcne b\u0131rakt\u0131. Bel\u00e7ikal\u0131 futbolcunun kalecinin \u00fczerinden a\u015f\u0131rtt\u0131\u011f\u0131 top, az farkla yandan auta \u00e7\u0131kt\u0131.<\/p>\n<p>43. dakikada Galatasaray&#8217;\u0131n gol\u00fc Video Yard\u0131mc\u0131 Hakem&#8217;e (VAR) tak\u0131ld\u0131. Sergio Oliveira&#8217;n\u0131n pas\u0131yla sa\u011fdan ceza sahas\u0131na giren Yunus Akg\u00fcn, a\u00e7\u0131s\u0131n\u0131 d\u00fczelttikten sonra vuru\u015funu yapt\u0131 ve a\u011flar\u0131 havaland\u0131rd\u0131. Ancak VAR&#8217;\u0131n uyar\u0131s\u0131yla pozisyonu yeniden izleyen \u0130ngiliz hakem Anthony Taylor, Mertens&#8217;in topu kaparken faul yapt\u0131\u011f\u0131 gerek\u00e7esiyle gol\u00fc iptal etti.<\/p>\n<p>45+3. dakikada sol kanatta kapt\u0131r\u0131lan topla \u00e7aprazdan ceza sahas\u0131na giren Breivik&#8217;in sert \u015futunda kaleci Muslera me\u015fin yuvarla\u011f\u0131 kornere \u00e7eldi.<\/p>\n<p>M\u00fccadelenin ilk yar\u0131s\u0131n\u0131 sar\u0131-k\u0131rm\u0131z\u0131l\u0131lar 2-1 \u00fcst\u00fcn tamamlad\u0131.<\/p>\n<p><img decoding=\"async\" alt=\"\" src=\"https:\/\/www.aa.com.tr\/uploads\/userFiles\/40b5e6df-807a-4c96-8fee-5e91cbea23a3\/2023%2FAgustos%2Fmold5.jpg\"\/><\/p>\n<h3>\u0130kinci Yar\u0131<\/h3>\n<p>46. dakikada ceza sahas\u0131 i\u00e7i sa\u011f \u00e7aprazda Yunus ile ikili m\u00fccadeleye giren Haugen, me\u015fin yuvarla\u011f\u0131 uzakla\u015ft\u0131rd\u0131. Yunus, pozisyonda rakibinin elle oynad\u0131\u011f\u0131n\u0131 belirterek penalt\u0131 bekledi. VAR&#8217;\u0131n uyar\u0131s\u0131yla pozisyonu yeniden inceleyen \u0130ngiliz hakem Taylor, karar\u0131n\u0131 de\u011fi\u015ftirmedi.<\/p>\n<p>56. dakikada Molde beraberli\u011fi yakalad\u0131. Sa\u011f kanattan ata\u011fa kat\u0131lan Knudtzon&#8217;un ortas\u0131nda arka dire\u011fe a\u00e7\u0131lan topa Haugen geli\u015fine vurdu. Yerden seken topa Abd\u00fclkerim \u00e7izgi \u00fczerinde m\u00fcdahale etse de gole engel olamad\u0131: 2-2.<\/p>\n<p><img decoding=\"async\" alt=\"\" src=\"https:\/\/www.aa.com.tr\/uploads\/userFiles\/40b5e6df-807a-4c96-8fee-5e91cbea23a3\/2023%2FAgustos%2Fmkk1.jpg\"\/><\/p>\n<p>73. dakikada Haugen&#8217;in ceza sahas\u0131 i\u00e7i sol \u00e7aprazdan vuru\u015funda Boey&#8217;un m\u00fcdahale etti\u011fi top az farkla kornere gitti.<\/p>\n<p>Ayn\u0131 dakika i\u00e7inde Eikrem&#8217;in sa\u011fdan kulland\u0131\u011f\u0131 kornerde top alt\u0131pas i\u00e7inde Ellingsen&#8217;in \u00f6n\u00fcnde kald\u0131. Bu oyuncunun yak\u0131n mesafeden vuru\u015funda iyi yer tutan kaleci Muslera, iki hamlede me\u015fin yuvarla\u011f\u0131n sahibi oldu.<\/p>\n<p>90+3. dakikada Galatasaray bir kez daha \u00f6ne ge\u00e7ti. Bar\u0131\u015f Alper&#8217;in kafayla indirdi\u011fi topu \u00f6n\u00fcne iyi alan ve bir rakibini ge\u00e7en Icardi, ceza sahas\u0131na girdikten sonra kaleciyle kar\u015f\u0131 kar\u015f\u0131ya kald\u0131. Arjantinli y\u0131ld\u0131z, uygun durumdaki Midtsj\u00f6&#8217;ye pas\u0131n\u0131 aktar\u0131rken, Norve\u00e7li futbolcu topu bo\u015f kaleye yuvarlad\u0131: 2-3.<\/p>\n<p>M\u00fcsabaka sar\u0131-k\u0131rm\u0131z\u0131l\u0131 ekibin \u00fcst\u00fcnl\u00fc\u011f\u00fcyle sona erdi.<\/p>\n<p><img decoding=\"async\" alt=\"\" src=\"https:\/\/www.aa.com.tr\/uploads\/userFiles\/40b5e6df-807a-4c96-8fee-5e91cbea23a3\/2023%2FAgustos%2Fmkk2.jpg\"\/><\/p>\n<h3>Galatasaray\u00a0\u00f6nemli bir avantaj yakalad\u0131<\/h3>\n<p>Galatasaray, UEFA \u015eampiyonlar Ligi play-off turu ilk ma\u00e7\u0131nda konuk oldu\u011fu Norve\u00e7 temsilcisi Molde&#8217;yi son dakikalarda buldu\u011fu golle 3-2 yenerek \u00f6nemli bir avantaj yakalad\u0131.<\/p>\n<p>Molde Stad\u0131&#8217;nda yakla\u015f\u0131k 10 bin seyirci \u00f6n\u00fcnde yap\u0131lan m\u00fcsabakaya iyi ba\u015flayamayan sar\u0131-k\u0131rm\u0131z\u0131l\u0131 ekip, h\u00fccumda pozisyon \u00fcretmekte zorlan\u0131rken savunmada ise bir\u00e7ok a\u00e7\u0131k verdi.<\/p>\n<p>M\u00fccadelenin 8. dakikas\u0131ndaki kornerde Martin Ellingsen&#8217;in att\u0131\u011f\u0131 gole engel olamayan Galatasaray, geri d\u00fc\u015ft\u00fc. Kar\u015f\u0131la\u015fman\u0131n 20. dakikas\u0131ndan sonra oyunda denge kuran Galatasaray, 25. dakikada Sergio Oliveira&#8217;n\u0131n frikikten att\u0131\u011f\u0131 golle beraberli\u011fi sa\u011flad\u0131. Ma\u00e7\u0131n 29. dakikas\u0131nda ise Mauro Icardi&#8217;nin aya\u011f\u0131ndan gol\u00fc bulan sar\u0131-k\u0131rm\u0131z\u0131l\u0131 ekip, devre aras\u0131na 2-1 \u00f6nde girdi.<\/p>\n<p>\u0130kinci yar\u0131ya h\u0131zl\u0131 ba\u015flayan tak\u0131m yine Molde oldu. Ev sahibi ekip, ma\u00e7\u0131n 56. dakikas\u0131nda Kristoffer Haugen&#8217;in gol\u00fcyle 2-2 beraberli\u011fi yakalad\u0131. Uzun s\u00fcre ma\u00e7 beraberlikle devam etti. Ma\u00e7\u0131n son anlar\u0131nda Galatasaray ad\u0131na Fredrik Midtsj\u00f6 sahneye \u00e7\u0131kt\u0131 ve 3-2&#8217;ik galibiyeti getiren gol\u00fc kaydetti.<\/p>\n<p><img decoding=\"async\" alt=\"\" src=\"https:\/\/www.aa.com.tr\/uploads\/userFiles\/40b5e6df-807a-4c96-8fee-5e91cbea23a3\/2023%2FAgustos%2Fmmnk1.jpg\"\/><\/p>\n<h3>Icardi gollerine devam ediyor<\/h3>\n<p>Arjantinli y\u0131ld\u0131z Mauro Icardi, son 3 resmi ma\u00e7\u0131nda 4. kez fileleri havaland\u0131rd\u0131.<\/p>\n<p>Sar\u0131-k\u0131rm\u0131z\u0131l\u0131 ekibin UEFA \u015eampiyonlar Ligi 3. eleme turunda Olimpija Ljubljana ile yap\u0131lan r\u00f6van\u015f ma\u00e7\u0131ndaki tek gol\u00fc kaydeden 30 ya\u015f\u0131ndaki santrfor, S\u00fcper Lig&#8217;deki Trabzonspor m\u00fccadelesinde de 2 kez gol sevinci ya\u015fad\u0131.<\/p>\n<p>Icardi, Molde m\u00fccadelesini de bo\u015f ge\u00e7medi ve 29. dakikada tak\u0131m\u0131n\u0131 2-1 \u00f6ne ge\u00e7iren gol\u00fc kaydetti.<\/p>\n<h3>Oliveira, 85 g\u00fcn sonra gol sevinci ya\u015fad\u0131<\/h3>\n<p>Galatasaray&#8217;\u0131n Portekizli orta saha oyuncusu Sergio Oliveira, 85 g\u00fcn sonra golle bulu\u015ftu.<\/p>\n<p>Sar\u0131-k\u0131rm\u0131z\u0131l\u0131 formayla son gol\u00fcn\u00fc 30 May\u0131s&#8217;ta S\u00fcper Lig&#8217;deki MKE Ankarag\u00fcc\u00fc kar\u015f\u0131la\u015fmas\u0131nda atan Oliveira, 85 g\u00fcn aradan sonra Molde m\u00fccadelesiyle bir kez daha gol sevinci ya\u015fad\u0131.<\/p>\n<p>Galatasaray&#8217;daki toplam gol say\u0131s\u0131n\u0131 5&#8217;e \u00e7\u0131karan 31 ya\u015f\u0131ndaki futbolcu, bu sezonki ilk gol\u00fcn\u00fc att\u0131.<\/p>\n<h3>Midtsj\u00f6, vatanda\u015flar\u0131n\u0131n \u00f6n\u00fcnde galibiyeti getirdi<\/h3>\n<p>Kar\u015f\u0131la\u015fmada Galatasaray&#8217;\u0131 galibiyete ta\u015f\u0131yan gol\u00fc Norve\u00e7li Fredrik Midtsj\u00f6 kaydetti.<\/p>\n<p>Sar\u0131-k\u0131rm\u0131z\u0131l\u0131 tak\u0131ma ge\u00e7en sezon transfer olan Midtsj\u00f6, 2011-2017 y\u0131llar\u0131nda Molde&#8217;nin en b\u00fcy\u00fck rakiplerinden Rosenborg&#8217;da top ko\u015fturdu.<\/p>\n<p>Norve\u00e7li milli futbolcu, \u00fclkesinde \u00e7\u0131kt\u0131\u011f\u0131 m\u00fcsabakada vatanda\u015flar\u0131 taraf\u0131ndan yuhaland\u0131. Ma\u00e7a 82. dakikada Berkan Kutlu&#8217;nun yerine giren Midtsj\u00f6, 90+3. dakikada galibiyet gol\u00fcn\u00fc atan oyuncu oldu.<\/p>\n<p>Tecr\u00fcbeli futbolcu, Galatasaray kariyerinde ikinci kez a\u011flar\u0131 sarsarken, bu sezon ilk gol sevincini ya\u015fad\u0131.<\/p>\n<h3>Yunus&#8217;un gol\u00fc VAR&#8217;a tak\u0131ld\u0131<\/h3>\n<p>Galatasaray ad\u0131na Yunus Akg\u00fcn&#8217;\u00fcn kaydetti\u011fi gol Video Yard\u0131mc\u0131 Hakem (VAR) incelemesi sonras\u0131nda iptal edildi.<\/p>\n<p>M\u00fccadelenin 43. dakikas\u0131nda Sergio Oliveira&#8217;n\u0131n pas\u0131yla sa\u011fdan ceza sahas\u0131na giren Yunus Akg\u00fcn, a\u00e7\u0131s\u0131n\u0131 d\u00fczelttikten sonra vuru\u015funu yapt\u0131 ve a\u011flar\u0131 havaland\u0131rd\u0131. Ancak VAR&#8217;\u0131n uyar\u0131s\u0131yla pozisyonu yeniden izleyen \u0130ngiliz hakem Anthony Taylor, Mertens&#8217;in topu kaparken faul yapt\u0131\u011f\u0131 gerek\u00e7esiyle gol\u00fc iptal etti.<\/p>\n<h3>Tete, ilk ma\u00e7\u0131na \u00e7\u0131kt\u0131<\/h3>\n<p>Galatasaray&#8217;\u0131n yeni transferi Tete, ilk kez bir ma\u00e7ta sar\u0131-k\u0131rm\u0131z\u0131l\u0131 formay\u0131 terletti.<\/p>\n<p>Lisans\u0131 \u00e7\u0131kart\u0131lmas\u0131n\u0131n ard\u0131ndan UEFA listesine son anda eklenen Brezilyal\u0131 futbolcu, Molde m\u00fcsabakas\u0131n\u0131n 82. dakikas\u0131nda Yunus Akg\u00fcn&#8217;\u00fcn yerine dahil oldu.<\/p>\n<h3>Be\u015f ma\u00e7 sonra gol yedi<\/h3>\n<p>Galatasaray, 5 resmi m\u00fcsabakan\u0131n ard\u0131ndan kalesinde gol g\u00f6rd\u00fc.<\/p>\n<p>Bu sezonki ilk resmi ma\u00e7\u0131na UEFA \u015eampiyonlar Ligi 2. eleme turunda Litvanya&#8217;n\u0131n Zalgiris tak\u0131m\u0131 kar\u015f\u0131s\u0131nda \u00e7\u0131kan sar\u0131-k\u0131rm\u0131z\u0131l\u0131lar, s\u00f6z konusu m\u00fcsabakadan 2-2 beraberlikle ayr\u0131ld\u0131.<\/p>\n<p>Sonras\u0131nda UEFA \u015eampiyonlar Ligi elemelerinde 3, Trendyol S\u00fcper Lig&#8217;de ise 2 ma\u00e7a \u00e7\u0131kan Galatasaray, att\u0131\u011f\u0131 7 gole ra\u011fmen kalesinde gol g\u00f6rmemi\u015fti.<\/p>\n<h3>E\u015fle\u015fmede r\u00f6van\u015f, sal\u0131 g\u00fcn\u00fc<\/h3>\n<p>Galatasaray-Molde e\u015fle\u015fmesinde ikinci ma\u00e7, 29 A\u011fustos Sal\u0131 g\u00fcn\u00fc \u0130stanbul&#8217;da oynanacak.<\/p>\n<p>Sar\u0131-k\u0131rm\u0131z\u0131l\u0131 ekip, RAMS Park&#8217;ta seyirci deste\u011fiyle turu ge\u00e7erek gruplara kalmaya \u00e7al\u0131\u015facak. &#8220;Cimbom&#8221;a her t\u00fcrl\u00fc beraberlik ve galibiyet turu getirecek. Tek farkl\u0131 ma\u011flubiyette ise ma\u00e7 uzatmaya gidecek.<\/p>\n<h3>&#8220;Oyunun genelinde iyi olan tak\u0131m Molde&#8217;ydi&#8221;<\/h3>\n<p>Galatasaray Teknik Direkt\u00f6r\u00fc Okan Buruk, UEFA \u015eampiyonlar Ligi&#8217;nde gruplara kalmak i\u00e7in \u00f6nemli bir avantaj yakalad\u0131klar\u0131n\u0131 s\u00f6yledi.<\/p>\n<p>Buruk, Norve\u00e7&#8217;in Molde tak\u0131m\u0131yla deplasmanda yapt\u0131klar\u0131 ve 3-2 kazand\u0131klar\u0131 play-off turu ilk ma\u00e7\u0131n\u0131n ard\u0131ndan statta d\u00fczenlenen bas\u0131n toplant\u0131s\u0131nda a\u00e7\u0131klamalarda bulundu.<\/p>\n<p>Ma\u00e7a \u00e7ok iyi ba\u015flayamad\u0131klar\u0131n\u0131 aktaran Buruk, &#8220;Duran top gol\u00fcyle geri d\u00fc\u015ft\u00fck. Oyunun devam\u0131nda 2-1 \u00f6ne ge\u00e7tik. \u00dc\u00e7\u00fcnc\u00fc gol\u00fc bulduk ama say\u0131lmad\u0131. Bir penalt\u0131 pozisyonu vard\u0131. Neden verilmedi\u011fini anlamad\u0131k. Net bir elle oynama vard\u0131. Rakibimizin girdi\u011fi pozisyonlar ve yakalad\u0131\u011f\u0131 \u015fanslar vard\u0131. Oyunun genelinde iyi olan tak\u0131m Molde&#8217;ydi. Ancak burada otomatikle\u015fmi\u015f, al\u0131\u015ft\u0131klar\u0131 zemin bizi \u00e7ok zorlad\u0131. Kendi saham\u0131zda, seyircimiz \u00f6n\u00fcnde, \u00e7ok daha iyi bir oyun ortaya koyaca\u011f\u0131m\u0131z\u0131 d\u00fc\u015f\u00fcn\u00fcyorum.&#8221; diye konu\u015ftu.<\/p>\n<p>\u00d6nemli eksikleri oldu\u011funa de\u011finen Buruk, &#8220;Mauro Icardi&#8217;nin att\u0131\u011f\u0131 ve att\u0131rd\u0131\u011f\u0131 gol bize \u00f6nemli bir galibiyet kazand\u0131rd\u0131. Yolumuza devam ediyoruz. Hedefimiz \u015eampiyonlar Ligi&#8217;nde gruplara kalmak. \u0130kinci ma\u00e7 da zor olacak ama kendi stad\u0131m\u0131zda, seyircimiz \u00f6n\u00fcnde, futbolun oynanmas\u0131 gereken \u00e7im sahada \u00e7ok daha iyi olaca\u011f\u0131m\u0131z\u0131 d\u00fc\u015f\u00fcn\u00fcyorum.&#8221; ifadelerini kulland\u0131.<\/p>\n<p>Teknik direkt\u00f6r olarak daha \u00f6nce Ba\u015fak\u015fehir ile UEFA \u015eampiyonlar Ligi&#8217;ne gitti\u011fini hat\u0131rlatan Buruk, \u015funlar\u0131 kaydetti:<\/p>\n<p>&#8220;\u015eampiyonlar Ligi tecr\u00fcbesini daha \u00f6nce ya\u015fam\u0131\u015ft\u0131m. Galatasaray&#8217;la yeti\u015fti\u011fim kul\u00fcple oynamak benim i\u00e7in \u00f6nemli olacak. Stad\u0131m\u0131z\u0131n atmosferi, rakipleri ne kadar etkilendi\u011fini g\u00f6r\u00fcyoruz. Bunu \u015fampiyonlar Ligi&#8217;ne ta\u015f\u0131yabilirsek b\u00fcy\u00fck ba\u015far\u0131lara ula\u015fmak i\u00e7in daha iyisini yapaca\u011f\u0131z. \u00dclke puan\u0131m\u0131z i\u00e7in ald\u0131\u011f\u0131m\u0131z her galibiyet \u00e7ok \u00f6nemli. Yakla\u015f\u0131k 12-13 y\u0131ld\u0131r elemelerden \u015eampiyonlar Ligi&#8217;ne kat\u0131lan tak\u0131m\u0131m\u0131z olmad\u0131. Buradan bir tak\u0131m\u0131n gitmesi \u00fclkemiz i\u00e7in \u00e7ok de\u011ferli. Bunun i\u00e7in \u00e7ok \u00e7al\u0131\u015faca\u011f\u0131z. Maddi anlamda kul\u00fcb\u00fcn kazanaca\u011f\u0131 paralar, manevi anlamda benim ve oyuncular\u0131m\u0131n \u015eampiyonlar Ligi&#8217;nde m\u00fccadele etmesi de\u011ferli olacak. \u0130kinci ma\u00e7ta bug\u00fcnk\u00fcnden \u00e7ok daha iyisini yapmam\u0131z gerekiyor. \u00c7ok iyi bir tak\u0131ma kar\u015f\u0131 oynad\u0131k. R\u00f6van\u015f \u00f6ncesi iki tak\u0131m\u0131n da \u015fans\u0131 s\u00fcr\u00fcyor. Ayn\u0131 ciddiyet ve konsantrasyonla o ma\u00e7a \u00e7\u0131kmam\u0131z gerekiyor. \u015eu anda bir \u015fey kazanmad\u0131k. Sadece bir avantaj yakalad\u0131k.&#8221;<\/p>\n<h3>&#8220;Yunus Akg\u00fcn, kul\u00fcb\u00fcn evlad\u0131&#8221;<\/h3>\n<p>Okan Buruk, altyap\u0131lar\u0131ndan yeti\u015fen Yunus Akg\u00fcn&#8217;e teklifler oldu\u011funu belirterek gen\u00e7 oyuncunun gelece\u011fiyle ilgili karar\u0131 kul\u00fcb\u00fcn verilece\u011fini s\u00f6yledi.<\/p>\n<p>Yunus&#8217;un tak\u0131m\u0131n iyilerinden oldu\u011funu vurgulayan tecr\u00fcbeli teknik adam, &#8220;Bu sahada ayaklar\u0131 iyi olan, topa sahip olan, teknik kapasitesi y\u00fcksek olan oyuncular \u00f6nem kazan\u0131yordu. Yunus da tak\u0131mdaki en iyilerdendi. Yorulana kadar \u00e7ok iyi bir performans sergiledi. Bug\u00fcn ma\u00e7\u0131n iyilerinden biri oldu. Onunla ilgili kul\u00fcb\u00fcm\u00fcze gelen teklifler ve g\u00f6r\u00fc\u015fmeler var. Yunus, bu kul\u00fcb\u00fcn evlad\u0131. Burada yeti\u015fmi\u015f \u00e7ok \u00f6nemli i\u015fler yapm\u0131\u015f bir oyuncu. Onu seviyoruz ve ona g\u00fcveniyoruz. \u0130yi oyuncu oldu\u011funu biliyoruz. Kul\u00fcb\u00fcm\u00fcz Yunus ile ilgili karar\u0131 verecektir. \u00d6n\u00fcm\u00fczdeki g\u00fcnlerde belli olacak.&#8221; ifadelerini kulland\u0131.<\/p>\n<h3>&#8220;Takviyeye ihtiyac\u0131m\u0131z var&#8221;<\/h3>\n<p>Sar\u0131-k\u0131rm\u0131z\u0131l\u0131 tak\u0131m\u0131n teknik direkt\u00f6r\u00fc, tak\u0131m\u0131n takviyeye ihtiyac\u0131 oldu\u011funu ve transferler yapacaklar\u0131n\u0131 s\u00f6yledi.<\/p>\n<p>Bu zamana kadar UEFA \u015eampiyonlar Ligi elemelerinde iyi i\u015fler yapt\u0131klar\u0131n\u0131 vurgulayan Buruk, s\u00f6zlerini \u015f\u00f6yle tamamlad\u0131:<\/p>\n<p>&#8220;\u00d6nemli eksiklerimiz vard\u0131. Lucas Torreira cezal\u0131yd\u0131, Zaha ve Ziyech gibi yeni transferlerimiz de oynayabilecek durumda de\u011fildi. Bug\u00fcn ilk kez Tete&#8217;yi kulland\u0131k. Baz\u0131 b\u00f6lgelerde oyuncu eksikli\u011fimiz var. Bug\u00fcn saha ko\u015fullar\u0131 bizi ma\u00e7\u0131n d\u0131\u015f\u0131na itti. Bunu \u015eampiyonlar Ligi ayar\u0131nda bir ma\u00e7 olarak g\u00f6rm\u00fcyorum. Takviyeye ihtiyac\u0131m\u0131z var. Transferler yapaca\u011f\u0131z ama \u00f6nceli\u011fimiz elimizdeki futbolcular\u0131 oynatmak. Onun yan\u0131nda d\u00fc\u015f\u00fcncemiz en az 2 takviye daha yapmak. \u015eampiyonlar Ligi yolunda \u00f6nemli bir ad\u0131m att\u0131k. Tak\u0131m\u0131n g\u00fc\u00e7lendirmek i\u00e7in elimizden geleni yapaca\u011f\u0131z. \u0130htiya\u00e7lar\u0131m\u0131z do\u011frultusunda aray\u0131\u015flar\u0131m\u0131z s\u00fcr\u00fcyor. Eksik kadro ile buralara kadar bence \u00f6nemli i\u015fler yapt\u0131k. Tam kadro ile daha iyi i\u015fler yapacak g\u00fcc\u00fcm\u00fcz var. \u015eampiyonlar Ligi&#8217;ne girersek bunu g\u00f6sterece\u011fiz.&#8221;<\/p>\n<p>                            <span class=\"detay-foto-editor\">&#13;<br \/>\n                                <a href=\"https:\/\/www.aa.com.tr\/tr\/p\/abonelik-talep-formu\/1001\" target=\"_blank\" style=\"font-size:12px; color:#444; text-decoration:none;\" rel=\"noopener\">&#13;<br \/>\n                                    Anadolu Ajans\u0131 web sitesinde, AA Haber Ak\u0131\u015f Sistemi (HAS) \u00fczerinden abonelere sunulan haberler, \u00f6zetlenerek yay\u0131mlanmaktad\u0131r. <b style=\"color:#1897F7\">Abonelik i\u00e7in l\u00fctfen ileti\u015fime ge\u00e7iniz.<\/b>&#13;<br \/>\n                                <\/a>&#13;<br \/>\n                            <\/span>\n                        <\/div>\n<p><script>\n\t  window.fbAsyncInit = function() {\n\t\tFB.init({\n\t\t  appId: '1855843514662870',\n\t\t  status : true, \/\/ check login status\n\t\t  cookie : true, \/\/ enable cookies to allow the server to access the session\n\t\t  xfbml  : true  \/\/ parse XFBML\n\t\t});\n\t  };<\/p>\n<p>\t  (function() {\n\t\tvar e = document.createElement('script');\n\t\te.src=\"https:\/\/connect.facebook.net\/tr_TR\/all.js\";\n\t\te.async = true;\n\t\tdocument.getElementById('fb-root').appendChild(e);\n\t  }());\n    <\/script><\/p>\n","protected":false},"excerpt":{"rendered":"<p>Galatasaray, UEFA \u015eampiyonlar Ligi play-off turu ilk ma\u00e7\u0131nda konuk oldu\u011fu Norve\u00e7 temsilcisi Molde&#8216;yi 3-2 yendi. \u0130lk Yar\u0131 2. dakikada Eikrem&#8217;in ceza sahas\u0131 yay\u0131 gerisinden \u015futunda top \u00fcstten auta gitti. 8. dakikada ev sahibi ekip \u00f6ne ge\u00e7ti. Sa\u011fdan Breivik&#8217;in kulland\u0131\u011f\u0131 kornerde alt\u0131pas \u00f6n\u00fcnde y\u00fckselen Ellingsen&#8217;in kafayla vurdu\u011fu top uzak k\u00f6\u015feden a\u011flarla bulu\u015ftu: 1-0. 13. dakikada sa\u011fdan [&hellip;]<\/p>\n","protected":false},"author":1,"featured_media":12525,"comment_status":"","ping_status":"","sticky":false,"template":"","format":"standard","meta":[],"categories":[48],"tags":[],"_links":{"self":[{"href":"https:\/\/kraios.app\/news\/wp-json\/wp\/v2\/posts\/12524"}],"collection":[{"href":"https:\/\/kraios.app\/news\/wp-json\/wp\/v2\/posts"}],"about":[{"href":"https:\/\/kraios.app\/news\/wp-json\/wp\/v2\/types\/post"}],"author":[{"embeddable":true,"href":"https:\/\/kraios.app\/news\/wp-json\/wp\/v2\/users\/1"}],"replies":[{"embeddable":true,"href":"https:\/\/kraios.app\/news\/wp-json\/wp\/v2\/comments?post=12524"}],"version-history":[{"count":0,"href":"https:\/\/kraios.app\/news\/wp-json\/wp\/v2\/posts\/12524\/revisions"}],"wp:featuredmedia":[{"embeddable":true,"href":"https:\/\/kraios.app\/news\/wp-json\/wp\/v2\/media\/12525"}],"wp:attachment":[{"href":"https:\/\/kraios.app\/news\/wp-json\/wp\/v2\/media?parent=12524"}],"wp:term":[{"taxonomy":"category","embeddable":true,"href":"https:\/\/kraios.app\/news\/wp-json\/wp\/v2\/categories?post=12524"},{"taxonomy":"post_tag","embeddable":true,"href":"https:\/\/kraios.app\/news\/wp-json\/wp\/v2\/tags?post=12524"}],"curies":[{"name":"wp","href":"https:\/\/api.w.org\/{rel}","templated":true}]}}