{"id":12514,"date":"2023-08-23T18:20:09","date_gmt":"2023-08-23T18:20:09","guid":{"rendered":"https:\/\/kraios.app\/news\/ekonomi\/2023\/08\/23\/bakanlardan-sanayi-odalarina-ziyaret\/"},"modified":"2023-08-23T18:20:09","modified_gmt":"2023-08-23T18:20:09","slug":"bakanlardan-sanayi-odalarina-ziyaret","status":"publish","type":"post","link":"https:\/\/kraios.app\/news\/ekonomi\/2023\/08\/23\/bakanlardan-sanayi-odalarina-ziyaret\/","title":{"rendered":"Bakanlardan sanayi odalar\u0131na ziyaret"},"content":{"rendered":"<p> <br \/>\n<\/p>\n<div id=\"icerikDiv_59985174\">\n<p>Kocaeli\u00a0Sanayi\u00a0Odas\u0131 (KSO) a\u011fustos ay\u0131 meclis toplant\u0131s\u0131na kat\u0131lan Kac\u0131r&#8217;\u0131, Vali Seddar Yavuz, B\u00fcy\u00fck\u015fehir Belediye Ba\u015fkan\u0131 Tahir B\u00fcy\u00fckak\u0131n, AK Parti Kocaeli milletvekilleri Sadettin H\u00fclag\u00fc, Cemil Yaman, Veysal Tipio\u011flu, AK Parti \u0130l Ba\u015fkan\u0131 \u015eahin Talus ve KSO Ba\u015fkan\u0131 Ayhan Zeytino\u011flu kar\u015f\u0131lad\u0131.<\/p>\n<p>Bas\u0131na kapal\u0131 toplant\u0131 yakla\u015f\u0131k 3 saat s\u00fcrd\u00fc.<\/p>\n<p>Bakan Kac\u0131r, toplant\u0131n\u0131n ard\u0131ndan gazetecilere yapt\u0131\u011f\u0131 a\u00e7\u0131klamada, \u00c7anakkale&#8217;deki yang\u0131n felaketi sebebiyle vatanda\u015flara ge\u00e7mi\u015f olsun dileklerini ifade etti, t\u00fcm ilgili bakanl\u0131k ve kurumlar\u0131n yetkililerinin yang\u0131na kar\u015f\u0131 canla ba\u015fla m\u00fccadele y\u00fcr\u00fctt\u00fc\u011f\u00fcn\u00fc belirtti.<\/p>\n<p>Kocaeli&#8217;nin \u00e7ok k\u0131ymetli bir\u00a0sanayi\u00a0\u015fehri oldu\u011funu dile getiren Kac\u0131r, kentin ekonomisine ili\u015fkin \u015funlar\u0131 s\u00f6yledi:<\/p>\n<p><img decoding=\"async\" alt=\"\" src=\"https:\/\/www.aa.com.tr\/uploads\/userFiles\/c9f1ae26-3cf3-4ab4-9d72-230dedd01a4c\/AA-31979384.jpg\"\/><\/p>\n<p>&#8220;20 y\u0131l \u00f6ncesinde\u00a0sanayi\u00a0b\u00f6lgelerimizin say\u0131s\u0131 8 iken bug\u00fcn 14&#8217;e y\u00fckseltmi\u015f durumday\u0131z. OSB&#8217;lerdeki istihdam Kocaeli&#8217;de 9 bin 150&#8217;lerden 142 bin 343&#8217;e son 20 y\u0131lda y\u00fckseldi. Yani yakla\u015f\u0131k 16 misline \u00e7\u0131kt\u0131. Yine \u00fcretimdeki parsel say\u0131s\u0131 81&#8217;den 1322&#8217;ye bu d\u00f6nemde y\u00fckseldi. Organize\u00a0sanayi\u00a0b\u00f6lgelerine ilave olarak 2 end\u00fcstri b\u00f6lgesini de son 20 y\u0131lda Kocaeli&#8217;ne kazand\u0131rd\u0131k. Ayn\u0131 zamanda 132 AR-GE ve 17 tasar\u0131m merkezimiz ile 5 teknopark\u0131m\u0131zda 938 firmam\u0131z Kocaeli&#8217;de AR-GE, tasar\u0131m ve inovasyon odakl\u0131 faaliyetlerini s\u00fcrd\u00fcr\u00fcyor. Toplam AR-GE personel say\u0131m\u0131z 15 binin \u00fczerinde, tasar\u0131m personeli say\u0131m\u0131zda 400&#8217;e yak\u0131n.<\/p>\n<p>B\u00fct\u00fcn bu istatistikler asl\u0131nda son 20 y\u0131lda Kocaeli\u00a0sanayisinin ne d\u00fczeye geldi\u011fini ifade ediyor. Sekt\u00f6rel bakt\u0131\u011f\u0131m\u0131zda, \u00f6zellikle otomotiv sekt\u00f6r\u00fcnde Kocaeli \u00f6nc\u00fc \u015fehrimiz. Ge\u00e7en y\u0131l T\u00fcrkiye&#8217;nin ger\u00e7ekle\u015ftirdi\u011fi 30 milyar dolara yak\u0131n otomotiv ihracat\u0131n\u0131n y\u00fczde 25&#8217;ini tek ba\u015f\u0131na Kocaeli ger\u00e7ekle\u015ftirdi. 7,5 milyar dolarl\u0131k bir ihracata, 43 bin \u00e7al\u0131\u015fan\u0131n al\u0131n teriyle, ak\u0131l teriyle Kocaeli otomotiv\u00a0sanayi\u00a0imza atm\u0131\u015f oldu.&#8221;<\/p>\n<p>&#8220;En b\u00fcy\u00fck memnuniyetim,\u00a0sanayicilerimizdeki yat\u0131r\u0131m i\u015ftah\u0131n\u0131n artarak devam etmesidir&#8221;<\/p>\n<p>Kac\u0131r, kimya sekt\u00f6r\u00fcnde Kocaeli&#8217;nin ihracat d\u00fczeyinin toplam sekt\u00f6r\u00fcn y\u00fczde 20&#8217;sinin ve 5 milyar dolar\u0131n \u00fczerinde oldu\u011funa i\u015faret ederek, ge\u00e7en y\u0131l kent kimya sekt\u00f6r\u00fcn\u00fcn 53 bin personeliyle ihracat yapt\u0131\u011f\u0131n\u0131 belirtti.<\/p>\n<p>Metal\u00a0sanayisinde ise 32 bin personelin al\u0131n ve ak\u0131l teriyle 5 milyar dolar\u0131n \u00fczerinde ihracat yapt\u0131\u011f\u0131n\u0131 dile getiren Kac\u0131r, &#8220;B\u00fct\u00fcn bu istatistikler, rakamlar, \u00f6n\u00fcm\u00fczdeki d\u00f6nemde de\u00a0sanayi\u00a0politikalar\u0131m\u0131zda Kocaeli&#8217;nin oynayaca\u011f\u0131 \u00f6nc\u00fc role i\u015faret ediyor. Bizler hem Kocaeli&#8217;de dikkatli planlamalar yaparak, ihtiya\u00e7 duyulan ilave\u00a0sanayi\u00a0alanlar\u0131n\u0131 olu\u015fturmak, hem bu b\u00f6lgedeki\u00a0sanayinin biraz daha b\u00f6lge d\u0131\u015f\u0131na makul planla ta\u015f\u0131nmas\u0131n\u0131, transferini sa\u011flamak ama esasen b\u00f6lge\u00a0sanayinin y\u00fcksek katma de\u011fer at\u0131l\u0131m\u0131n\u0131 h\u0131zland\u0131rmak i\u00e7in \u00e7abalar\u0131m\u0131z\u0131 ger\u00e7ekle\u015ftirece\u011fiz. T\u00fcrkiye&#8217;nin Togg benzeri pek \u00e7ok kilit teknoloji yat\u0131r\u0131m\u0131na ihtiyac\u0131 var. Bu yat\u0131r\u0131mlara Kocaeli&#8217;nin \u00f6nc\u00fcl\u00fck edece\u011fini \u00f6ng\u00f6r\u00fcyoruz.&#8221; diye konu\u015ftu.<\/p>\n<p><img decoding=\"async\" alt=\"\" src=\"https:\/\/admin.aa.com.tr\/uploads\/userFiles\/c9f1ae26-3cf3-4ab4-9d72-230dedd01a4c\/20230823_2_59983411_92125651.jpg\"\/><\/p>\n<p>Kac\u0131r, toplant\u0131da nitelikli i\u015f g\u00fcc\u00fc konusunda fikir al\u0131\u015fveri\u015finde bulunduklar\u0131n\u0131,\u00a0sanayicilere y\u00f6nelik destekleri ele ald\u0131klar\u0131n\u0131 s\u00f6yledi.<\/p>\n<p>Gelecek d\u00f6nemde \u00f6zellikle mesleki e\u011fitim alan\u0131nda Milli E\u011fitim Bakanl\u0131\u011f\u0131,\u00a0sanayiciler ve Bakanl\u0131k aras\u0131nda kurmay\u0131 hedefledikleri i\u015fbirli\u011fi platformlar\u0131n\u0131 da konu\u015ftuklar\u0131n\u0131 ifade eden Kac\u0131r, ulusal d\u00fczeyde y\u00fcr\u00fctecekleri sekt\u00f6rel politikalar\u0131n Kocaeli&#8217;deki yans\u0131malar\u0131n\u0131 da birlikte planlama konusunda g\u00f6r\u00fc\u015f al\u0131\u015fveri\u015fi i\u00e7inde olduklar\u0131n\u0131 kaydetti.<\/p>\n<p>&#8220;En b\u00fcy\u00fck memnuniyetim,\u00a0sanayicilerimizdeki yat\u0131r\u0131m i\u015ftah\u0131n\u0131n artarak devam etmesidir, istihdam art\u0131\u015f h\u0131z\u0131n\u0131n y\u00fckselerek devam etmesidir.&#8221; diyen Kac\u0131r, son d\u00f6nemde, \u00f6zellikle Kovid-19 salg\u0131n\u0131 sonras\u0131nda yakalanan f\u0131rsat penceresini\u00a0sanayicilerin en iyi \u015fekilde de\u011ferlendirdi\u011fini belirtti.<\/p>\n<p>Bakan Kac\u0131r, 245 milyar dolar\u0131 a\u015fan imalat\u00a0sanayi\u00a0ihracat\u0131n\u0131n art\u0131r\u0131lmas\u0131 i\u00e7in gayret g\u00f6sterme noktas\u0131nda ortak iradeyi payla\u015ft\u0131klar\u0131n\u0131 da s\u00f6zlerine ekledi.<\/p>\n<h3>Ticaret\u00a0Bakan\u0131\u00a0Bolat, \u0130SO Meclisi toplant\u0131s\u0131nda konu\u015ftu<\/h3>\n<div id=\"icerikDiv_59983173\">\n<p>Ticaret\u00a0Bakan\u0131\u00a0\u00d6mer Bolat da \u0130stanbul Sanayi Odas\u0131&#8217;n\u0131n (\u0130SO) &#8220;Ekonomiyi Yeniden Yap\u0131land\u0131rmaya Y\u00f6nelik \u0130sti\u015fareler ve Orta Vadeli Program (OVP) \u00d6ncesi S\u00fcre\u00e7te Sanayi\/\u0130hracat D\u00fcnyam\u0131z\u0131n Sorunlar\u0131 ve \u00c7\u00f6z\u00fcm \u00d6nerilerini De\u011ferlendirmek&#8221; konulu a\u011fustos ay\u0131 meclis toplant\u0131s\u0131na kat\u0131ld\u0131.<\/p>\n<p><img decoding=\"async\" alt=\"\" src=\"https:\/\/www.aa.com.tr\/uploads\/userFiles\/c9f1ae26-3cf3-4ab4-9d72-230dedd01a4c\/20230823_2_59982543_92123421.jpg\"\/><\/p>\n<p>Madencilikten elektroni\u011fe, tekstilden g\u0131da \u00fcr\u00fcnlerine kadar \u00e7ok geni\u015f bir yelpazede faaliyet g\u00f6steren \u0130SO&#8217;nun T\u00fcrkiye&#8217;nin en b\u00fcy\u00fck sanayi odas\u0131 oldu\u011funu belirten Bolat, \u0130SO \u00fcyesi firmalar\u0131n, T\u00fcrkiye sanayi \u00fcretiminin yakla\u015f\u0131k \u00fc\u00e7te birini ger\u00e7ekle\u015ftirdi\u011fini bildirdi.<\/p>\n<p>Ekonominin ve\u00a0ticaretin dinamiklerinin h\u0131zla d\u00f6n\u00fc\u015ft\u00fc\u011f\u00fcn\u00fc ifade eden Bolat, k\u00fcresel trendleri yakalamak, hatta trend belirleyen \u00fclke olmak, \u00fcretimde s\u00fcrd\u00fcr\u00fclebilirli\u011fi sa\u011flamak, katma de\u011ferli ihracat\u0131 art\u0131rmak ve \u00fclkenin prestijini daha y\u00fcksek seviyelere \u00e7\u0131karmak i\u00e7in herkese sorumluluklar d\u00fc\u015ft\u00fc\u011f\u00fcn\u00fc dile getirdi.<\/p>\n<p>D\u00fcnyayla rekabet edebilecek bir g\u00fcce ula\u015fman\u0131n ancak ve ancak \u00fcretime, imalata, bilgi ekonomisine, teknolojiye dayal\u0131 bir ekonomiyle m\u00fcmk\u00fcn oldu\u011funu vurgulayan Bolat, bu do\u011frultuda, h\u00fck\u00fcmet olarak bug\u00fcne kadar oldu\u011fu gibi bundan sonra da T\u00fcrkiye&#8217;nin kalk\u0131nmas\u0131 i\u00e7in var g\u00fc\u00e7leriyle \u00e7al\u0131\u015fmaya devam edeceklerini s\u00f6yledi.<\/p>\n<p>Bolat, geli\u015fmi\u015f \u00fclkelerin s\u0131k\u0131la\u015ft\u0131r\u0131c\u0131 para politikalar\u0131, y\u00fcksek enflasyon ile birlikte azalan talep, jeopolitik gerilimlerin g\u0131da ba\u015fta olmak \u00fczere emtia fiyatlar\u0131n\u0131 tetiklemesinin k\u00fcresel resesyon endi\u015felerini art\u0131rd\u0131\u011f\u0131n\u0131, k\u00fcresel\u00a0ticareti de yava\u015flatt\u0131\u011f\u0131n\u0131 anlatt\u0131.<\/p>\n<p>K\u00fcresel ekonomideki bu k\u0131r\u0131lgan seyir nedeniyle uluslararas\u0131 kurulu\u015flar\u0131n b\u00fcy\u00fcme tahminlerini a\u015fa\u011f\u0131 y\u00f6nl\u00fc revize etti\u011fine i\u015faret eden Bolat, T\u00fcrkiye ekonomisinin ise k\u00fcresel d\u00fczeyde ya\u015fanan t\u00fcm bu olumsuzluklara ve b\u00fcy\u00fck deprem felaketine ra\u011fmen son 11 \u00e7eyreklik kesintisiz b\u00fcy\u00fcme performans\u0131n\u0131 s\u00fcrd\u00fcrd\u00fc\u011f\u00fcn\u00fc kaydetti.<\/p>\n<p>Bolat, eyl\u00fcl ay\u0131n\u0131n ilk yar\u0131s\u0131 i\u00e7erisinde a\u00e7\u0131klamas\u0131 planlanan OVP&#8217;nin ise ekonominin yeni \u00e7\u0131pas\u0131 olaca\u011f\u0131n\u0131 belirtti.<\/p>\n<p><img decoding=\"async\" alt=\"\" src=\"https:\/\/www.aa.com.tr\/uploads\/userFiles\/c9f1ae26-3cf3-4ab4-9d72-230dedd01a4c\/20230823_2_59982543_92123419.jpg\"\/><\/p>\n<h3>&#8220;Eximbank&#8217;\u0131n sermayesini 6,8 milyar TL art\u0131rd\u0131k&#8221;<\/h3>\n<p>\u00d6mer Bolat, Bakanl\u0131k olarak, &#8220;s\u00fcrd\u00fcr\u00fclebilir ihracat art\u0131\u015f\u0131 ve d\u0131\u015f\u00a0ticaret\u00a0dengesi&#8221;, &#8220;etkin, h\u0131zl\u0131 ve g\u00fcvenli bir g\u00fcmr\u00fck anlay\u0131\u015f\u0131&#8221;, &#8220;adil, rekabet\u00e7i ve istikrarl\u0131 bir i\u00e7\u00a0ticaret\u00a0ortam\u0131&#8221; ilkeleri \u0131\u015f\u0131\u011f\u0131nda T\u00fcrkiye\u2019nin geli\u015fmesi ve b\u00fcy\u00fcmesi i\u00e7in \u00e7al\u0131\u015fmaya devam ettiklerini s\u00f6yledi.<\/p>\n<p>\u0130hracatta katma de\u011feri y\u00fcksek, y\u00fcksek teknolojili \u00fcr\u00fcnlere odakland\u0131klar\u0131n\u0131 vurgulayan Bolat, ihracat s\u00fcre\u00e7lerini dijitalle\u015fme, AR-GE, inovasyon ve markala\u015fma faaliyetleriyle desteklediklerini kaydetti.<\/p>\n<p>T\u00fcrkiye&#8217;nin son 20 y\u0131lda ihracatta yakalad\u0131\u011f\u0131 ba\u015far\u0131lara de\u011finen Bolat, &#8220;2002 y\u0131l\u0131nda 14 milyar dolar olan hizmet ihracat\u0131m\u0131z, 2022 y\u0131l\u0131nda tam 6,5 kat art\u0131\u015fla 90,5 milyar dolara ula\u015fm\u0131\u015ft\u0131r. Cumhuriyetimizin 100. y\u0131l\u0131nda da in\u015fallah 120 milyar dolar hizmet ihracat\u0131na ula\u015fmay\u0131 hedefliyoruz.&#8221; dedi.<\/p>\n<p>Ticaret\u00a0Bakanl\u0131\u011f\u0131 olarak, ihracatta ortaya koyduklar\u0131 hedeflere ula\u015fmak i\u00e7in ihracat\u00e7\u0131lara \u00f6nemli destekler sunduklar\u0131n\u0131 ifade eden Bolat, \u015funlar\u0131 kaydetti:<\/p>\n<p>&#8220;\u0130hracat\u00e7\u0131lar\u0131m\u0131z\u0131n finansmana eri\u015fimini kolayla\u015ft\u0131rmak, finansman imkanlar\u0131n\u0131 geni\u015fletmek i\u00e7in Bakanl\u0131k olarak var g\u00fcc\u00fcm\u00fczle \u00e7al\u0131\u015f\u0131yoruz. \u0130GE A\u015e taraf\u0131ndan bug\u00fcne kadar 10 bini a\u015fk\u0131n ihracat\u00e7\u0131m\u0131za 40,5 milyar TL&#8217;lik kefalet sa\u011flanm\u0131\u015f olup 2023 sonu itibar\u0131yla 90 milyar TL&#8217;lik krediye kefalet sa\u011flanmas\u0131n\u0131 hedefliyoruz. Eximbank vas\u0131tas\u0131yla da ihracat\u00e7\u0131lar\u0131m\u0131za 2022 y\u0131l\u0131nda 45 milyar dolar, 2023 y\u0131l\u0131 ilk 7 ay\u0131nda toplam 22,6 milyar dolar destek sa\u011flanm\u0131\u015ft\u0131r. Bununla da kalmayarak, Eximbank&#8217;\u0131n sermayesi 6,8 milyar TL art\u0131r\u0131lm\u0131\u015f ve \u00f6n\u00fcm\u00fczdeki d\u00f6nemde ihracat\u00e7\u0131lar\u0131m\u0131za daha fazla kredi verme imkan\u0131 sa\u011flanm\u0131\u015ft\u0131r. Yani y\u00fczde 40 sermaye art\u0131\u015f\u0131yla sa\u011flad\u0131\u011f\u0131m\u0131z bu 6,8 milyar lira, \u00e7arpan etkisiyle en az 70 milyar liral\u0131k kaynak olmu\u015f oldu. Eximbank&#8217;\u0131n kaynaklar\u0131 art\u0131nca finansman imkanlar\u0131 bak\u0131m\u0131ndan \u00f6zel bankalar da kendilerini yar\u0131\u015fa girmeye mecbur hissetti. Son 10 y\u0131ld\u0131r kamu bankalar\u0131 harika i\u015fler yapt\u0131. T\u00fcrkiye ekonomisinin finansman ihtiya\u00e7lar\u0131n\u0131 destekleme ve mega projelerin desteklenmesi noktas\u0131nda b\u00fct\u00fcn imkanlar\u0131n\u0131 kulland\u0131lar. \u00d6zel bankalar da art\u0131k bu rekabetin i\u00e7erisinde olurlar.&#8221;<\/p>\n<p>Bolat, Bakanl\u0131\u011f\u0131n sa\u011flam\u0131\u015f oldu\u011fu desteklerin yan\u0131 s\u0131ra Merkez Bankas\u0131&#8217;n\u0131n da ihracat\u00e7\u0131lar\u0131n finansmana eri\u015fimini kolayla\u015ft\u0131rmak amac\u0131yla son d\u00f6nemde ald\u0131\u011f\u0131 kararlar\u0131 memnuniyetle kar\u015f\u0131lad\u0131klar\u0131n\u0131 s\u00f6yledi.<\/p>\n<h3>&#8220;Yeni d\u00f6nemde 5 adet serbest\u00a0ticaret\u00a0b\u00f6lgesini hizmete alaca\u011f\u0131z&#8221;<\/h3>\n<p>\u00d6mer Bolat, Bakanl\u0131k olarak 2023 y\u0131l\u0131nda \u0130stanbul i\u00e7in halihaz\u0131rda 1,7 milyar liral\u0131k ihracata y\u00f6nelik devlet yard\u0131m\u0131 sa\u011fland\u0131\u011f\u0131n\u0131 bildirdi.<\/p>\n<p>\u0130stanbul Sanayi Odas\u0131 \u00f6zelinde ise Oda taraf\u0131ndan 5 adet tamamlanm\u0131\u015f URGE projesi ile bir adet aktif URGE projesini desteklediklerini aktaran Bolat, Bakanl\u0131k olarak \u00fcretimi ve ihracat\u0131 desteklerken yerli \u00fcreticileri ithalat kaynakl\u0131 zarar ve tehditlere kar\u015f\u0131, D\u00fcnya\u00a0Ticaret\u00a0\u00d6rg\u00fct\u00fc (DT\u00d6) kurallar\u0131na uygun \u015fekilde,\u00a0ticaret\u00a0politikas\u0131 savunma ara\u00e7lar\u0131yla korumay\u0131 s\u00fcrd\u00fcrd\u00fcklerini kaydetti.<\/p>\n<p>Bolat, bu \u00e7er\u00e7evede, 65 \u00fcr\u00fcn grubunda damping ve s\u00fcbvansiyona kar\u015f\u0131 \u00f6nlem, 9 \u00fcr\u00fcn grubunda korunma \u00f6nlemi, 17 \u00fcr\u00fcn grubunda \u00f6nlemlerin etkisiz k\u0131l\u0131nmas\u0131na kar\u015f\u0131 \u00f6nlem ve 148 \u00fcr\u00fcn grubunda ise g\u00f6zetim \u00f6nlemi uygulad\u0131klar\u0131n\u0131 bildirdi.<\/p>\n<p>Serbest b\u00f6lgelerin; yabanc\u0131 yat\u0131r\u0131mlar\u0131n \u00fclkeye \u00e7ekilmesi ve ihracata y\u00f6nelik \u00fcretim kapasitesinin geli\u015ftirilmesi hedefi do\u011frultusunda \u00f6nemli enstr\u00fcman oldu\u011funu belirten Bolat, &#8220;19 adet serbest b\u00f6lgemiz bulunmakta. \u0130n\u015fallah yeni d\u00f6nemde 5 adet serbest\u00a0ticaret\u00a0b\u00f6lgesini de hizmete alaca\u011f\u0131z. H\u00fck\u00fcmet olarak, ihracat\u00e7\u0131lar\u0131m\u0131za yeni pazarlar a\u00e7mak i\u00e7in Avrupa Birli\u011fi&#8217;nin (AB) Serbest\u00a0Ticaret\u00a0Anla\u015fmas\u0131 (STA) yapt\u0131\u011f\u0131 \u00fclkelerle de biz kendi menfaatlerimizi de \u00f6nceleyerek STA&#8217;lar yapmaya devam ediyoruz.&#8221; diye konu\u015ftu.<\/p>\n<p>Ticaret\u00a0diplomasinin, en \u00f6nemli enstr\u00fcmanlar\u0131ndan biri oldu\u011funu belirten Bolat, Suudi Arabistan, Katar ve Birle\u015fik Arap Emirlikleri&#8217;nde ikili temaslar ger\u00e7ekle\u015ftirdiklerini, ayr\u0131ca yine yak\u0131n zamanda AB, Birle\u015fik Krall\u0131k, M\u0131s\u0131r, Azerbaycan ve Bulgaristan&#8217;dan muhataplarla d\u0131\u015f\u00a0ticaretin geli\u015ftirilmesi kapsam\u0131nda g\u00f6r\u00fc\u015fmelerde bulunduklar\u0131n\u0131 anlatt\u0131.<\/p>\n<h3>&#8220;\u00dclkemizin k\u00fcresel hizmet ihracat\u0131ndan ald\u0131\u011f\u0131 pay\u0131 y\u00fczde 2,1&#8217;e y\u00fckseltmeyi ama\u00e7l\u0131yoruz&#8221;<\/h3>\n<p>Ticaret\u00a0Bakan\u0131\u00a0Bolat, &#8220;2028 \u0130hracat Tan\u0131t\u0131m ve Pazarlama Vizyonu&#8221; ile yepyeni proje ve faaliyetleri hep birlikte hayata ge\u00e7irmek arzusunda olduklar\u0131n\u0131 aktararak, \u015funlar\u0131 kaydetti:<\/p>\n<p>&#8220;\u00dclkemizin k\u00fcresel mal ihracat\u0131ndan ald\u0131\u011f\u0131 pay\u0131 y\u00fczde 1,2&#8217;ye, k\u00fcresel hizmet ihracat\u0131ndan ald\u0131\u011f\u0131 pay\u0131 y\u00fczde 2,1&#8217;e y\u00fckseltmeyi ama\u00e7l\u0131yoruz. Y\u00fcksek ve orta-y\u00fcksek teknolojili \u00fcr\u00fcn ihracat\u0131m\u0131z\u0131n pay\u0131n\u0131 mevcut y\u00fczde 36&#8217;dan y\u00fczde 50&#8217;ye y\u00fckseltece\u011fiz. KOB\u0130&#8217;lerin ihracattaki pay\u0131n\u0131 y\u00fczde 26&#8217;dan y\u00fczde 40&#8217;a \u00e7\u0131kartmay\u0131, T\u00fcrkiye e-ihracat platformu ve e-kolay ihracat platformu gibi kanallarla e-ihracat\u0131n toplam ihracattaki pay\u0131n\u0131 y\u00fczde 1,5&#8217;ten y\u00fczde 10&#8217;a y\u00fckseltmeyi hedefliyoruz. Y\u00fcksek teknolojili \u00fcr\u00fcn ihracat\u0131n\u0131 art\u0131raca\u011f\u0131z. \u00dcreticimizi, sanayicimizi, \u00e7ift\u00e7imizi ithalat bask\u0131s\u0131na ve haks\u0131z rekabete kar\u015f\u0131 daha etkin bir \u015fekilde koruyaca\u011f\u0131z.&#8221;<\/p>\n<p>Bolat, ge\u00e7en y\u0131l uygulamaya konulan Uzak \u00dclkeler Stratejisi&#8217;ne ilave olarak, ge\u00e7en aylarda kamuoyuyla payla\u015ft\u0131klar\u0131 \u0130slam \u00dclkeleri \u0130hracat Geli\u015ftirme Stratejisi do\u011frultusunda ihracat pazarlar\u0131n\u0131 \u00e7e\u015fitlendirmeyi ve geleneksel pazarlarda da T\u00fcrkiye&#8217;nin pay\u0131n\u0131 art\u0131rmay\u0131 hedeflediklerini s\u00f6zlerine ekledi.<\/p>\n<\/div>\n<\/div>\n<p><script>\n\t  window.fbAsyncInit = function() {\n\t\tFB.init({\n\t\t  appId: '1855843514662870',\n\t\t  status : true, \/\/ check login status\n\t\t  cookie : true, \/\/ enable cookies to allow the server to access the session\n\t\t  xfbml  : true  \/\/ parse XFBML\n\t\t});\n\t  };<\/p>\n<p>\t  (function() {\n\t\tvar e = document.createElement('script');\n\t\te.src=\"https:\/\/connect.facebook.net\/tr_TR\/all.js\";\n\t\te.async = true;\n\t\tdocument.getElementById('fb-root').appendChild(e);\n\t  }());\n    <\/script><br \/>\n<br \/><br \/>\n<br \/><a href=\"https:\/\/www.aa.com.tr\/tr\/ekonomi\/bakanlardan-sanayi-odalarina-ziyaret\/2974696\">Source link <\/a><\/p>\n","protected":false},"excerpt":{"rendered":"<p>Kocaeli\u00a0Sanayi\u00a0Odas\u0131 (KSO) a\u011fustos ay\u0131 meclis toplant\u0131s\u0131na kat\u0131lan Kac\u0131r&#8217;\u0131, Vali Seddar Yavuz, B\u00fcy\u00fck\u015fehir Belediye Ba\u015fkan\u0131 Tahir B\u00fcy\u00fckak\u0131n, AK Parti Kocaeli milletvekilleri Sadettin H\u00fclag\u00fc, Cemil Yaman, Veysal Tipio\u011flu, AK Parti \u0130l Ba\u015fkan\u0131 \u015eahin Talus ve KSO Ba\u015fkan\u0131 Ayhan Zeytino\u011flu kar\u015f\u0131lad\u0131. Bas\u0131na kapal\u0131 toplant\u0131 yakla\u015f\u0131k 3 saat s\u00fcrd\u00fc. Bakan Kac\u0131r, toplant\u0131n\u0131n ard\u0131ndan gazetecilere yapt\u0131\u011f\u0131 a\u00e7\u0131klamada, \u00c7anakkale&#8217;deki yang\u0131n felaketi [&hellip;]<\/p>\n","protected":false},"author":1,"featured_media":12515,"comment_status":"","ping_status":"","sticky":false,"template":"","format":"standard","meta":[],"categories":[44],"tags":[],"_links":{"self":[{"href":"https:\/\/kraios.app\/news\/wp-json\/wp\/v2\/posts\/12514"}],"collection":[{"href":"https:\/\/kraios.app\/news\/wp-json\/wp\/v2\/posts"}],"about":[{"href":"https:\/\/kraios.app\/news\/wp-json\/wp\/v2\/types\/post"}],"author":[{"embeddable":true,"href":"https:\/\/kraios.app\/news\/wp-json\/wp\/v2\/users\/1"}],"replies":[{"embeddable":true,"href":"https:\/\/kraios.app\/news\/wp-json\/wp\/v2\/comments?post=12514"}],"version-history":[{"count":0,"href":"https:\/\/kraios.app\/news\/wp-json\/wp\/v2\/posts\/12514\/revisions"}],"wp:featuredmedia":[{"embeddable":true,"href":"https:\/\/kraios.app\/news\/wp-json\/wp\/v2\/media\/12515"}],"wp:attachment":[{"href":"https:\/\/kraios.app\/news\/wp-json\/wp\/v2\/media?parent=12514"}],"wp:term":[{"taxonomy":"category","embeddable":true,"href":"https:\/\/kraios.app\/news\/wp-json\/wp\/v2\/categories?post=12514"},{"taxonomy":"post_tag","embeddable":true,"href":"https:\/\/kraios.app\/news\/wp-json\/wp\/v2\/tags?post=12514"}],"curies":[{"name":"wp","href":"https:\/\/api.w.org\/{rel}","templated":true}]}}