{"id":12506,"date":"2023-08-23T00:20:04","date_gmt":"2023-08-23T00:20:04","guid":{"rendered":"https:\/\/kraios.app\/news\/yasam\/2023\/08\/23\/eglenceli-atolyelerle-donatilan-umut-tiri-depremzede-cocuklar-icin-yeniden-hatayda\/"},"modified":"2023-08-23T00:20:04","modified_gmt":"2023-08-23T00:20:04","slug":"eglenceli-atolyelerle-donatilan-umut-tiri-depremzede-cocuklar-icin-yeniden-hatayda","status":"publish","type":"post","link":"https:\/\/kraios.app\/news\/yasam\/2023\/08\/23\/eglenceli-atolyelerle-donatilan-umut-tiri-depremzede-cocuklar-icin-yeniden-hatayda\/","title":{"rendered":"E\u011flenceli at\u00f6lyelerle donat\u0131lan &#8220;Umut T\u0131r\u0131&#8221; depremzede \u00e7ocuklar i\u00e7in yeniden Hatay&#8217;da"},"content":{"rendered":"<p><\/p>\n<div>\n<p>\u0130stanbul merkezli SosyalBen Vakf\u0131, 6 \u015eubat&#8217;taki Kahramanmara\u015f merkezli depremlerin b\u00fcy\u00fck y\u0131k\u0131ma yol a\u00e7t\u0131\u011f\u0131 illere Umut T\u0131r\u0131 ile giderek \u00e7ocuklara y\u00f6nelik \u00e7e\u015fitli etkinlikler d\u00fczenliyor.<\/p>\n<p>Deprem sonras\u0131 ikinci kez Hatay&#8217;a gelen Umut T\u0131r\u0131, merkez Antakya il\u00e7esindeki A\u015fa\u011f\u0131 Ekinci Konteyner Kenti&#8217;nde konu\u015fland\u0131.<\/p>\n<p><img decoding=\"async\" alt=\"\" src=\"https:\/\/www.aa.com.tr\/uploads\/userFiles\/a54ea27f-6036-4f79-88c6-6bc9ba19a35d\/08_Nisan%2F06%20temmuz%2F05%2FAA-31969900.jpg\"\/><\/p>\n<p>Depremzede \u00e7ocuklar i\u00e7in t\u0131rda, oyun ba\u015fta olmak \u00fczere resim, m\u00fczik, icat, yarat\u0131c\u0131 yazarl\u0131k ve spor etkinlikleri d\u00fczenleniyor.<\/p>\n<p>SosyalBen Vakf\u0131n\u0131n kurucusu Ece \u00c7ift\u00e7i, AA muhabirine, depremden etkilenen \u00e7ocuklara Umut T\u0131r\u0131 ile psikososyal destek ula\u015ft\u0131rd\u0131klar\u0131n\u0131 s\u00f6yledi.<\/p>\n<p><img decoding=\"async\" alt=\"\" src=\"https:\/\/www.aa.com.tr\/uploads\/userFiles\/a54ea27f-6036-4f79-88c6-6bc9ba19a35d\/08_Nisan%2F06%20temmuz%2F05%2FAA-31969902.jpg\"\/><\/p>\n<p>Umut T\u0131r\u0131&#8217;n\u0131n ilk rotas\u0131n\u0131 5-23 Nisan tarihlerinde deprem b\u00f6lgesinde ger\u00e7ekle\u015ftirdi\u011fini belirten \u00c7ift\u00e7i, \u015f\u00f6yle devam etti:<\/p>\n<p>&#8220;\u015eimdi de okula d\u00f6n\u00fc\u015f \u00f6ncesinde \u00e7ocuklara at\u00f6lye \u00e7al\u0131\u015fmalar\u0131 \u00fcst\u00fcnden psikososyal deste\u011fi sa\u011flamak i\u00e7in ikinci rotam\u0131z\u0131n ilk dura\u011f\u0131 Hatay&#8217;day\u0131z. Ekibimiz kalabal\u0131k, b\u00f6lgedeki g\u00f6n\u00fcll\u00fclerimiz bizimle birlikte. Umut T\u0131r\u0131&#8217;n\u0131n destek\u00e7ileri ve destek\u00e7ilerimizin g\u00f6n\u00fcll\u00fcleri burada. Resim, m\u00fczik, dans, yarat\u0131c\u0131 yazarl\u0131k, foto\u011fraf\u00e7\u0131l\u0131k, oyun, spor, icat olmak \u00fczere \u00e7e\u015fitli at\u00f6lyelerimiz var. Bu at\u00f6lyelerde deprem sonras\u0131 travmadan etkilenen \u00e7ocuklara sosyal aktiviteler \u00fczerinden psikolojik destek sa\u011fl\u0131yoruz. \u00c7\u00fcnk\u00fc travma y\u00f6netiminde \u00e7ocuklar\u0131n asl\u0131nda sosyal aktivitelere kat\u0131lmas\u0131, fiziksel aktivitelerde bulunmas\u0131 ve akranlar\u0131yla g\u00fcvenli bir ortamda oyuna dahil olabiliyor olmas\u0131 \u00e7ok \u00f6nemli, biz de bunun bir par\u00e7as\u0131y\u0131z.&#8221;<\/p>\n<p><img decoding=\"async\" alt=\"\" src=\"https:\/\/www.aa.com.tr\/uploads\/userFiles\/a54ea27f-6036-4f79-88c6-6bc9ba19a35d\/08_Nisan%2F06%20temmuz%2F05%2FAA-31969903.jpg\"\/><\/p>\n<p>\u00c7ocuklar\u0131n Umut T\u0131r\u0131 sayesinde \u00e7ok mutlu oldu\u011funu g\u00f6zlemlediklerini aktaran \u00c7ift\u00e7i, bunun kendilerinin de motivasyonunu olumlu etkiledi\u011fini belirtti.<\/p>\n<p>\u00c7ift\u00e7i, Hatay&#8217;a d\u00fcn geldiklerini kaydederek, &#8220;Hatay&#8217;da bu sonuncu g\u00fcn\u00fcm\u00fcz. Fakat sonras\u0131nda 31 A\u011fustos&#8217;a kadar Umut T\u0131r\u0131 yolda olacak.&#8221; dedi.\u200b\u200b\u200b\u200b\u200b\u200b\u200b<\/p>\n<p>                            <span class=\"detay-foto-editor\">&#13;<br \/>\n                                <a href=\"https:\/\/www.aa.com.tr\/tr\/p\/abonelik-talep-formu\/1001\" target=\"_blank\" style=\"font-size:12px; color:#444; text-decoration:none;\" rel=\"noopener\">&#13;<br \/>\n                                    Anadolu Ajans\u0131 web sitesinde, AA Haber Ak\u0131\u015f Sistemi (HAS) \u00fczerinden abonelere sunulan haberler, \u00f6zetlenerek yay\u0131mlanmaktad\u0131r. <b style=\"color:#1897F7\">Abonelik i\u00e7in l\u00fctfen ileti\u015fime ge\u00e7iniz.<\/b>&#13;<br \/>\n                                <\/a>&#13;<br \/>\n                            <\/span>\n                        <\/div>\n<p><script>\n\t  window.fbAsyncInit = function() {\n\t\tFB.init({\n\t\t  appId: '1855843514662870',\n\t\t  status : true, \/\/ check login status\n\t\t  cookie : true, \/\/ enable cookies to allow the server to access the session\n\t\t  xfbml  : true  \/\/ parse XFBML\n\t\t});\n\t  };<\/p>\n<p>\t  (function() {\n\t\tvar e = document.createElement('script');\n\t\te.src=\"https:\/\/connect.facebook.net\/tr_TR\/all.js\";\n\t\te.async = true;\n\t\tdocument.getElementById('fb-root').appendChild(e);\n\t  }());\n    <\/script><\/p>\n","protected":false},"excerpt":{"rendered":"<p>\u0130stanbul merkezli SosyalBen Vakf\u0131, 6 \u015eubat&#8217;taki Kahramanmara\u015f merkezli depremlerin b\u00fcy\u00fck y\u0131k\u0131ma yol a\u00e7t\u0131\u011f\u0131 illere Umut T\u0131r\u0131 ile giderek \u00e7ocuklara y\u00f6nelik \u00e7e\u015fitli etkinlikler d\u00fczenliyor. Deprem sonras\u0131 ikinci kez Hatay&#8217;a gelen Umut T\u0131r\u0131, merkez Antakya il\u00e7esindeki A\u015fa\u011f\u0131 Ekinci Konteyner Kenti&#8217;nde konu\u015fland\u0131. Depremzede \u00e7ocuklar i\u00e7in t\u0131rda, oyun ba\u015fta olmak \u00fczere resim, m\u00fczik, icat, yarat\u0131c\u0131 yazarl\u0131k ve spor etkinlikleri [&hellip;]<\/p>\n","protected":false},"author":1,"featured_media":12507,"comment_status":"","ping_status":"","sticky":false,"template":"","format":"standard","meta":[],"categories":[50],"tags":[],"_links":{"self":[{"href":"https:\/\/kraios.app\/news\/wp-json\/wp\/v2\/posts\/12506"}],"collection":[{"href":"https:\/\/kraios.app\/news\/wp-json\/wp\/v2\/posts"}],"about":[{"href":"https:\/\/kraios.app\/news\/wp-json\/wp\/v2\/types\/post"}],"author":[{"embeddable":true,"href":"https:\/\/kraios.app\/news\/wp-json\/wp\/v2\/users\/1"}],"replies":[{"embeddable":true,"href":"https:\/\/kraios.app\/news\/wp-json\/wp\/v2\/comments?post=12506"}],"version-history":[{"count":0,"href":"https:\/\/kraios.app\/news\/wp-json\/wp\/v2\/posts\/12506\/revisions"}],"wp:featuredmedia":[{"embeddable":true,"href":"https:\/\/kraios.app\/news\/wp-json\/wp\/v2\/media\/12507"}],"wp:attachment":[{"href":"https:\/\/kraios.app\/news\/wp-json\/wp\/v2\/media?parent=12506"}],"wp:term":[{"taxonomy":"category","embeddable":true,"href":"https:\/\/kraios.app\/news\/wp-json\/wp\/v2\/categories?post=12506"},{"taxonomy":"post_tag","embeddable":true,"href":"https:\/\/kraios.app\/news\/wp-json\/wp\/v2\/tags?post=12506"}],"curies":[{"name":"wp","href":"https:\/\/api.w.org\/{rel}","templated":true}]}}