{"id":12500,"date":"2023-08-22T20:20:10","date_gmt":"2023-08-22T20:20:10","guid":{"rendered":"https:\/\/kraios.app\/news\/spor\/2023\/08\/22\/trabzonsporda-maxi-gomez-cadize-transfer-oldu\/"},"modified":"2023-08-22T20:20:10","modified_gmt":"2023-08-22T20:20:10","slug":"trabzonsporda-maxi-gomez-cadize-transfer-oldu","status":"publish","type":"post","link":"https:\/\/kraios.app\/news\/spor\/2023\/08\/22\/trabzonsporda-maxi-gomez-cadize-transfer-oldu\/","title":{"rendered":"Trabzonspor&#039;da Maxi Gomez, Cadiz&#039;e transfer oldu"},"content":{"rendered":"<p>Trabzonspor, Maxi Gomez&#8217;in kiral\u0131k olarak transferi i\u00e7in Cadiz ile anla\u015ft\u0131.<\/p>\n","protected":false},"excerpt":{"rendered":"<p>Trabzonspor, Maxi Gomez&#8217;in kiral\u0131k olarak transferi i\u00e7in Cadiz ile anla\u015ft\u0131.<\/p>\n","protected":false},"author":1,"featured_media":12501,"comment_status":"","ping_status":"","sticky":false,"template":"","format":"standard","meta":[],"categories":[48],"tags":[],"_links":{"self":[{"href":"https:\/\/kraios.app\/news\/wp-json\/wp\/v2\/posts\/12500"}],"collection":[{"href":"https:\/\/kraios.app\/news\/wp-json\/wp\/v2\/posts"}],"about":[{"href":"https:\/\/kraios.app\/news\/wp-json\/wp\/v2\/types\/post"}],"author":[{"embeddable":true,"href":"https:\/\/kraios.app\/news\/wp-json\/wp\/v2\/users\/1"}],"replies":[{"embeddable":true,"href":"https:\/\/kraios.app\/news\/wp-json\/wp\/v2\/comments?post=12500"}],"version-history":[{"count":0,"href":"https:\/\/kraios.app\/news\/wp-json\/wp\/v2\/posts\/12500\/revisions"}],"wp:featuredmedia":[{"embeddable":true,"href":"https:\/\/kraios.app\/news\/wp-json\/wp\/v2\/media\/12501"}],"wp:attachment":[{"href":"https:\/\/kraios.app\/news\/wp-json\/wp\/v2\/media?parent=12500"}],"wp:term":[{"taxonomy":"category","embeddable":true,"href":"https:\/\/kraios.app\/news\/wp-json\/wp\/v2\/categories?post=12500"},{"taxonomy":"post_tag","embeddable":true,"href":"https:\/\/kraios.app\/news\/wp-json\/wp\/v2\/tags?post=12500"}],"curies":[{"name":"wp","href":"https:\/\/api.w.org\/{rel}","templated":true}]}}