{"id":12486,"date":"2023-08-22T15:20:08","date_gmt":"2023-08-22T15:20:08","guid":{"rendered":"https:\/\/kraios.app\/news\/spor\/2023\/08\/22\/galatasaray-besiktas-ve-trabzonspor-kuluplerinin-baskanlari-pfdkye-sevk-edildi\/"},"modified":"2023-08-22T15:20:08","modified_gmt":"2023-08-22T15:20:08","slug":"galatasaray-besiktas-ve-trabzonspor-kuluplerinin-baskanlari-pfdkye-sevk-edildi","status":"publish","type":"post","link":"https:\/\/kraios.app\/news\/spor\/2023\/08\/22\/galatasaray-besiktas-ve-trabzonspor-kuluplerinin-baskanlari-pfdkye-sevk-edildi\/","title":{"rendered":"Galatasaray, Be\u015fikta\u015f ve Trabzonspor kul\u00fcplerinin ba\u015fkanlar\u0131, PFDK&#039;ye sevk edildi"},"content":{"rendered":"<p>S\u00fcper Lig&#8217;den 9 kul\u00fcp, \u00e7e\u015fitli gerek\u00e7elerle disipline g\u00f6nderildi.<\/p>\n","protected":false},"excerpt":{"rendered":"<p>S\u00fcper Lig&#8217;den 9 kul\u00fcp, \u00e7e\u015fitli gerek\u00e7elerle disipline g\u00f6nderildi.<\/p>\n","protected":false},"author":1,"featured_media":12487,"comment_status":"","ping_status":"","sticky":false,"template":"","format":"standard","meta":[],"categories":[48],"tags":[],"_links":{"self":[{"href":"https:\/\/kraios.app\/news\/wp-json\/wp\/v2\/posts\/12486"}],"collection":[{"href":"https:\/\/kraios.app\/news\/wp-json\/wp\/v2\/posts"}],"about":[{"href":"https:\/\/kraios.app\/news\/wp-json\/wp\/v2\/types\/post"}],"author":[{"embeddable":true,"href":"https:\/\/kraios.app\/news\/wp-json\/wp\/v2\/users\/1"}],"replies":[{"embeddable":true,"href":"https:\/\/kraios.app\/news\/wp-json\/wp\/v2\/comments?post=12486"}],"version-history":[{"count":0,"href":"https:\/\/kraios.app\/news\/wp-json\/wp\/v2\/posts\/12486\/revisions"}],"wp:featuredmedia":[{"embeddable":true,"href":"https:\/\/kraios.app\/news\/wp-json\/wp\/v2\/media\/12487"}],"wp:attachment":[{"href":"https:\/\/kraios.app\/news\/wp-json\/wp\/v2\/media?parent=12486"}],"wp:term":[{"taxonomy":"category","embeddable":true,"href":"https:\/\/kraios.app\/news\/wp-json\/wp\/v2\/categories?post=12486"},{"taxonomy":"post_tag","embeddable":true,"href":"https:\/\/kraios.app\/news\/wp-json\/wp\/v2\/tags?post=12486"}],"curies":[{"name":"wp","href":"https:\/\/api.w.org\/{rel}","templated":true}]}}