{"id":12466,"date":"2023-08-22T11:20:10","date_gmt":"2023-08-22T11:20:10","guid":{"rendered":"https:\/\/kraios.app\/news\/spor\/2023\/08\/22\/besiktasin-yeni-transferi-bakhtiyor-zaynutdinov-sampiyonlar-liginde-forma-giymek-istiyor\/"},"modified":"2023-08-22T11:20:10","modified_gmt":"2023-08-22T11:20:10","slug":"besiktasin-yeni-transferi-bakhtiyor-zaynutdinov-sampiyonlar-liginde-forma-giymek-istiyor","status":"publish","type":"post","link":"https:\/\/kraios.app\/news\/spor\/2023\/08\/22\/besiktasin-yeni-transferi-bakhtiyor-zaynutdinov-sampiyonlar-liginde-forma-giymek-istiyor\/","title":{"rendered":"Be\u015fikta\u015f&#8217;\u0131n yeni transferi Bakhtiyor Zaynutdinov \u015eampiyonlar Ligi&#8217;nde forma giymek istiyor"},"content":{"rendered":"<p><\/p>\n<div>\n<p>Kazak oyuncu, kul\u00fcb\u00fcn Youtube kanal\u0131nda yapt\u0131\u011f\u0131 a\u00e7\u0131klamada, Be\u015fikta\u015f&#8217;ta oldu\u011fu i\u00e7in mutlu oldu\u011funu belirterek, &#8220;Transfer g\u00f6r\u00fc\u015fmeleri biraz uzun s\u00fcrd\u00fc ama benim i\u00e7in \u00f6nemli olan \u015fu an burada olmak. Be\u015fikta\u015f formas\u0131 giyece\u011fim i\u00e7in sevin\u00e7liyim.&#8221; diye konu\u015ftu.<\/p>\n<p>Eski futbolcu Ronaldo Nazario&#8217;ya duydu\u011fu hayranl\u0131\u011f\u0131 dile getiren Zaynutdinov, &#8220;\u00c7ocuklu\u011fuma dair hat\u0131rlayabildi\u011fim \u00f6nemli anlardan bir tanesi 2002 D\u00fcnya Kupas\u0131. O d\u00f6nemde Brezilya Milli Tak\u0131m\u0131&#8217;n\u0131 ve Ronaldo&#8217;yu izleme f\u0131rsat\u0131 bulmu\u015ftum. Hatta sa\u00e7lar\u0131m\u0131 da ayn\u0131 onun gibi kestirmi\u015ftim. Bug\u00fcn futbol oynuyorsam bunu Brezilya ve Ronaldo&#8217;ya bor\u00e7lu oldu\u011fumu s\u00f6yleyebilirim.&#8221; ifadelerini kulland\u0131.<\/p>\n<p>D\u00f6rt y\u0131l \u00f6nce Alex Oxlade-Chamberlain ile tan\u0131\u015fmas\u0131n\u0131 anlatan 25 ya\u015f\u0131ndaki oyuncu, &#8220;Rostov&#8217;da oynarken \u0130spanya&#8217;n\u0131n Marbella kentine kampa gitmi\u015ftik. Liverpool tak\u0131m\u0131yla ayn\u0131 otelde kal\u0131yorduk. Kiminle foto\u011fraf \u00e7ektirebilece\u011fimi d\u00fc\u015f\u00fcn\u00fcyordum. \u015eans\u0131ma Alex&#8217;le foto\u011fraf \u00e7ektirdim ve \u015fimdi ayn\u0131 tak\u0131mday\u0131z. San\u0131r\u0131m kader bizi bir araya getirdi.&#8221; dedi.<\/p>\n<p>T\u00fcrkiye&#8217;ye gelmeyi yeni bir meydan okuma olarak g\u00f6ren Zaynutdinov, &#8220;\u00c7ok b\u00fcy\u00fck bir kul\u00fcbe geldim. Be\u015fikta\u015f&#8217;\u0131 T\u00fcrkiye&#8217;nin en b\u00fcy\u00fck kul\u00fcb\u00fc olarak g\u00f6r\u00fcyorum. Bu formayla iyi bir futbol sergilemek ve tarihe ge\u00e7mek istiyorum.&#8221; de\u011ferlendirmesinde de bulundu.<\/p>\n<h3>&#8220;Yusuf Yaz\u0131c\u0131 bana Be\u015fikta\u015f&#8217;\u0131n \u00e7ok b\u00fcy\u00fck bir kul\u00fcp oldu\u011funu s\u00f6yledi&#8221;<\/h3>\n<p>Be\u015fikta\u015f&#8217;a transfer olmadan \u00f6nce Yusuf Yaz\u0131c\u0131 ile konu\u015ftu\u011funu aktaran Kazak oyuncu, &#8220;Yusuf ile CSKA Moskova&#8217;da beraber oynam\u0131\u015ft\u0131k. Bana Be\u015fikta\u015f&#8217;\u0131n b\u00fcy\u00fck bir kul\u00fcp oldu\u011funu ve burada mutlu olaca\u011f\u0131m\u0131 s\u00f6yledi. Onun tavsiyelerini dinledi\u011fim i\u00e7in mutluyum.&#8221; diye konu\u015ftu.<\/p>\n<p>\u00c7ok y\u00f6nl\u00fc bir oyuncu olmas\u0131 hakk\u0131nda konu\u015fan Zaynutdinov, &#8220;Eski teknik direkt\u00f6r\u00fcm beni nerdeyse her pozisyonda oynatt\u0131 ve hepsinde onun istediklerini yapmak konusunda ba\u015far\u0131l\u0131 oldum. En \u00f6nemli \u015feylerden bir tanesi tak\u0131m i\u00e7in \u00e7aba g\u00f6stermem ve elimden geleni yapmam.&#8221; diye g\u00f6r\u00fc\u015f belirtti.<\/p>\n<p>Uyum s\u00fcrecinin h\u0131zl\u0131 olaca\u011f\u0131n\u0131 aktaran 25 ya\u015f\u0131ndaki oyuncu, &#8220;T\u00fcrkler ve Kazaklar, birbirlerine \u00e7ok benziyorlar. Mesela bizim halk\u0131m\u0131z da \u00e7ay i\u00e7meyi \u00e7ok seviyor. Diller aras\u0131nda da benzerlikler var. Dolay\u0131s\u0131yla buraya adapte olmam \u00e7ok uzun s\u00fcrmeyecektir.&#8221; ifadelerini kulland\u0131.<\/p>\n<h3>&#8220;Her zaman y\u00fczde 100&#8217;\u00fcm\u00fc vermek i\u00e7in sahada olaca\u011f\u0131m&#8221;<\/h3>\n<p>Saha i\u00e7inde \u00e7ok \u00e7al\u0131\u015faca\u011f\u0131n\u0131 s\u00f6yleyen Zaynutdinov, &#8220;Her zaman y\u00fczde 100&#8217;\u00fcm\u00fc vermek i\u00e7in sahada olaca\u011f\u0131m. \u00c7ok y\u00f6nl\u00fc bir oyuncu oldu\u011fum i\u00e7in teknik direkt\u00f6r\u00fcm\u00fcz beni nerede de\u011ferlendirmek isterse orada canla ba\u015fla m\u00fccadele edece\u011fim.&#8221; diye konu\u015ftu.<\/p>\n<p>Zaynutdinov, hedefleri ile ilgili \u015fu ifadeleri kulland\u0131:<\/p>\n<p>&#8220;Be\u015fikta\u015f formas\u0131yla \u015fampiyon olmak istiyorum. Sonras\u0131nda da \u015eampiyonlar Ligi&#8217;nde oynamay\u0131 ama\u00e7l\u0131yorum. Taraftarlar\u0131m\u0131za tak\u0131m i\u00e7in elimden gelenin en iyisini yapaca\u011f\u0131m\u0131n ve bu arma i\u00e7in sonuna kadar sava\u015faca\u011f\u0131m\u0131n mesaj\u0131n\u0131 veriyorum.&#8221;<\/p>\n<p>                            <span class=\"detay-foto-editor\">&#13;<br \/>\n                                <a href=\"https:\/\/www.aa.com.tr\/tr\/p\/abonelik-talep-formu\/1001\" target=\"_blank\" style=\"font-size:12px; color:#444; text-decoration:none;\" rel=\"noopener\">&#13;<br \/>\n                                    Anadolu Ajans\u0131 web sitesinde, AA Haber Ak\u0131\u015f Sistemi (HAS) \u00fczerinden abonelere sunulan haberler, \u00f6zetlenerek yay\u0131mlanmaktad\u0131r. <b style=\"color:#1897F7\">Abonelik i\u00e7in l\u00fctfen ileti\u015fime ge\u00e7iniz.<\/b>&#13;<br \/>\n                                <\/a>&#13;<br \/>\n                            <\/span>\n                        <\/div>\n<p><script>\n\t  window.fbAsyncInit = function() {\n\t\tFB.init({\n\t\t  appId: '1855843514662870',\n\t\t  status : true, \/\/ check login status\n\t\t  cookie : true, \/\/ enable cookies to allow the server to access the session\n\t\t  xfbml  : true  \/\/ parse XFBML\n\t\t});\n\t  };<\/p>\n<p>\t  (function() {\n\t\tvar e = document.createElement('script');\n\t\te.src=\"https:\/\/connect.facebook.net\/tr_TR\/all.js\";\n\t\te.async = true;\n\t\tdocument.getElementById('fb-root').appendChild(e);\n\t  }());\n    <\/script><\/p>\n","protected":false},"excerpt":{"rendered":"<p>Kazak oyuncu, kul\u00fcb\u00fcn Youtube kanal\u0131nda yapt\u0131\u011f\u0131 a\u00e7\u0131klamada, Be\u015fikta\u015f&#8217;ta oldu\u011fu i\u00e7in mutlu oldu\u011funu belirterek, &#8220;Transfer g\u00f6r\u00fc\u015fmeleri biraz uzun s\u00fcrd\u00fc ama benim i\u00e7in \u00f6nemli olan \u015fu an burada olmak. Be\u015fikta\u015f formas\u0131 giyece\u011fim i\u00e7in sevin\u00e7liyim.&#8221; diye konu\u015ftu. Eski futbolcu Ronaldo Nazario&#8217;ya duydu\u011fu hayranl\u0131\u011f\u0131 dile getiren Zaynutdinov, &#8220;\u00c7ocuklu\u011fuma dair hat\u0131rlayabildi\u011fim \u00f6nemli anlardan bir tanesi 2002 D\u00fcnya Kupas\u0131. O d\u00f6nemde [&hellip;]<\/p>\n","protected":false},"author":1,"featured_media":12467,"comment_status":"","ping_status":"","sticky":false,"template":"","format":"standard","meta":[],"categories":[48],"tags":[],"_links":{"self":[{"href":"https:\/\/kraios.app\/news\/wp-json\/wp\/v2\/posts\/12466"}],"collection":[{"href":"https:\/\/kraios.app\/news\/wp-json\/wp\/v2\/posts"}],"about":[{"href":"https:\/\/kraios.app\/news\/wp-json\/wp\/v2\/types\/post"}],"author":[{"embeddable":true,"href":"https:\/\/kraios.app\/news\/wp-json\/wp\/v2\/users\/1"}],"replies":[{"embeddable":true,"href":"https:\/\/kraios.app\/news\/wp-json\/wp\/v2\/comments?post=12466"}],"version-history":[{"count":0,"href":"https:\/\/kraios.app\/news\/wp-json\/wp\/v2\/posts\/12466\/revisions"}],"wp:featuredmedia":[{"embeddable":true,"href":"https:\/\/kraios.app\/news\/wp-json\/wp\/v2\/media\/12467"}],"wp:attachment":[{"href":"https:\/\/kraios.app\/news\/wp-json\/wp\/v2\/media?parent=12466"}],"wp:term":[{"taxonomy":"category","embeddable":true,"href":"https:\/\/kraios.app\/news\/wp-json\/wp\/v2\/categories?post=12466"},{"taxonomy":"post_tag","embeddable":true,"href":"https:\/\/kraios.app\/news\/wp-json\/wp\/v2\/tags?post=12466"}],"curies":[{"name":"wp","href":"https:\/\/api.w.org\/{rel}","templated":true}]}}