{"id":12462,"date":"2023-08-22T09:39:36","date_gmt":"2023-08-22T09:39:36","guid":{"rendered":"https:\/\/kraios.app\/news\/yasam\/2023\/08\/22\/eskisehirli-saat-ustasi-45-yildir-zanaatini-icra-ediyor\/"},"modified":"2023-08-22T09:39:36","modified_gmt":"2023-08-22T09:39:36","slug":"eskisehirli-saat-ustasi-45-yildir-zanaatini-icra-ediyor","status":"publish","type":"post","link":"https:\/\/kraios.app\/news\/yasam\/2023\/08\/22\/eskisehirli-saat-ustasi-45-yildir-zanaatini-icra-ediyor\/","title":{"rendered":"Eski\u015fehirli saat ustas\u0131 45 y\u0131ld\u0131r zanaat\u0131n\u0131 icra ediyor"},"content":{"rendered":"<p><\/p>\n<div>\n<p>Hen\u00fcz \u00e7ocukken ailesinin te\u015fvikiyle Odunpazar\u0131 il\u00e7esi Arifiye Mahallesi&#8217;ndeki ustas\u0131 Mehmet \u00d6zkan&#8217;\u0131n yan\u0131nda \u00e7\u0131rak olarak i\u015fe ba\u015flayan 57 ya\u015f\u0131ndaki G\u00f6vez, emekli oldu\u011fu 2012&#8217;ye kadar burada \u00e7al\u0131\u015ft\u0131.<\/p>\n<p>Emeklili\u011finin ard\u0131ndan Esnaf Saray\u0131&#8217;ndaki at\u00f6lyesini a\u00e7an G\u00f6vez, haftan\u0131n 7 g\u00fcn\u00fc sabahtan ak\u015fama kadar duvar, masa, kol ve cep saatlerini tamir etmeye devam ediyor.<\/p>\n<p>\u0130ki \u00e7ocu\u011funu saat\u00e7ilikten kazand\u0131\u011f\u0131yla okutan ve meslek hayat\u0131 boyunca bir \u00e7\u0131rak yeti\u015ftiren G\u00f6vez, sa\u011fl\u0131\u011f\u0131 el verdik\u00e7e \u00e7al\u0131\u015fmay\u0131 s\u00fcrd\u00fcrmek istiyor.<\/p>\n<p>Necmi G\u00f6vez, AA muhabirine, mesle\u011fine 1979 y\u0131l\u0131nda &#8220;\u00e7\u0131rak aran\u0131yor&#8221; ilan\u0131n\u0131 g\u00f6rmesiyle ad\u0131m att\u0131\u011f\u0131n\u0131 s\u00f6yledi.<\/p>\n<p>Kendini devaml\u0131 geli\u015ftirmeye \u00e7al\u0131\u015ft\u0131\u011f\u0131n\u0131 anlatan G\u00f6vez, \u015f\u00f6yle devam etti:<\/p>\n<p>&#8220;Ben \u015fu anda bile kendime &#8216;usta&#8217; diyemem. Herkes kendi \u00e7ap\u0131nda ustad\u0131r. 45 y\u0131ld\u0131r duvar, masa, kol ve cep saatlerini tamir ediyorum. Bu, tecr\u00fcbeyle alakal\u0131 bir \u015fey. Genelde &#8216;bimbaml\u0131 duvar saati&#8217; ve &#8216;ku\u015flu saat&#8217; gibi antika \u00fcr\u00fcnlerle ilgileniyorum. \u015eu anda kimse bunlara bakm\u0131yor bile. Maalesef i\u015flerimiz eskisi gibi de\u011fil.&#8221;<\/p>\n<p>\u00d6nceden g\u00fcnde 15-20 tamir yapt\u0131klar\u0131n\u0131 ancak art\u0131k g\u00fcnde ortalama 2 taneyi ge\u00e7emediklerini vurgulayan Necmi G\u00f6vez, &#8220;Ak\u0131ll\u0131 telefonlarda dijital saat bulundu\u011fu i\u00e7in insanlar art\u0131k bu tarz \u00fcr\u00fcnlere y\u00f6nelmiyorlar fakat saat bir k\u00fclt\u00fcrd\u00fcr. Bunun fark\u0131nda de\u011filler. T\u00fcm d\u00fcnya mekanik saate ge\u00e7ti. Bizim insanlar\u0131m\u0131z ise pilli saatlere y\u00f6neliyorlar.&#8221; diye konu\u015ftu.<\/p>\n<p>Baz\u0131 gen\u00e7lerin mesle\u011fine ilgi duydu\u011funu dile getiren G\u00f6vez, saat\u00e7ili\u011fin zor bir zanaat oldu\u011funu ifade ederek, &#8220;Y\u00fczlerce tak\u0131m, par\u00e7a ve mekanizma var. Her g\u00fcn de\u011fi\u015fik bir \u015feyle kar\u015f\u0131la\u015fabiliyoruz. Saat\u00e7ilik hassas bir i\u015f. \u015eimdiki gen\u00e7ler de zor i\u015fleri pek sevmiyorlar. Baz\u0131 mekanizmalar aspirin b\u00fcy\u00fckl\u00fc\u011f\u00fcnde oluyor ve 280 civar\u0131nda mikro boyutta par\u00e7a bar\u0131nd\u0131r\u0131yor. Bunlar\u0131n hepsini s\u00f6kerek yeniden yerine takmak kolay bir \u015fey de\u011fil. Bursa&#8217;da saat\u00e7ili\u011fe dair bir okul a\u00e7\u0131ld\u0131 diye biliyorum fakat nas\u0131l oldu\u011funa dair \u00e7ok bir bilgimiz yok. Bizim i\u015fimiz tamamen e\u011fitimle alakal\u0131. Mesle\u011fimizde 25 y\u0131l sadece \u00f6\u011frenmekle ge\u00e7iyor.&#8221; s\u00f6zlerine yer verdi. <\/p>\n<p>                            <span class=\"detay-foto-editor\">&#13;<br \/>\n                                <a href=\"https:\/\/www.aa.com.tr\/tr\/p\/abonelik-talep-formu\/1001\" target=\"_blank\" style=\"font-size:12px; color:#444; text-decoration:none;\" rel=\"noopener\">&#13;<br \/>\n                                    Anadolu Ajans\u0131 web sitesinde, AA Haber Ak\u0131\u015f Sistemi (HAS) \u00fczerinden abonelere sunulan haberler, \u00f6zetlenerek yay\u0131mlanmaktad\u0131r. <b style=\"color:#1897F7\">Abonelik i\u00e7in l\u00fctfen ileti\u015fime ge\u00e7iniz.<\/b>&#13;<br \/>\n                                <\/a>&#13;<br \/>\n                            <\/span>\n                        <\/div>\n<p><script>\n\t  window.fbAsyncInit = function() {\n\t\tFB.init({\n\t\t  appId: '1855843514662870',\n\t\t  status : true, \/\/ check login status\n\t\t  cookie : true, \/\/ enable cookies to allow the server to access the session\n\t\t  xfbml  : true  \/\/ parse XFBML\n\t\t});\n\t  };<\/p>\n<p>\t  (function() {\n\t\tvar e = document.createElement('script');\n\t\te.src=\"https:\/\/connect.facebook.net\/tr_TR\/all.js\";\n\t\te.async = true;\n\t\tdocument.getElementById('fb-root').appendChild(e);\n\t  }());\n    <\/script><\/p>\n","protected":false},"excerpt":{"rendered":"<p>Hen\u00fcz \u00e7ocukken ailesinin te\u015fvikiyle Odunpazar\u0131 il\u00e7esi Arifiye Mahallesi&#8217;ndeki ustas\u0131 Mehmet \u00d6zkan&#8217;\u0131n yan\u0131nda \u00e7\u0131rak olarak i\u015fe ba\u015flayan 57 ya\u015f\u0131ndaki G\u00f6vez, emekli oldu\u011fu 2012&#8217;ye kadar burada \u00e7al\u0131\u015ft\u0131. Emeklili\u011finin ard\u0131ndan Esnaf Saray\u0131&#8217;ndaki at\u00f6lyesini a\u00e7an G\u00f6vez, haftan\u0131n 7 g\u00fcn\u00fc sabahtan ak\u015fama kadar duvar, masa, kol ve cep saatlerini tamir etmeye devam ediyor. \u0130ki \u00e7ocu\u011funu saat\u00e7ilikten kazand\u0131\u011f\u0131yla okutan ve meslek [&hellip;]<\/p>\n","protected":false},"author":1,"featured_media":12463,"comment_status":"","ping_status":"","sticky":false,"template":"","format":"standard","meta":[],"categories":[50],"tags":[],"_links":{"self":[{"href":"https:\/\/kraios.app\/news\/wp-json\/wp\/v2\/posts\/12462"}],"collection":[{"href":"https:\/\/kraios.app\/news\/wp-json\/wp\/v2\/posts"}],"about":[{"href":"https:\/\/kraios.app\/news\/wp-json\/wp\/v2\/types\/post"}],"author":[{"embeddable":true,"href":"https:\/\/kraios.app\/news\/wp-json\/wp\/v2\/users\/1"}],"replies":[{"embeddable":true,"href":"https:\/\/kraios.app\/news\/wp-json\/wp\/v2\/comments?post=12462"}],"version-history":[{"count":0,"href":"https:\/\/kraios.app\/news\/wp-json\/wp\/v2\/posts\/12462\/revisions"}],"wp:featuredmedia":[{"embeddable":true,"href":"https:\/\/kraios.app\/news\/wp-json\/wp\/v2\/media\/12463"}],"wp:attachment":[{"href":"https:\/\/kraios.app\/news\/wp-json\/wp\/v2\/media?parent=12462"}],"wp:term":[{"taxonomy":"category","embeddable":true,"href":"https:\/\/kraios.app\/news\/wp-json\/wp\/v2\/categories?post=12462"},{"taxonomy":"post_tag","embeddable":true,"href":"https:\/\/kraios.app\/news\/wp-json\/wp\/v2\/tags?post=12462"}],"curies":[{"name":"wp","href":"https:\/\/api.w.org\/{rel}","templated":true}]}}