{"id":12448,"date":"2023-08-22T06:04:20","date_gmt":"2023-08-22T06:04:20","guid":{"rendered":"https:\/\/kraios.app\/news\/yasam\/2023\/08\/22\/irakli-ressam-ulkesinin-resim-sanatinda-dunyadan-kopuk-oldugu-gorusunde\/"},"modified":"2023-08-22T06:04:20","modified_gmt":"2023-08-22T06:04:20","slug":"irakli-ressam-ulkesinin-resim-sanatinda-dunyadan-kopuk-oldugu-gorusunde","status":"publish","type":"post","link":"https:\/\/kraios.app\/news\/yasam\/2023\/08\/22\/irakli-ressam-ulkesinin-resim-sanatinda-dunyadan-kopuk-oldugu-gorusunde\/","title":{"rendered":"Irakl\u0131 ressam, \u00fclkesinin resim sanat\u0131nda &#8220;d\u00fcnyadan kopuk oldu\u011fu&#8221; g\u00f6r\u00fc\u015f\u00fcnde"},"content":{"rendered":"<p><\/p>\n<div>\n<p>Ressam Ganiye, ba\u015fkent Ba\u011fdat\u2019ta G\u00fczel Sanatlar Fak\u00fcltesi&#8217;ni tamamlad\u0131ktan sonra Saddam H\u00fcseyin rejiminin sanata kar\u015f\u0131 politikalar\u0131ndan dolay\u0131 1990&#8217;larda \u00fclkesini terk edip \u00dcrd\u00fcn\u2019e gitti.<\/p>\n<p>Amman&#8217;da resim sanat\u0131nda o d\u00f6nem \u00fclkesinde bulamad\u0131\u011f\u0131 ortamla tan\u0131\u015ft\u0131\u011f\u0131n\u0131 aktaran Ganiye, daha sonra daha \u00f6zg\u00fcr bir sanat hayat\u0131 i\u00e7in Kanada\u2019ya yerle\u015fti\u011fini s\u00f6yledi.<\/p>\n<p>Irakl\u0131 \u00fcnl\u00fc ressam, Kanada\u2019daki ya\u015fam\u0131 boyunca bir\u00e7ok Avrupa \u00fclkesi ve ABD\u2019de, uluslararas\u0131 sergilere kat\u0131ld\u0131.<\/p>\n<p>Ganiye, bask\u0131 zincirini k\u0131rarak sanat\u0131n\u0131 daha \u00f6zg\u00fcr bir ortamda s\u00fcrd\u00fcrmesi gerekti\u011fine inanarak \u00e7\u0131kt\u0131\u011f\u0131 yolda ya\u015fad\u0131klar\u0131n\u0131 AA muhabirine anlatt\u0131.<\/p>\n<p><img decoding=\"async\" alt=\"\" src=\"https:\/\/admin.aa.com.tr\/uploads\/userFiles\/a54ea27f-6036-4f79-88c6-6bc9ba19a35d\/08_Nisan%2F06%20temmuz%2F06%2FAA-31963085.jpg\"\/><\/p>\n<p>Ressam Ganiye, 90&#8217;l\u0131 y\u0131llarda zorunlu askerlik hizmetinde bulunmas\u0131 gerekti\u011fini ifade ederek, &#8220;O zamanlar ambargonun ya\u015fand\u0131\u011f\u0131 Irak&#8217;ta askerlik yapan bir gencin ailesini ge\u00e7indirme endi\u015fesi vard\u0131. 1990&#8217;larda gen\u00e7ler ve sanat\u00e7\u0131lar i\u00e7in yurt d\u0131\u015f\u0131na \u00e7\u0131kmak, \u00f6zg\u00fcr ya\u015fam\u0131 yakalamak ve sanat\u00e7\u0131 kimli\u011fini arama anlam\u0131na geliyordu. Amman benim i\u00e7in ya\u015fam ile ilk defa ve yeniden tan\u0131\u015fma f\u0131rsat\u0131n\u0131 yakalad\u0131\u011f\u0131m bir yerdi. Orada \u00e7e\u015fitli k\u00fclt\u00fcrlerle tan\u0131\u015ft\u0131m.&#8221; dedi.<\/p>\n<p>1998 y\u0131l\u0131nda ise \u00dcrd\u00fcn&#8217;\u00fc b\u0131rak\u0131p Kanada&#8217;ya yerle\u015fti\u011fini s\u00f6yleyen Irakl\u0131 ressam, \u015f\u00f6yle devam etti:<\/p>\n<p>&#8220;Kanada benim i\u00e7in en b\u00fcy\u00fck macera ve meydan okumayd\u0131. D\u00fcnyadan kopuk bir \u00fclke olan 90&#8217;lar Irak&#8217;\u0131ndan farkl\u0131 k\u00fclt\u00fcrlerin bulundu\u011fu Kanada&#8217;ya ge\u00e7mek sanat\u0131mda da d\u00f6n\u00fcm noktas\u0131 oldu.&#8221;<\/p>\n<p>Irak&#8217;ta \u00fcniversitede ald\u0131\u011f\u0131 e\u011fitimin, Avrupa&#8217;dakine g\u00f6re \u00e7ok yetersiz kald\u0131\u011f\u0131n\u0131 aktaran Ganiye, Irak d\u0131\u015f\u0131nda modern sanatla tan\u0131\u015ft\u0131\u011f\u0131n\u0131 ve profesyonelli\u011fe ad\u0131m atarak tablolar\u0131n\u0131 uluslararas\u0131 resim sergilerine g\u00f6t\u00fcrd\u00fc\u011f\u00fcn\u00fc kaydetti.<\/p>\n<p><img decoding=\"async\" alt=\"\" src=\"https:\/\/admin.aa.com.tr\/uploads\/userFiles\/a54ea27f-6036-4f79-88c6-6bc9ba19a35d\/08_Nisan%2F06%20temmuz%2F06%2FAA-31963083.jpg\"\/><\/p>\n<h3>&#8220;Irak\u2019a d\u00f6nd\u00fc\u011f\u00fcmde Ba\u011fdat&#8217;\u0131 d\u00fcnyadan kopuk g\u00f6rd\u00fcm&#8221;<\/h3>\n<p>Ganiye, yurt d\u0131\u015f\u0131ndaki 20 y\u0131l\u0131 a\u015fk\u0131n ya\u015fam ve sanat tecr\u00fcbesi, \u00f6zel nedenlerden dolay\u0131 Kanada&#8217;dan ayr\u0131l\u0131p Irak&#8217;a d\u00f6nme s\u00fcrecini \u015f\u00f6yle anlatt\u0131:<\/p>\n<p>&#8220;2011 y\u0131l\u0131nda Irak&#8217;a d\u00f6nd\u00fc\u011f\u00fcmde Ba\u011fdat&#8217;\u0131n \u00f6zellikle sanat anlam\u0131nda hi\u00e7 de\u011fi\u015fmedi\u011fini ve yerinde sayd\u0131\u011f\u0131n\u0131 \u00fcz\u00fclerek izledim ve g\u00f6rd\u00fcm. Teknolojiyle tan\u0131\u015ft\u0131 Ba\u011fdat evet ama o eski muhit ve d\u00fcnyadan izolasyonun aynen devam etti\u011fine \u015fahit oldum.<\/p>\n<p>Ba\u011fdat ve i\u00e7inde bulundu\u011fu durum sanat\u00e7\u0131n\u0131n daha geni\u015f ve geli\u015fmi\u015f alanda ilerlemesini engelledi. Irak&#8217;\u0131n ya\u015fad\u0131\u011f\u0131 izolasyon beni derinden \u00fcz\u00fcyor. 20 y\u0131ldan fazla olan yurt d\u0131\u015f\u0131 tecr\u00fcbemi Ba\u011fdat&#8217;a ta\u015f\u0131ma karar\u0131 ald\u0131m ve bunun etkili olabilece\u011fini de d\u00fc\u015f\u00fcnd\u00fcm. \u00d6nce Kadisye sonra Vas\u0131t ard\u0131ndan da Ba\u011fdat \u00dcniversitesi\u2019nde resim dersleri vermeye ba\u015flad\u0131m ve onlarca \u00f6\u011frencim var.&#8221;<\/p>\n<p><img decoding=\"async\" alt=\"\" src=\"https:\/\/www.aa.com.tr\/uploads\/userFiles\/a54ea27f-6036-4f79-88c6-6bc9ba19a35d\/08_Nisan%2F06%20temmuz%2F06%2FAA-31963087.jpg\"\/><\/p>\n<p>Ganiye, resim sanat\u0131n\u0131n d\u00fcnyada ya\u015fanan geli\u015fmelere paralel olarak h\u0131zl\u0131 d\u00f6n\u00fc\u015ft\u00fc\u011f\u00fcn\u00fc ve yenilikler kazand\u0131\u011f\u0131n\u0131 ancak bunun \u00fclkesinde istedi\u011fi d\u00fczeyde olmad\u0131\u011f\u0131n\u0131 belirtti.<\/p>\n<p>\u00c7e\u015fitli \u015fiddet olaylar\u0131yla kar\u015f\u0131la\u015fan Irakl\u0131 resim sanat\u00e7\u0131lar\u0131n\u0131n resim alan\u0131nda g\u00f6z ard\u0131 edilmeyecek u\u011fra\u015f verdiklerini ifade eden Ganiye, ancak bu kesimin d\u00fcnyada resim sanat\u0131nda ya\u015fanan geli\u015fmeleri ve yenilikleri yakalayamad\u0131\u011f\u0131n\u0131 kaydetti.<\/p>\n<p>Riyaz Ganiye, &#8220;Irak&#8217;ta resim sanat\u0131 var ancak bu d\u00fcnyadan kopuk \u015fekilde icra ediliyor. Resim sanat\u0131, 25 y\u0131l \u00f6nce Ba\u011fdat&#8217;\u0131 terk etti\u011fim d\u00f6nemde kalm\u0131\u015f. Resim sanat\u0131nda d\u00fcnyay\u0131 yakalamak benden y\u0131llar\u0131m\u0131 ald\u0131.\u201d de\u011ferlendirmesinde bulundu.<\/p>\n<p>Ganiye, Irakl\u0131 ressamlar\u0131n \u00fcretim odakl\u0131 oldu\u011funa i\u015faret ederek, Irak\u2019ta tablolar\u0131na yans\u0131taca\u011f\u0131 bir\u00e7ok hikaye ve i\u00e7erik oldu\u011funa da dikkati \u00e7ekti.<\/p>\n<p>Ter\u00f6r \u00f6rg\u00fct\u00fc DEA\u015e sald\u0131r\u0131lar\u0131 s\u0131ras\u0131nda Salahaddin vilayetindeki Spyker \u00dcss\u00fc\u2019nde 3 binin \u00fczerinde Irakl\u0131 askerin \u00f6ld\u00fcr\u00fcld\u00fc\u011f\u00fc olay i\u00e7in f\u0131r\u00e7as\u0131n\u0131 oynatarak ses getiren bir resim tablosu yapt\u0131\u011f\u0131n\u0131 s\u00f6yleyen Ganiye, ayr\u0131ca Ba\u011fdat&#8217;ta 2016 y\u0131l\u0131nda meydana gelen ve onlarca insan\u0131n ya\u015fam\u0131na mal olan Karrada patlamas\u0131n\u0131 anlatan bir tablo \u00e7izdi\u011fini s\u00f6yledi.<\/p>\n<p><img decoding=\"async\" alt=\"\" src=\"https:\/\/www.aa.com.tr\/uploads\/userFiles\/a54ea27f-6036-4f79-88c6-6bc9ba19a35d\/08_Nisan%2F06%20temmuz%2F06%2FAA-31963089.jpg\"\/><\/p>\n<h3>Annesini \u00e7izimlerine ta\u015f\u0131d\u0131<\/h3>\n<p>Gurbetteyken annesi Ganiye&#8217;yi kaybeden Irakl\u0131 sanat\u00e7\u0131, onun i\u00e7in de resim \u00e7al\u0131\u015fmas\u0131na imza att\u0131.<\/p>\n<p>Irakl\u0131 ressam, bu \u00e7al\u0131\u015fmas\u0131n\u0131 \u015fu s\u00f6zlerle ifade etti:<\/p>\n<p>&#8220;Ganiye, Kanada&#8217;ya yerle\u015fmemden bir ay sonra hayata veda etti. O zaman Irak&#8217;a d\u00f6nemedim. Ganiye, anne olarak Irak&#8217;\u0131 yani vatan\u0131 temsil ediyordu. D\u00f6nd\u00fckten sonra Ganiye annemin hat\u0131ras\u0131n\u0131n Kanada&#8217;da de\u011fil Ba\u011fdat\u2019ta oldu\u011funu anlad\u0131m. Annemi Kanada&#8217;da bazen unutabilirdim \u00e7\u00fcnk\u00fc oradaki mekanlar annemin hat\u0131ras\u0131n\u0131 ta\u015f\u0131m\u0131yordu.<\/p>\n<p>Ganiye&#8217;nin hat\u0131ras\u0131n\u0131n oldu\u011fu yer, Ba\u011fdat&#8217;t\u0131. Ganiye adl\u0131 \u00e7al\u0131\u015fmama onun kolu, baca\u011f\u0131, g\u00f6z\u00fc ve kula\u011f\u0131 gibi v\u00fccudunun \u00f6nemli yerlerini i\u015fledim. T\u00fcm resim tecr\u00fcbemi bir kenara b\u0131rak\u0131p, Ganiye&#8217;yi \u00e7a\u011f\u0131rd\u0131m ve onun ruhuyla \u00e7izim yapt\u0131m.&#8221;<\/p>\n<p>\u00dcniversite \u00f6\u011frencilerine yurt d\u0131\u015f\u0131nda edindi\u011fi deneyimleri a\u015f\u0131lamak i\u00e7in de u\u011fra\u015ft\u0131\u011f\u0131n\u0131 anlatan Ganiye, Irakl\u0131 resim sanat\u00e7\u0131lar\u0131n\u0131n d\u00fcnyayla teknoloji arac\u0131l\u0131\u011f\u0131yla ileti\u015fime ge\u00e7meye ba\u015flad\u0131\u011f\u0131n\u0131 bunun da kendisi i\u00e7in bir umut kayna\u011f\u0131 oldu\u011funu dile getirdi.<\/p>\n<p>                            <span class=\"detay-foto-editor\">&#13;<br \/>\n                                <a href=\"https:\/\/www.aa.com.tr\/tr\/p\/abonelik-talep-formu\/1001\" target=\"_blank\" style=\"font-size:12px; color:#444; text-decoration:none;\" rel=\"noopener\">&#13;<br \/>\n                                    Anadolu Ajans\u0131 web sitesinde, AA Haber Ak\u0131\u015f Sistemi (HAS) \u00fczerinden abonelere sunulan haberler, \u00f6zetlenerek yay\u0131mlanmaktad\u0131r. <b style=\"color:#1897F7\">Abonelik i\u00e7in l\u00fctfen ileti\u015fime ge\u00e7iniz.<\/b>&#13;<br \/>\n                                <\/a>&#13;<br \/>\n                            <\/span>\n                        <\/div>\n<p><script>\n\t  window.fbAsyncInit = function() {\n\t\tFB.init({\n\t\t  appId: '1855843514662870',\n\t\t  status : true, \/\/ check login status\n\t\t  cookie : true, \/\/ enable cookies to allow the server to access the session\n\t\t  xfbml  : true  \/\/ parse XFBML\n\t\t});\n\t  };<\/p>\n<p>\t  (function() {\n\t\tvar e = document.createElement('script');\n\t\te.src=\"https:\/\/connect.facebook.net\/tr_TR\/all.js\";\n\t\te.async = true;\n\t\tdocument.getElementById('fb-root').appendChild(e);\n\t  }());\n    <\/script><\/p>\n","protected":false},"excerpt":{"rendered":"<p>Ressam Ganiye, ba\u015fkent Ba\u011fdat\u2019ta G\u00fczel Sanatlar Fak\u00fcltesi&#8217;ni tamamlad\u0131ktan sonra Saddam H\u00fcseyin rejiminin sanata kar\u015f\u0131 politikalar\u0131ndan dolay\u0131 1990&#8217;larda \u00fclkesini terk edip \u00dcrd\u00fcn\u2019e gitti. Amman&#8217;da resim sanat\u0131nda o d\u00f6nem \u00fclkesinde bulamad\u0131\u011f\u0131 ortamla tan\u0131\u015ft\u0131\u011f\u0131n\u0131 aktaran Ganiye, daha sonra daha \u00f6zg\u00fcr bir sanat hayat\u0131 i\u00e7in Kanada\u2019ya yerle\u015fti\u011fini s\u00f6yledi. Irakl\u0131 \u00fcnl\u00fc ressam, Kanada\u2019daki ya\u015fam\u0131 boyunca bir\u00e7ok Avrupa \u00fclkesi ve ABD\u2019de, [&hellip;]<\/p>\n","protected":false},"author":1,"featured_media":12449,"comment_status":"","ping_status":"","sticky":false,"template":"","format":"standard","meta":[],"categories":[50],"tags":[],"_links":{"self":[{"href":"https:\/\/kraios.app\/news\/wp-json\/wp\/v2\/posts\/12448"}],"collection":[{"href":"https:\/\/kraios.app\/news\/wp-json\/wp\/v2\/posts"}],"about":[{"href":"https:\/\/kraios.app\/news\/wp-json\/wp\/v2\/types\/post"}],"author":[{"embeddable":true,"href":"https:\/\/kraios.app\/news\/wp-json\/wp\/v2\/users\/1"}],"replies":[{"embeddable":true,"href":"https:\/\/kraios.app\/news\/wp-json\/wp\/v2\/comments?post=12448"}],"version-history":[{"count":0,"href":"https:\/\/kraios.app\/news\/wp-json\/wp\/v2\/posts\/12448\/revisions"}],"wp:featuredmedia":[{"embeddable":true,"href":"https:\/\/kraios.app\/news\/wp-json\/wp\/v2\/media\/12449"}],"wp:attachment":[{"href":"https:\/\/kraios.app\/news\/wp-json\/wp\/v2\/media?parent=12448"}],"wp:term":[{"taxonomy":"category","embeddable":true,"href":"https:\/\/kraios.app\/news\/wp-json\/wp\/v2\/categories?post=12448"},{"taxonomy":"post_tag","embeddable":true,"href":"https:\/\/kraios.app\/news\/wp-json\/wp\/v2\/tags?post=12448"}],"curies":[{"name":"wp","href":"https:\/\/api.w.org\/{rel}","templated":true}]}}