{"id":12440,"date":"2023-08-22T05:20:07","date_gmt":"2023-08-22T05:20:07","guid":{"rendered":"https:\/\/kraios.app\/news\/ekonomi\/2023\/08\/22\/borsa-istanbulda-gong-baydoner-icin-caldi\/"},"modified":"2023-08-22T05:20:07","modified_gmt":"2023-08-22T05:20:07","slug":"borsa-istanbulda-gong-baydoner-icin-caldi","status":"publish","type":"post","link":"https:\/\/kraios.app\/news\/ekonomi\/2023\/08\/22\/borsa-istanbulda-gong-baydoner-icin-caldi\/","title":{"rendered":"Borsa \u0130stanbul&#8217;da gong Bayd\u00f6ner i\u00e7in \u00e7ald\u0131"},"content":{"rendered":"<p> <br \/>\n<\/p>\n<div>\n<p>Bayd\u00f6ner Restoranlar\u0131 A\u015e, &#8220;Borsa&#8217;da sat\u0131\u015f-sabit fiyatla talep toplama ve sat\u0131\u015f&#8221; y\u00f6ntemiyle ger\u00e7ekle\u015fen halka arz s\u00fcrecinde yerli ve yabanc\u0131 yat\u0131r\u0131mc\u0131lardan talep g\u00f6rd\u00fc.<\/p>\n<p>\u015eirket, ger\u00e7ekle\u015ftirilen gong t\u00f6reninin ard\u0131ndan Borsa \u0130stanbul\u2019da &#8220;BYDNR&#8221; koduyla i\u015flem g\u00f6rmeye ba\u015flad\u0131. Bayd\u00f6ner&#8217;in halka arz\u0131, Halk Yat\u0131r\u0131m Menkul De\u011ferleri A\u015e taraf\u0131ndan olu\u015fturulan konsorsiyum arac\u0131l\u0131\u011f\u0131yla y\u00fcr\u00fct\u00fcld\u00fc.<\/p>\n<p>15-16 A\u011fustos&#8217;ta ger\u00e7ekle\u015fen talep toplama d\u00f6neminde, \u015firketin 18 milyon TL nominal de\u011ferli 18 milyon adet B grubu pay\u0131n halka arz\u0131na, 3,23 kat filtrelenmemi\u015f 58 milyon 129 bin 393 TL nominal de\u011ferli talep geldi. Bayd\u00f6ner&#8217;in halka arz\u0131nda 1 milyon 262 bin 310 adedi yurt i\u00e7i bireysel yat\u0131r\u0131mc\u0131, 1.851 adedi yurt d\u0131\u015f\u0131 bireysel yat\u0131r\u0131mc\u0131, 54 adedi yurt i\u00e7i kurumsal yat\u0131r\u0131mc\u0131 olmak \u00fczere toplamda 1 milyon 264 bin 215 yat\u0131r\u0131mc\u0131ya da\u011f\u0131t\u0131m ger\u00e7ekle\u015ftirildi.<\/p>\n<p>Borsa \u0130stanbul&#8217;da d\u00fczenlenen gong t\u00f6renine, Borsa \u0130stanbul A\u015e Genel M\u00fcd\u00fcr\u00fc Korkmaz Ergun, Bayd\u00f6ner Restoranlar\u0131 A\u015e Y\u00f6netim Kurulu Ba\u015fkan\u0131 Levent Y\u0131lmaz, Bayd\u00f6ner Restoranlar\u0131 A\u015e Y\u00f6netim Kurulu Ba\u015fkan Yard\u0131mc\u0131s\u0131 Ferudun Tuncer, Bayd\u00f6ner Restoranlar\u0131 A\u015e Y\u00f6netim Kurulu \u00dcyesi B\u00fclent Polat, Bayd\u00f6ner Restoranlar\u0131 A\u015e CFO&#8217;su Ali Yurtkul, Bayd\u00f6ner Restoranlar\u0131 A\u015e Stratejik Projeler Direkt\u00f6r\u00fc \u0130de G\u00fcrb\u00fcz ve Halk Yat\u0131r\u0131m A\u015e Genel M\u00fcd\u00fcr\u00fc B\u00fclent Sezgin kat\u0131ld\u0131.<\/p>\n<p>Korkmaz Ergun, t\u00f6rende yapt\u0131\u011f\u0131 konu\u015fmada, Bayd\u00f6ner&#8217;in T\u00fcrkiye&#8217;nin d\u00f6rt bir yan\u0131nda geni\u015f \u015fube a\u011f\u0131yla faaliyetlerini s\u00fcrd\u00fcrd\u00fc\u011f\u00fcn\u00fc ifade ederek, &#8220;Halka arz geliri ile bir yandan yeni \u015fube a\u00e7arak b\u00fcy\u00fcyecek olmas\u0131, di\u011fer yandan et i\u015fleme tesisi yat\u0131r\u0131m\u0131 yaparak \u00fcretim yapacak ve istihdam\u0131 art\u0131racak olmas\u0131 nedenleriyle \u015firketimizi Borsam\u0131zda g\u00f6rmekten dolay\u0131 \u00e7ok mutluyuz.&#8221; dedi.<\/p>\n<p>Bayd\u00f6ner gibi \u00f6zellikle markala\u015fm\u0131\u015f \u015firketlerin T\u00fcrkiye&#8217;nin birer milli de\u011feri oldu\u011funu aktaran Ergun, \u015funlar\u0131 kaydetti:<\/p>\n<p>&#8220;Kolay olu\u015fmayan marka de\u011ferlerimizin, bu milli de\u011ferlerimizin y\u0131llar sonra kay\u0131p olmamas\u0131, sonraki nesillere de sa\u011fl\u0131kl\u0131 bir bi\u00e7imde aktar\u0131labilmesi i\u00e7in, \u015firketlerimizin yat\u0131r\u0131mlar\u0131n\u0131 \u00f6zsermaye ile yapmalar\u0131 ve kurumsalla\u015fmalar\u0131n\u0131 artt\u0131rmalar\u0131 \u00e7ok \u00f6nemlidir. \u0130\u015fte bu noktada sermaye piyasalar\u0131n\u0131n sundu\u011fu imkanlar \u015firketlerimiz i\u00e7in \u00e7ok k\u0131ymetlidir. Bayd\u00f6ner, 378 milyon TL halka arz b\u00fcy\u00fckl\u00fc\u011f\u00fc ve 1 milyon 264 bin yat\u0131r\u0131mc\u0131 ile ba\u015far\u0131l\u0131 bir halka arz ger\u00e7ekle\u015ftirmi\u015ftir. Bu ba\u015far\u0131l\u0131 halka arz s\u00fcrecinde eme\u011fi ge\u00e7en herkese, t\u00fcm \u015firket \u00e7al\u0131\u015fanlar\u0131na ve arac\u0131 kuruma te\u015fekk\u00fcr ediyorum. Bu halka arz\u0131n sermaye piyasalar\u0131na hay\u0131rl\u0131 olmas\u0131n\u0131 ve Bayd\u00f6ner&#8217;in sofras\u0131ndaki bereketinin sermaye piyasas\u0131nda da devam etmesini diliyor, Bayd\u00f6ner&#8217;e &#8216;Borsam\u0131z ailesine ho\u015f geldiniz&#8217; diyorum.&#8221;<\/p>\n<h3>&#8220;Yarataca\u011f\u0131m\u0131z en b\u00fcy\u00fck de\u011fer, \u00fclkemizin ekonomik ve sosyal geli\u015fimine katk\u0131da bulunmak olacak&#8221;<\/h3>\n<p>Bayd\u00f6ner Restoranlar\u0131 A\u015e Y\u00f6netim Kurulu Ba\u015fkan\u0131 Levent Y\u0131lmaz da \u015firketleri i\u00e7in bir d\u00f6n\u00fcm noktas\u0131 olarak de\u011ferlendirdikleri ve s\u00fcrd\u00fcr\u00fclebilir ba\u015far\u0131n\u0131n teminat\u0131 olarak g\u00f6rd\u00fckleri bug\u00fcn\u00fcn, ayn\u0131 zamanda kendilerine b\u00fcy\u00fck bir sorumluluk y\u00fckledi\u011fini ifade etti.<\/p>\n<p>Y\u0131lmaz, &#8220;Nihai olarak toplumsal kalk\u0131nmay\u0131 hedef alan her \u015firket gibi bundan \u00f6nce nas\u0131lsa bundan sonra da yarataca\u011f\u0131m\u0131z en b\u00fcy\u00fck de\u011fer, \u00fclkemizin ekonomik ve sosyal geli\u015fimine katk\u0131da bulunmak olacakt\u0131r. S\u00f6z\u00fcn\u00fc \u015fimdi ve burada vermek isterim ki, operasyonlar\u0131n\u0131 insana, topluma, \u00e7evreye ve d\u00fcnya gezegenine y\u00f6nelik sorumluluk bilinciyle y\u00fcr\u00fcten, \u015feffafl\u0131\u011f\u0131 benimseyen, \u00fcreten, hizmet eden, yat\u0131r\u0131m yapan ve istihdam yaratan bir kurulu\u015f olarak daha nice y\u0131llar varl\u0131\u011f\u0131m\u0131z\u0131 s\u00fcrd\u00fcrece\u011fiz. Payda\u015fl\u0131k k\u00fclt\u00fcr\u00fcn\u00fc benimseyen, birlikte b\u00fcy\u00fcmeye inanarak bize yat\u0131r\u0131m yapan, bireysel ve kurumsal t\u00fcm sayg\u0131de\u011fer yat\u0131r\u0131mc\u0131lar\u0131m\u0131za tevecc\u00fchlerinden \u00f6t\u00fcr\u00fc \u00e7ok te\u015fekk\u00fcr ediyorum.&#8221; de\u011ferlendirmesinde bulundu.<\/p>\n<p>2021 y\u0131l\u0131nda salg\u0131n s\u0131n\u0131rlamalar\u0131n\u0131n 1 Temmuz 2021 itibar\u0131yla kald\u0131r\u0131lmas\u0131 neticesinde faaliyetlerine y\u0131l\u0131n ikinci yar\u0131s\u0131 tam kapasite ba\u015flayan Bayd\u00f6ner, 2021 y\u0131l\u0131nda net sat\u0131\u015f gelirlerini bir \u00f6nceki y\u0131la g\u00f6re y\u00fczde 78 art\u0131rarak 278 milyon 900 bin 205 TL&#8217;ye y\u00fckseltmi\u015fti. 2022 y\u0131l\u0131nda net sat\u0131\u015f gelirini y\u00fczde 198 art\u0131\u015fla 830 milyon 644 bin 508 TL&#8217;ye \u00e7\u0131karan \u015firketin net kar\u0131nda ise y\u00fczde 29 y\u00fckseli\u015f kaydedilmi\u015fti. \u015eirket, 2022&#8217;nin mart sonu 152 milyon 31 bin 886 TL, 2023&#8217;\u00fcn mart sonu 284 milyon 641 bin 047 TL net sat\u0131\u015f gelirine ula\u015farak bir \u00f6nceki y\u0131l\u0131n ayn\u0131 d\u00f6nemine g\u00f6re y\u00fczde 87 b\u00fcy\u00fcm\u00fc\u015ft\u00fc.<\/p>\n<p>Bayd\u00f6ner, halka arz yoluyla ihra\u00e7 edilen yeni paylar ile elde edilecek fonu, a\u011f\u0131rl\u0131kl\u0131 olarak \u015firketin faaliyetlerini b\u00fcy\u00fctme ve yeni yat\u0131r\u0131mlar\u0131n finansman\u0131 i\u00e7in kullan\u0131lacak.<\/p>\n<p>                            <span class=\"detay-foto-editor\">&#13;<br \/>\n                                <a href=\"https:\/\/www.aa.com.tr\/tr\/p\/abonelik-talep-formu\/1001\" target=\"_blank\" style=\"font-size:12px; color:#444; text-decoration:none;\" rel=\"noopener\">&#13;<br \/>\n                                    Anadolu Ajans\u0131 web sitesinde, AA Haber Ak\u0131\u015f Sistemi (HAS) \u00fczerinden abonelere sunulan haberler, \u00f6zetlenerek yay\u0131mlanmaktad\u0131r. <b style=\"color:#1897F7\">Abonelik i\u00e7in l\u00fctfen ileti\u015fime ge\u00e7iniz.<\/b>&#13;<br \/>\n                                <\/a>&#13;<br \/>\n                            <\/span>\n                        <\/div>\n<p><script>\n\t  window.fbAsyncInit = function() {\n\t\tFB.init({\n\t\t  appId: '1855843514662870',\n\t\t  status : true, \/\/ check login status\n\t\t  cookie : true, \/\/ enable cookies to allow the server to access the session\n\t\t  xfbml  : true  \/\/ parse XFBML\n\t\t});\n\t  };<\/p>\n<p>\t  (function() {\n\t\tvar e = document.createElement('script');\n\t\te.src=\"https:\/\/connect.facebook.net\/tr_TR\/all.js\";\n\t\te.async = true;\n\t\tdocument.getElementById('fb-root').appendChild(e);\n\t  }());\n    <\/script><br \/>\n<br \/><br \/>\n<br \/><a href=\"https:\/\/www.aa.com.tr\/tr\/ekonomi\/borsa-istanbulda-gong-baydoner-icin-caldi\/2972780\">Source link <\/a><\/p>\n","protected":false},"excerpt":{"rendered":"<p>Bayd\u00f6ner Restoranlar\u0131 A\u015e, &#8220;Borsa&#8217;da sat\u0131\u015f-sabit fiyatla talep toplama ve sat\u0131\u015f&#8221; y\u00f6ntemiyle ger\u00e7ekle\u015fen halka arz s\u00fcrecinde yerli ve yabanc\u0131 yat\u0131r\u0131mc\u0131lardan talep g\u00f6rd\u00fc. \u015eirket, ger\u00e7ekle\u015ftirilen gong t\u00f6reninin ard\u0131ndan Borsa \u0130stanbul\u2019da &#8220;BYDNR&#8221; koduyla i\u015flem g\u00f6rmeye ba\u015flad\u0131. Bayd\u00f6ner&#8217;in halka arz\u0131, Halk Yat\u0131r\u0131m Menkul De\u011ferleri A\u015e taraf\u0131ndan olu\u015fturulan konsorsiyum arac\u0131l\u0131\u011f\u0131yla y\u00fcr\u00fct\u00fcld\u00fc. 15-16 A\u011fustos&#8217;ta ger\u00e7ekle\u015fen talep toplama d\u00f6neminde, \u015firketin 18 milyon [&hellip;]<\/p>\n","protected":false},"author":1,"featured_media":12441,"comment_status":"","ping_status":"","sticky":false,"template":"","format":"standard","meta":[],"categories":[44],"tags":[],"_links":{"self":[{"href":"https:\/\/kraios.app\/news\/wp-json\/wp\/v2\/posts\/12440"}],"collection":[{"href":"https:\/\/kraios.app\/news\/wp-json\/wp\/v2\/posts"}],"about":[{"href":"https:\/\/kraios.app\/news\/wp-json\/wp\/v2\/types\/post"}],"author":[{"embeddable":true,"href":"https:\/\/kraios.app\/news\/wp-json\/wp\/v2\/users\/1"}],"replies":[{"embeddable":true,"href":"https:\/\/kraios.app\/news\/wp-json\/wp\/v2\/comments?post=12440"}],"version-history":[{"count":0,"href":"https:\/\/kraios.app\/news\/wp-json\/wp\/v2\/posts\/12440\/revisions"}],"wp:featuredmedia":[{"embeddable":true,"href":"https:\/\/kraios.app\/news\/wp-json\/wp\/v2\/media\/12441"}],"wp:attachment":[{"href":"https:\/\/kraios.app\/news\/wp-json\/wp\/v2\/media?parent=12440"}],"wp:term":[{"taxonomy":"category","embeddable":true,"href":"https:\/\/kraios.app\/news\/wp-json\/wp\/v2\/categories?post=12440"},{"taxonomy":"post_tag","embeddable":true,"href":"https:\/\/kraios.app\/news\/wp-json\/wp\/v2\/tags?post=12440"}],"curies":[{"name":"wp","href":"https:\/\/api.w.org\/{rel}","templated":true}]}}