{"id":12405,"date":"2023-08-21T13:20:17","date_gmt":"2023-08-21T13:20:17","guid":{"rendered":"https:\/\/kraios.app\/news\/spor\/2023\/08\/21\/bakan-bak-avrupa-sampiyonasinda-madalya-kazanan-paralimpik-sporculari-tebrik-etti\/"},"modified":"2023-08-21T13:20:17","modified_gmt":"2023-08-21T13:20:17","slug":"bakan-bak-avrupa-sampiyonasinda-madalya-kazanan-paralimpik-sporculari-tebrik-etti","status":"publish","type":"post","link":"https:\/\/kraios.app\/news\/spor\/2023\/08\/21\/bakan-bak-avrupa-sampiyonasinda-madalya-kazanan-paralimpik-sporculari-tebrik-etti\/","title":{"rendered":"Bakan Bak, Avrupa \u015eampiyonas\u0131&#039;nda madalya kazanan paralimpik sporcular\u0131 tebrik etti"},"content":{"rendered":"<p>Gen\u00e7lik ve Spor Bakan\u0131 Osman A\u015fk\u0131n Bak, Hollanda&#8217;daki Avrupa \u015eampiyonas\u0131&#8217;nda 52 madalya kazanan paralimpik sporcular\u0131 yay\u0131mlad\u0131\u011f\u0131 mesajla kutlad\u0131.<\/p>\n","protected":false},"excerpt":{"rendered":"<p>Gen\u00e7lik ve Spor Bakan\u0131 Osman A\u015fk\u0131n Bak, Hollanda&#8217;daki Avrupa \u015eampiyonas\u0131&#8217;nda 52 madalya kazanan paralimpik sporcular\u0131 yay\u0131mlad\u0131\u011f\u0131 mesajla kutlad\u0131.<\/p>\n","protected":false},"author":1,"featured_media":12406,"comment_status":"","ping_status":"","sticky":false,"template":"","format":"standard","meta":[],"categories":[48],"tags":[],"_links":{"self":[{"href":"https:\/\/kraios.app\/news\/wp-json\/wp\/v2\/posts\/12405"}],"collection":[{"href":"https:\/\/kraios.app\/news\/wp-json\/wp\/v2\/posts"}],"about":[{"href":"https:\/\/kraios.app\/news\/wp-json\/wp\/v2\/types\/post"}],"author":[{"embeddable":true,"href":"https:\/\/kraios.app\/news\/wp-json\/wp\/v2\/users\/1"}],"replies":[{"embeddable":true,"href":"https:\/\/kraios.app\/news\/wp-json\/wp\/v2\/comments?post=12405"}],"version-history":[{"count":0,"href":"https:\/\/kraios.app\/news\/wp-json\/wp\/v2\/posts\/12405\/revisions"}],"wp:featuredmedia":[{"embeddable":true,"href":"https:\/\/kraios.app\/news\/wp-json\/wp\/v2\/media\/12406"}],"wp:attachment":[{"href":"https:\/\/kraios.app\/news\/wp-json\/wp\/v2\/media?parent=12405"}],"wp:term":[{"taxonomy":"category","embeddable":true,"href":"https:\/\/kraios.app\/news\/wp-json\/wp\/v2\/categories?post=12405"},{"taxonomy":"post_tag","embeddable":true,"href":"https:\/\/kraios.app\/news\/wp-json\/wp\/v2\/tags?post=12405"}],"curies":[{"name":"wp","href":"https:\/\/api.w.org\/{rel}","templated":true}]}}