{"id":12401,"date":"2023-08-21T11:20:06","date_gmt":"2023-08-21T11:20:06","guid":{"rendered":"https:\/\/kraios.app\/news\/yasam\/2023\/08\/21\/tekirdagda-ayagina-misina-dolanan-martiyi-vatandaslar-kurtardi\/"},"modified":"2023-08-21T11:20:06","modified_gmt":"2023-08-21T11:20:06","slug":"tekirdagda-ayagina-misina-dolanan-martiyi-vatandaslar-kurtardi","status":"publish","type":"post","link":"https:\/\/kraios.app\/news\/yasam\/2023\/08\/21\/tekirdagda-ayagina-misina-dolanan-martiyi-vatandaslar-kurtardi\/","title":{"rendered":"Tekirda\u011f&#039;da aya\u011f\u0131na misina dolanan mart\u0131y\u0131 vatanda\u015flar kurtard\u0131"},"content":{"rendered":"<p>Tekirda\u011f&#8217;\u0131n S\u00fcleymanpa\u015fa il\u00e7esinde aya\u011f\u0131na misina dolanan mart\u0131y\u0131 vatanda\u015flar kurtard\u0131.<\/p>\n","protected":false},"excerpt":{"rendered":"<p>Tekirda\u011f&#8217;\u0131n S\u00fcleymanpa\u015fa il\u00e7esinde aya\u011f\u0131na misina dolanan mart\u0131y\u0131 vatanda\u015flar kurtard\u0131.<\/p>\n","protected":false},"author":1,"featured_media":12402,"comment_status":"","ping_status":"","sticky":false,"template":"","format":"standard","meta":[],"categories":[50],"tags":[],"_links":{"self":[{"href":"https:\/\/kraios.app\/news\/wp-json\/wp\/v2\/posts\/12401"}],"collection":[{"href":"https:\/\/kraios.app\/news\/wp-json\/wp\/v2\/posts"}],"about":[{"href":"https:\/\/kraios.app\/news\/wp-json\/wp\/v2\/types\/post"}],"author":[{"embeddable":true,"href":"https:\/\/kraios.app\/news\/wp-json\/wp\/v2\/users\/1"}],"replies":[{"embeddable":true,"href":"https:\/\/kraios.app\/news\/wp-json\/wp\/v2\/comments?post=12401"}],"version-history":[{"count":0,"href":"https:\/\/kraios.app\/news\/wp-json\/wp\/v2\/posts\/12401\/revisions"}],"wp:featuredmedia":[{"embeddable":true,"href":"https:\/\/kraios.app\/news\/wp-json\/wp\/v2\/media\/12402"}],"wp:attachment":[{"href":"https:\/\/kraios.app\/news\/wp-json\/wp\/v2\/media?parent=12401"}],"wp:term":[{"taxonomy":"category","embeddable":true,"href":"https:\/\/kraios.app\/news\/wp-json\/wp\/v2\/categories?post=12401"},{"taxonomy":"post_tag","embeddable":true,"href":"https:\/\/kraios.app\/news\/wp-json\/wp\/v2\/tags?post=12401"}],"curies":[{"name":"wp","href":"https:\/\/api.w.org\/{rel}","templated":true}]}}